{"id":8711,"date":"2017-09-01T21:44:32","date_gmt":"2017-09-02T00:44:32","guid":{"rendered":"http:\/\/nautic.wnpower.host\/?p=8711"},"modified":"2017-09-01T21:44:32","modified_gmt":"2017-09-02T00:44:32","slug":"catamaran-world-championship-polonia","status":"publish","type":"post","link":"https:\/\/nautica.news\/es\/catamaran-world-championship-polonia\/","title":{"rendered":"Catamaran World Championship, Polonia"},"content":{"rendered":"<div class=\"title-post\">\n<h3><\/h3>\n<h2>Catamaran World Championship, Polonia<\/h2>\n<h3>Abd\u00f3n Ib\u00e1\u00f1ez, campe\u00f3n del mundo Grand Master de Clase A<\/h3>\n<\/div>\n<div class=\"post-gallery\"><\/div>\n<div class=\"the-content\">\n<p><strong>El pasado fin de semana, el regatista del Real Club N\u00e1utico de Valencia Abd\u00f3n Ib\u00e1\u00f1ez cerraba un gran mes para el club, alz\u00e1ndose con el t\u00edtulo de Campe\u00f3n del Mundo de Clase A en la categor\u00eda Grand Master (mayores de 50 a\u00f1os) en el mundial celebrado en Sopot, Polonia, del 19 al 26 de agosto.<\/strong><\/p>\n<div class=\"googlepublisherpluginad\"><\/div>\n<p>El regatista valenciano logr\u00f3 un und\u00e9cimo puesto general en una prueba que cont\u00f3 con la presencia de 125 regatistas que se cuentan entre los mejores del mundo, quedando por delante de ol\u00edmpicos espa\u00f1oles como Ant\u00f3n Paz o Gustazo Doreste. Por su parte, Toni Ballester, tambi\u00e9n del RCN Valencia, qued\u00f3 el el puesto 50 formando parte de la flota oro del mundial.<\/p>\n<p><em>\u201cHa sido una regata muy bonita porque ha sido muy variada. Esper\u00e1bamos que el B\u00e1ltico fuera un mar muy plano pero estuvo muy variado con condiciones cambiantes. El gran tema de este mundial era saber qu\u00e9 barcos pod\u00edan volar en ce\u00f1ida y cu\u00e1les no. La flota navegaba bastante junta y anunciaba una regata muy re\u00f1ida. En la primera jornada de competici\u00f3n consegu\u00ed hacer buenos resultados que ya me situaban en la parte alta de la tabla. El segundo d\u00eda sali\u00f3 un viento muy parecido al garb\u00ed de Valencia con mucha ola, lo que nos vino muy bien. Ese fue el d\u00eda que consegu\u00ed mis mejores resultados, un quinto y un sexto puesto. Fue especialmente duro porque despu\u00e9s de la ma\u00f1ana navegando volvimos a tierra y la flota se dividi\u00f3 en oro y plata y a\u00fan volvimos al agua a disputar otra manga\u201d.<\/em><\/p>\n<p><em>\u201cEl tercer d\u00eda hubo temporal con rayos y el comit\u00e9 decidi\u00f3 que regres\u00e1ramos a tierra. Y finalmente el jueves hicimos tres mangas con poco viento. El campeonato ha estado muy interesante por la variedad de condiciones meteorol\u00f3gicas, y estoy muy contento porque he hecho muy buenos resultados e incluso he estado a punto de llevarme una manga. He sido el und\u00e9cimo de la general, superando a regatistas ol\u00edmpicos como Ant\u00f3n Paz o Gustavo Doreste y el siguiente objetivo es llegar al top 10 del mundo\u201d.<\/em><\/p>\n<p>&nbsp;<\/p>\n<\/div>\n","protected":false},"excerpt":{"rendered":"<p>Catamaran World Championship, Polonia Abd\u00f3n Ib\u00e1\u00f1ez, campe\u00f3n del mundo Grand Master de Clase A El pasado fin de semana, el regatista del Real Club N\u00e1utico de Valencia Abd\u00f3n Ib\u00e1\u00f1ez cerraba un gran mes para el club, alz\u00e1ndose con el t\u00edtulo de Campe\u00f3n del Mundo de Clase A en la categor\u00eda Grand Master (mayores de 50 [&hellip;]<\/p>\n","protected":false},"author":1,"featured_media":8712,"comment_status":"closed","ping_status":"closed","sticky":false,"template":"","format":"standard","meta":{"_jetpack_memberships_contains_paid_content":false,"footnotes":""},"categories":[100],"tags":[],"class_list":{"0":"post-8711","1":"post","2":"type-post","3":"status-publish","4":"format-standard","5":"has-post-thumbnail","7":"category-yachting"},"jetpack_featured_media_url":"","jetpack_sharing_enabled":true,"jetpack-related-posts":[],"_links":{"self":[{"href":"https:\/\/nautica.news\/es\/wp-json\/wp\/v2\/posts\/8711","targetHints":{"allow":["GET"]}}],"collection":[{"href":"https:\/\/nautica.news\/es\/wp-json\/wp\/v2\/posts"}],"about":[{"href":"https:\/\/nautica.news\/es\/wp-json\/wp\/v2\/types\/post"}],"author":[{"embeddable":true,"href":"https:\/\/nautica.news\/es\/wp-json\/wp\/v2\/users\/1"}],"replies":[{"embeddable":true,"href":"https:\/\/nautica.news\/es\/wp-json\/wp\/v2\/comments?post=8711"}],"version-history":[{"count":0,"href":"https:\/\/nautica.news\/es\/wp-json\/wp\/v2\/posts\/8711\/revisions"}],"wp:featuredmedia":[{"embeddable":true,"href":"https:\/\/nautica.news\/es\/wp-json\/"}],"wp:attachment":[{"href":"https:\/\/nautica.news\/es\/wp-json\/wp\/v2\/media?parent=8711"}],"wp:term":[{"taxonomy":"category","embeddable":true,"href":"https:\/\/nautica.news\/es\/wp-json\/wp\/v2\/categories?post=8711"},{"taxonomy":"post_tag","embeddable":true,"href":"https:\/\/nautica.news\/es\/wp-json\/wp\/v2\/tags?post=8711"}],"curies":[{"name":"wp","href":"https:\/\/api.w.org\/{rel}","templated":true}]}}