{"id":59572,"date":"2026-09-04T22:19:19","date_gmt":"2026-09-04T22:19:19","guid":{"rendered":"https:\/\/nautica.news\/es\/?p=59572"},"modified":"2026-09-04T22:19:19","modified_gmt":"2026-09-04T22:19:19","slug":"sailgp-ya-es-una-realidad-en-valencia","status":"publish","type":"post","link":"https:\/\/nautica.news\/es\/sailgp-ya-es-una-realidad-en-valencia\/","title":{"rendered":"SailGP ya es una realidad en  Valencia"},"content":{"rendered":"<h1>SailGP \u00a0Valencia<\/h1>\n<p><strong>Los equipos han disputado los entrenamientos oficiales en aguas valencianas.<\/strong><\/p>\n<p><strong>Tambi\u00e9n se ha celebrado la rueda de prensa previa al evento que ha contado con diferentes atletas, instituciones valencianas y los m\u00e1ximos representantes de SailGP.<\/strong><\/p>\n<p>&nbsp;<\/p>\n<p><span data-originalfontsize=\"15px\" data-originalcomputedfontsize=\"15\">Los catamaranes F50 de SailGP en aguas valencianas ya son una realidad con los primeros entrenamientos oficiales. La ciudad ya se encuentra inmersa totalmente en plena actividad n\u00e1utica. Los Gallos SailGP Team han sido los m\u00e1s r\u00e1pidos en dos de las carreras de entrenamiento disputadas y han conseguido la tercera posici\u00f3n en la \u00faltima de ellas. En un d\u00eda soleado y con viento estable, todos los equipos han debutado en el circuito de carreras tras la rueda de prensa celebrada en el Palau de Les Arts esta ma\u00f1ana ha contado con la intervenci\u00f3n de sir Russell Coutts, CEO de SailGP; Jos\u00e9 Diez, Vicepresidente segundo y conseller de Presidencia de la Generalitat Valenciana y los atletas de Los Gallos SailGP Team, Diego Bot\u00edn y Nicole van der Velden.<\/span><\/p>\n<p><span data-originalfontsize=\"15px\" data-originalcomputedfontsize=\"15\">\u201cValencia es un lugar fant\u00e1stico por muchas cosas, entre ellas su conectividad internacional. Espero que tengamos unas grandes carreras este fin de semana. En esta ocasi\u00f3n hemos podido montar el estadio pegado a la zona de acci\u00f3n y estoy convencido de que los fans van a disfrutar durante todo el fin de semana\u201d, ha declarado Coutts.<\/span><\/p>\n<p><span data-originalfontsize=\"15px\" data-originalcomputedfontsize=\"15\">Por su parte, Jose Diez ha se\u00f1alado que tres a\u00f1os de trabajo \u201cculminan por fin en esta esperada cita. En el Ayuntamiento de Valencia, la Diputaci\u00f3n y Generalitat Valenciana hemos trabajo de la mano con el sector y con el equipo de SailGP para que esto fuera una realidad\u201d. El Vicepresidente ha destacado tambi\u00e9n que esta competici\u00f3n \u201ces sin\u00f3nimo de tecnolog\u00eda, emoci\u00f3n y espect\u00e1culo y es un gran orgullo que est\u00e9 aqu\u00ed\u201d.<\/span><\/p>\n<p><span data-originalfontsize=\"15px\" data-originalcomputedfontsize=\"15\">M\u00e1s tarde ha llegado el turno de los atletas, el piloto del equipo espa\u00f1ol, Diego Bot\u00edn ha explicado que para ellos significa mucho competir en casa. \u201cTenemos la suerte de poder hacerlo una vez al a\u00f1o. Ahora mismo estamos bien colocados en la clasificaci\u00f3n pero no podemos tener un mal d\u00eda. En Valencia tenemos que seguir concentrados y dar nuestro mejor nivel con el apoyo de la afici\u00f3n\u201d.<\/span><\/p>\n<p><span data-originalfontsize=\"15px\" data-originalcomputedfontsize=\"15\">Las \u00faltimas entradas para vivir el Spain Sail Grand Prix | Valencia est\u00e1n a la venta aqu\u00ed: <\/span><a href=\"https:\/\/services.hosting.augure.com\/Response\/dbSJL\/%7Bd8328c76-f0be-43b2-8a50-ddf0204aee02%7D\" target=\"_blank\" rel=\"noopener\" data-saferedirecturl=\"https:\/\/www.google.com\/url?q=https:\/\/services.hosting.augure.com\/Response\/dbSJL\/%257Bd8328c76-f0be-43b2-8a50-ddf0204aee02%257D&amp;source=gmail&amp;ust=1788645914480000&amp;usg=AOvVaw20xss_BnxRzqsqNTyhCH0K\"><span data-originalfontsize=\"15px\" data-originalcomputedfontsize=\"15\">https:\/\/tickets.sailgp.com\/<wbr \/>valencia\/<\/span><\/a><span data-originalfontsize=\"15px\" data-originalcomputedfontsize=\"15\">. La competici\u00f3n de carreras n\u00e1uticas en catamaranes F50 son capaces de superar los 100 km\/h sobre el mar.<\/span><\/p>\n","protected":false},"excerpt":{"rendered":"<p>SailGP \u00a0Valencia Los equipos han disputado los entrenamientos oficiales en aguas valencianas. Tambi\u00e9n se ha celebrado la rueda de prensa previa al evento que ha contado con diferentes atletas, instituciones valencianas y los m\u00e1ximos representantes de SailGP. &nbsp; Los catamaranes F50 de SailGP en aguas valencianas ya son una realidad con los primeros entrenamientos oficiales. [&hellip;]<\/p>\n","protected":false},"author":1,"featured_media":59573,"comment_status":"open","ping_status":"open","sticky":false,"template":"","format":"standard","meta":{"_jetpack_newsletter_access":"","_jetpack_dont_email_post_to_subs":false,"_jetpack_newsletter_tier_id":0,"_jetpack_memberships_contains_paywalled_content":false,"_jetpack_memberships_contains_paid_content":false,"footnotes":""},"categories":[2978],"tags":[526,321],"class_list":["post-59572","post","type-post","status-publish","format-standard","has-post-thumbnail","category-espana","tag-sailgp","tag-valencia"],"jetpack_featured_media_url":"https:\/\/nautica.news\/es\/wp-content\/uploads\/sites\/2\/2026\/09\/IMG_3097.jpeg","jetpack_sharing_enabled":true,"jetpack-related-posts":[],"_links":{"self":[{"href":"https:\/\/nautica.news\/es\/wp-json\/wp\/v2\/posts\/59572","targetHints":{"allow":["GET"]}}],"collection":[{"href":"https:\/\/nautica.news\/es\/wp-json\/wp\/v2\/posts"}],"about":[{"href":"https:\/\/nautica.news\/es\/wp-json\/wp\/v2\/types\/post"}],"author":[{"embeddable":true,"href":"https:\/\/nautica.news\/es\/wp-json\/wp\/v2\/users\/1"}],"replies":[{"embeddable":true,"href":"https:\/\/nautica.news\/es\/wp-json\/wp\/v2\/comments?post=59572"}],"version-history":[{"count":1,"href":"https:\/\/nautica.news\/es\/wp-json\/wp\/v2\/posts\/59572\/revisions"}],"predecessor-version":[{"id":59574,"href":"https:\/\/nautica.news\/es\/wp-json\/wp\/v2\/posts\/59572\/revisions\/59574"}],"wp:featuredmedia":[{"embeddable":true,"href":"https:\/\/nautica.news\/es\/wp-json\/wp\/v2\/media\/59573"}],"wp:attachment":[{"href":"https:\/\/nautica.news\/es\/wp-json\/wp\/v2\/media?parent=59572"}],"wp:term":[{"taxonomy":"category","embeddable":true,"href":"https:\/\/nautica.news\/es\/wp-json\/wp\/v2\/categories?post=59572"},{"taxonomy":"post_tag","embeddable":true,"href":"https:\/\/nautica.news\/es\/wp-json\/wp\/v2\/tags?post=59572"}],"curies":[{"name":"wp","href":"https:\/\/api.w.org\/{rel}","templated":true}]}}