{"id":58760,"date":"2026-04-30T12:01:06","date_gmt":"2026-04-30T12:01:06","guid":{"rendered":"https:\/\/nautica.news\/es\/?p=58760"},"modified":"2026-04-30T12:01:06","modified_gmt":"2026-04-30T12:01:06","slug":"salon-nautico-de-palma-2026","status":"publish","type":"post","link":"https:\/\/nautica.news\/es\/salon-nautico-de-palma-2026\/","title":{"rendered":"SAL\u00d3N N\u00c1UTICO DE PALMA 2026"},"content":{"rendered":"<h2 class=\"post-title\"><span class=\"post-title-inner\">SAL\u00d3N N\u00c1UTICO INTERNACIONAL DE PALMA DE MALLORCA<\/span><\/h2>\n<p data-start=\"133\" data-end=\"548\"><strong><br \/>\nEl Sal\u00f3n N\u00e1utico Internacional de Palma (PIBS) 2026 abri\u00f3 \u00a0sus puertas este mi\u00e9rcoles en Moll Vell \u00a0hasta el 2 de mayo.<br \/>\nEl Sal\u00f3n N\u00e1utico de Palma en esta nueva edici\u00f3n, con una trayectoria de m\u00e1s de cuatro d\u00e9cadas, reune a 310 expositores , m\u00e1s de 600 embarcaciones, . Se prev\u00e9 la asistencia de alrededor de 30.000 visitantes.<\/strong><\/p>\n<p data-start=\"550\" data-end=\"806\">Reconocida como la primera gran feria n\u00e1utica abierta al p\u00fablico de la temporada mediterr\u00e1nea, PIBS 2026 est\u00e1 organizada por ADR Balears, dependiente de la Consejer\u00eda de Empresa, Aut\u00f3nomos y Energ\u00eda, junto a la Asociaci\u00f3n Balear de Agentes de Yates (BYBA).<\/p>\n<p data-start=\"808\" data-end=\"1158\">En la previa del evento, el consejero Alejandro S\u00e1enz de San Pedro destac\u00f3 que la feria refleja el desarrollo del sector n\u00e1utico en Espa\u00f1a, especialmente en Baleares, con foco no solo en la construcci\u00f3n naval, sino tambi\u00e9n en actividades clave como mantenimiento, reparaci\u00f3n, servicios portuarios, distribuci\u00f3n y toda la industria auxiliar vinculada.<\/p>\n<p data-start=\"1160\" data-end=\"1381\">En esa l\u00ednea, subray\u00f3 que el crecimiento sostenido del evento ha ido de la mano del fortalecimiento del sector, con altos niveles de fidelizaci\u00f3n entre las empresas participantes y un impacto directo en la econom\u00eda local.<\/p>\n<p data-start=\"1383\" data-end=\"1527\">Uno de los rasgos distintivos del sal\u00f3n de Palma es su amplia exhibici\u00f3n de grandes veleros, considerada la m\u00e1s importante de Europa en su tipo.<\/p>\n<p data-start=\"1529\" data-end=\"1764\">La feria re\u00fane a expositores nacionales e internacionales que presentan sus \u00faltimas innovaciones en embarcaciones y servicios, abarcando desde yates de distintos tama\u00f1os hasta propuestas de equipamiento, asistencia t\u00e9cnica y corretaje.<\/p>\n<p data-start=\"1766\" data-end=\"2133\">PIBS 2026 se organiza en tres \u00e1reas principales. En Moll Vell se ubican los sectores de Astilleros y Equipamiento y la Superyacht Village, mientras que el Centro de Nuevas Construcciones de Superyates se localiza en Marina Port de Mallorca. Este \u00faltimo espacio, incorporado recientemente, dispone de 21 amarres de gran porte y re\u00fane a m\u00e1s de 20 expositores en tierra.<\/p>\n<p data-start=\"2135\" data-end=\"2536\">El \u00e1rea de Astilleros y Equipamiento exhibe embarcaciones de hasta 35 metros, junto a proveedores y empresas del sector. Por su parte, la Superyacht Village presenta unidades de m\u00e1s de 24 metros disponibles para venta o alquiler, orientadas a profesionales. En tanto, el Centro de Nuevas Construcciones concentra megayates a vela de m\u00e1s de 35 metros, adem\u00e1s de estudios de dise\u00f1o y arquitectura naval.<\/p>\n<p data-start=\"2538\" data-end=\"2830\">El impacto econ\u00f3mico del evento es significativo. Seg\u00fan estimaciones oficiales, genera alrededor de 21 millones de euros, adem\u00e1s de contribuir a dinamizar el turismo en temporada baja, consolid\u00e1ndose como una plataforma clave tanto para la industria n\u00e1utica como para la econom\u00eda de Baleares.<\/p>\n<p data-start=\"2832\" data-end=\"3067\" data-is-last-node=\"\" data-is-only-node=\"\">Como antesala del sal\u00f3n, se realiza el Foro Mediterr\u00e1neo de Superyates, organizado por el Balearic Marine Cluster con el apoyo de ADR Balears y en colaboraci\u00f3n con The Superyacht Group, reforzando el perfil internacional del encuentro.<\/p>\n","protected":false},"excerpt":{"rendered":"<p>SAL\u00d3N N\u00c1UTICO INTERNACIONAL DE PALMA DE MALLORCA El Sal\u00f3n N\u00e1utico Internacional de Palma (PIBS) 2026 abri\u00f3 \u00a0sus puertas este mi\u00e9rcoles en Moll Vell \u00a0hasta el 2 de mayo. El Sal\u00f3n N\u00e1utico de Palma en esta nueva edici\u00f3n, con una trayectoria de m\u00e1s de cuatro d\u00e9cadas, reune a 310 expositores , m\u00e1s de 600 embarcaciones, . [&hellip;]<\/p>\n","protected":false},"author":1,"featured_media":58763,"comment_status":"open","ping_status":"open","sticky":false,"template":"","format":"standard","meta":{"_jetpack_memberships_contains_paid_content":false,"footnotes":""},"categories":[2978,82],"tags":[2655],"class_list":{"0":"post-58760","1":"post","2":"type-post","3":"status-publish","4":"format-standard","5":"has-post-thumbnail","7":"category-espana","8":"category-nautica","9":"tag-salon-nautico-de-palma"},"jetpack_featured_media_url":"https:\/\/nautica.news\/es\/wp-content\/uploads\/sites\/2\/2026\/04\/IMG_2208.jpeg","jetpack_sharing_enabled":true,"jetpack-related-posts":[],"_links":{"self":[{"href":"https:\/\/nautica.news\/es\/wp-json\/wp\/v2\/posts\/58760","targetHints":{"allow":["GET"]}}],"collection":[{"href":"https:\/\/nautica.news\/es\/wp-json\/wp\/v2\/posts"}],"about":[{"href":"https:\/\/nautica.news\/es\/wp-json\/wp\/v2\/types\/post"}],"author":[{"embeddable":true,"href":"https:\/\/nautica.news\/es\/wp-json\/wp\/v2\/users\/1"}],"replies":[{"embeddable":true,"href":"https:\/\/nautica.news\/es\/wp-json\/wp\/v2\/comments?post=58760"}],"version-history":[{"count":1,"href":"https:\/\/nautica.news\/es\/wp-json\/wp\/v2\/posts\/58760\/revisions"}],"predecessor-version":[{"id":58765,"href":"https:\/\/nautica.news\/es\/wp-json\/wp\/v2\/posts\/58760\/revisions\/58765"}],"wp:featuredmedia":[{"embeddable":true,"href":"https:\/\/nautica.news\/es\/wp-json\/wp\/v2\/media\/58763"}],"wp:attachment":[{"href":"https:\/\/nautica.news\/es\/wp-json\/wp\/v2\/media?parent=58760"}],"wp:term":[{"taxonomy":"category","embeddable":true,"href":"https:\/\/nautica.news\/es\/wp-json\/wp\/v2\/categories?post=58760"},{"taxonomy":"post_tag","embeddable":true,"href":"https:\/\/nautica.news\/es\/wp-json\/wp\/v2\/tags?post=58760"}],"curies":[{"name":"wp","href":"https:\/\/api.w.org\/{rel}","templated":true}]}}