{"id":58188,"date":"2026-02-12T13:44:47","date_gmt":"2026-02-12T13:44:47","guid":{"rendered":"https:\/\/nautica.news\/es\/?p=58188"},"modified":"2026-02-12T13:44:47","modified_gmt":"2026-02-12T13:44:47","slug":"se-viene-una-nueva-edicion-de-la-regata-oceanica-buenos-aires-rio-de-janeiro","status":"publish","type":"post","link":"https:\/\/nautica.news\/es\/se-viene-una-nueva-edicion-de-la-regata-oceanica-buenos-aires-rio-de-janeiro\/","title":{"rendered":"Se viene una nueva edici\u00f3n de la Regata Oce\u00e1nica Buenos Aires  R\u00edo de Janeiro"},"content":{"rendered":"<h2>Regata Oce\u00e1nica Buenos Aires \u00a0R\u00edo de Janeiro<\/h2>\n<p><span data-removefontsize=\"true\" data-originalcomputedfontsize=\"14\"><strong>Este s\u00e1bado 14 de febrero se vivir\u00e1 uno de los momentos m\u00e1s esperados del calendario n\u00e1utico internacional: la partida de la emblem\u00e1tica Regata Oce\u00e1nica Buenos Aires \u00a0R\u00edo de Janeiro.<\/strong><\/p>\n<p>A partir de las 12:00 horas, frente al m\u00e1stil de la Sede D\u00e1rsena Norte, se realizar\u00e1 el tradicional desfile y despedida de las embarcaciones, acompa\u00f1ados por la Banda de M\u00fasica de la Armada Argentina. Como cada tres a\u00f1os, esta competencia une simb\u00f3licamente a nuestro pa\u00eds con Brasil, conectando los puertos de Buenos Aires y R\u00edo de Janeiro en una traves\u00eda oce\u00e1nica \u00fanica.<\/p>\n<p>La largada est\u00e1 prevista para las 15:00 horas. La actividad podr\u00e1 ser presenciada por socios, junto a familiares y amigos, acompa\u00f1ando a las tripulaciones en el inicio de la traves\u00eda hacia R\u00edo de Janeiro.<\/span><\/p>\n<p><span data-removefontsize=\"true\" data-originalcomputedfontsize=\"14\">Con m\u00e1s de 1.200 millas n\u00e1uticas de recorrido por el Atl\u00e1ntico Sur, la regata es considerada una de las competencias m\u00e1s exigentes y prestigiosas de Sudam\u00e9rica. Desde su primera edici\u00f3n, se ha convertido en un verdadero desaf\u00edo para navegantes y tripulaciones, poniendo a prueba estrategia, resistencia y esp\u00edritu de equipo en mar abierto.<\/p>\n<p>Organizada por el Yacht Club Argentino\u00a0y el Iate Clube do Rio de Janeiro, la prueba convoca a embarcaciones y tripulaciones de distintos pa\u00edses, consolid\u00e1ndose como un evento deportivo de relevancia internacional y una verdadera celebraci\u00f3n de la vela oce\u00e1nica.<\/span><\/p>\n<p><span data-removefontsize=\"true\" data-originalcomputedfontsize=\"14\">El seguimiento de la regata en tiempo real podr\u00e1 realizarse a trav\u00e9s de los <strong data-removefontsize=\"true\" data-originalcomputedfontsize=\"14\">posicionadores satelitales<\/strong>\u00a0en el siguiente <\/span><a href=\"https:\/\/yca.us15.list-manage.com\/track\/click?u=0f78e5634b8fd80f0bb7d1923&amp;id=5093ebf46a&amp;e=ed429520f2\" target=\"_blank\" rel=\"noopener\" data-saferedirecturl=\"https:\/\/www.google.com\/url?q=https:\/\/yca.us15.list-manage.com\/track\/click?u%3D0f78e5634b8fd80f0bb7d1923%26id%3D5093ebf46a%26e%3Ded429520f2&amp;source=gmail&amp;ust=1770989890810000&amp;usg=AOvVaw0nnoz8xwIle5CL6sM6CyCh\"><span data-removefontsize=\"true\" data-originalcomputedfontsize=\"14\">enlace.<\/span><\/a><\/p>\n<p><span data-removefontsize=\"true\" data-originalcomputedfontsize=\"14\">Las <strong data-removefontsize=\"true\" data-originalcomputedfontsize=\"14\">Instrucciones de Regata<\/strong> ya se encuentran publicadas y pueden consultarse en el siguiente<a href=\"https:\/\/yca.us15.list-manage.com\/track\/click?u=0f78e5634b8fd80f0bb7d1923&amp;id=b4462ffd87&amp;e=ed429520f2\" target=\"_blank\" rel=\"noopener\" data-saferedirecturl=\"https:\/\/www.google.com\/url?q=https:\/\/yca.us15.list-manage.com\/track\/click?u%3D0f78e5634b8fd80f0bb7d1923%26id%3Db4462ffd87%26e%3Ded429520f2&amp;source=gmail&amp;ust=1770989890810000&amp;usg=AOvVaw3KPRnSX6EpJG2I5vDHB7U8\" data-removefontsize=\"true\" data-originalcomputedfontsize=\"14\"> link.<\/a><\/span><br \/>\n<strong><a href=\"https:\/\/yca.us15.list-manage.com\/track\/click?u=0f78e5634b8fd80f0bb7d1923&amp;id=b4eda66bdd&amp;e=ed429520f2\" target=\"_blank\" rel=\"noopener\" data-saferedirecturl=\"https:\/\/www.google.com\/url?q=https:\/\/yca.us15.list-manage.com\/track\/click?u%3D0f78e5634b8fd80f0bb7d1923%26id%3Db4eda66bdd%26e%3Ded429520f2&amp;source=gmail&amp;ust=1770989890810000&amp;usg=AOvVaw03X1s6t82wbD70WH43tnCz\" data-removefontsize=\"true\" data-originalcomputedfontsize=\"24\">Programa de Actividades<\/a><\/strong><\/p>\n","protected":false},"excerpt":{"rendered":"<p>Regata Oce\u00e1nica Buenos Aires \u00a0R\u00edo de Janeiro Este s\u00e1bado 14 de febrero se vivir\u00e1 uno de los momentos m\u00e1s esperados del calendario n\u00e1utico internacional: la partida de la emblem\u00e1tica Regata Oce\u00e1nica Buenos Aires \u00a0R\u00edo de Janeiro. A partir de las 12:00 horas, frente al m\u00e1stil de la Sede D\u00e1rsena Norte, se realizar\u00e1 el tradicional desfile [&hellip;]<\/p>\n","protected":false},"author":1,"featured_media":58189,"comment_status":"open","ping_status":"open","sticky":false,"template":"","format":"standard","meta":{"_jetpack_memberships_contains_paid_content":false,"footnotes":""},"categories":[3648,3622],"tags":[3554],"class_list":{"0":"post-58188","1":"post","2":"type-post","3":"status-publish","4":"format-standard","5":"has-post-thumbnail","7":"category-argentina-2","8":"category-argentina","9":"tag-regata-oceanica-buenos-aires-rio-de-janeiro"},"jetpack_featured_media_url":"https:\/\/nautica.news\/es\/wp-content\/uploads\/sites\/2\/2026\/02\/IMG_1702.jpeg","jetpack_sharing_enabled":true,"jetpack-related-posts":[],"_links":{"self":[{"href":"https:\/\/nautica.news\/es\/wp-json\/wp\/v2\/posts\/58188","targetHints":{"allow":["GET"]}}],"collection":[{"href":"https:\/\/nautica.news\/es\/wp-json\/wp\/v2\/posts"}],"about":[{"href":"https:\/\/nautica.news\/es\/wp-json\/wp\/v2\/types\/post"}],"author":[{"embeddable":true,"href":"https:\/\/nautica.news\/es\/wp-json\/wp\/v2\/users\/1"}],"replies":[{"embeddable":true,"href":"https:\/\/nautica.news\/es\/wp-json\/wp\/v2\/comments?post=58188"}],"version-history":[{"count":1,"href":"https:\/\/nautica.news\/es\/wp-json\/wp\/v2\/posts\/58188\/revisions"}],"predecessor-version":[{"id":58190,"href":"https:\/\/nautica.news\/es\/wp-json\/wp\/v2\/posts\/58188\/revisions\/58190"}],"wp:featuredmedia":[{"embeddable":true,"href":"https:\/\/nautica.news\/es\/wp-json\/wp\/v2\/media\/58189"}],"wp:attachment":[{"href":"https:\/\/nautica.news\/es\/wp-json\/wp\/v2\/media?parent=58188"}],"wp:term":[{"taxonomy":"category","embeddable":true,"href":"https:\/\/nautica.news\/es\/wp-json\/wp\/v2\/categories?post=58188"},{"taxonomy":"post_tag","embeddable":true,"href":"https:\/\/nautica.news\/es\/wp-json\/wp\/v2\/tags?post=58188"}],"curies":[{"name":"wp","href":"https:\/\/api.w.org\/{rel}","templated":true}]}}