{"id":58060,"date":"2026-01-23T21:05:52","date_gmt":"2026-01-23T21:05:52","guid":{"rendered":"https:\/\/nautica.news\/es\/?p=58060"},"modified":"2026-01-23T21:05:52","modified_gmt":"2026-01-23T21:05:52","slug":"finalizo-la-semana-de-clasicos-punta-del-este-2026","status":"publish","type":"post","link":"https:\/\/nautica.news\/es\/finalizo-la-semana-de-clasicos-punta-del-este-2026\/","title":{"rendered":"Finaliz\u00f3 la Semana de Cl\u00e1sicos Punta del Este 2026"},"content":{"rendered":"<h2>Semana de Cl\u00e1sicos Punta del Este<\/h2>\n<div><strong data-removefontsize=\"true\" data-originalcomputedfontsize=\"17\"><br \/>\nRegata Vuelta Isla Gorriti | Semana de Cl\u00e1sicos Punta del Este 2026<\/strong><\/div>\n<div><span data-removefontsize=\"true\" data-originalcomputedfontsize=\"14\"><strong><br \/>\nFinaliz\u00f3 en el d\u00eda de hoy, viernes 23 de enero, la \u201cSemana de Cl\u00e1sicos Punta del Este 2026\u2033, coorganizada por el Yacht Club Argentino, el Yacht Club Punta del Este y la Asociaci\u00f3n Argentina de Veleros Cl\u00e1sicos.<\/strong><\/p>\n<p>En esta edici\u00f3n participaron 36 embarcaciones con m\u00e1s de 240 tripulantes, en las categor\u00edas Spirit of Tradition, Classic IOR, Veleros Vintage y Cl\u00e1sicos, provenientes de Brasil, Uruguay y Argentina.<\/p>\n<p>Se corri\u00f3 la tradicional prueba de cierre, \u201cRegata Vuelta a la Isla Gorriti\u201d, de 11.6 millas, la \u00faltima regata del campeonato. Fue una jornada muy parecida a la de ayer, con un d\u00eda soleado, vientos del E de unos 12\u00a0a 15\u00a0nudos.<\/p>\n<p>Corrieron 33\u00a0barcos, divididos en dos partidas: la primera fue a las 12:00 horas para la categoria Spirit of Tradition y Classic IOR \u00a0y a las 12:05 horas largaron los Vintage y Cl\u00e1sicos.<\/p>\n<p>Les compartimos los GANADORES Y PREMIADOS de la SCPDE2026:<\/span><\/div>\n<div>\n<span data-removefontsize=\"true\" data-originalcomputedfontsize=\"14\"><strong><u data-removefontsize=\"true\" data-originalcomputedfontsize=\"14\">SEMANA DE CLASICOS PUNTA DEL ESTE \u2013 SPIRIT OF TRADITION<\/u><\/strong><\/p>\n<p><strong data-removefontsize=\"true\" data-originalcomputedfontsize=\"14\">1\u00b0 Regata Solanas<\/strong><br \/>\nALPHA BETA \u2013 Alejandro De La Tour \u2013 YCPE<\/p>\n<p><strong data-removefontsize=\"true\" data-originalcomputedfontsize=\"14\">1\u00b0 Clasificaci\u00f3n General\u00a0Spirit of Tradition Semana de Punta del Este<\/strong><br \/>\n<strong data-removefontsize=\"true\" data-originalcomputedfontsize=\"14\">1\u00b0 Regata\u00a0Playa Mansa<br \/>\n1\u00ba Regata La Barra<\/strong><br \/>\nERRANTE\u00a0\u2013 Julio Baldi\u2013 YCA<\/p>\n<p><strong data-removefontsize=\"true\" data-originalcomputedfontsize=\"14\">2\u00b0 Spirit of Tradition Semana de Punta del Este<br \/>\n1\u00b0 Regata Vuelta Gorriti<\/strong><br \/>\nAROSA XI \u2013 V\u00f6lker Kn\u00fcppel \u2013 YCU<\/p>\n<p><strong data-removefontsize=\"true\" data-originalcomputedfontsize=\"14\">3\u00b0 Spirit of Tradition Semana de Punta del Este<\/strong><br \/>\nSANS FA\u00c7ON \u2013 Roland Hennebert \u2013 YCU<\/p>\n<p><strong><u data-removefontsize=\"true\" data-originalcomputedfontsize=\"14\">SEMANA DE CLASICOS PUNTA DEL ESTE \u2013 CLASSIC IOR<\/u><\/strong><\/p>\n<p><strong data-removefontsize=\"true\" data-originalcomputedfontsize=\"14\">1\u00ba Regata Playa Mansa<\/strong><br \/>\n<strong data-removefontsize=\"true\" data-originalcomputedfontsize=\"14\">1\u00b0 Regata La Barra<\/strong><br \/>\n<strong data-removefontsize=\"true\" data-originalcomputedfontsize=\"14\">1\u00b0 Regata Solanas<\/strong><br \/>\n<strong data-removefontsize=\"true\" data-originalcomputedfontsize=\"14\">1\u00b0 Regata Vuelta Gorriti<\/strong><br \/>\n<strong data-removefontsize=\"true\" data-originalcomputedfontsize=\"14\">1\u00b0 Classic IOR Semana de Punta del Este<\/strong><br \/>\nMUCHO SOL IV \u2013 Alberto Mallo y Harry Giuria \u2013 YCU \/ YCPE<\/p>\n<p><strong data-removefontsize=\"true\" data-originalcomputedfontsize=\"14\">2\u00b0 Classic IOR Semana de Punta del Este<\/strong><br \/>\nMADRUGADA \u2013 Niels Peter Charles Rump \u2013 VDS<\/p>\n<p><strong><u data-removefontsize=\"true\" data-originalcomputedfontsize=\"14\">SEMANA DE CLASICOS PUNTA DEL ESTE \u2013 VELEROS CLASICOS<\/u><\/strong><\/p>\n<p><strong data-removefontsize=\"true\" data-originalcomputedfontsize=\"14\">1\u00b0 Regata Playa Mansa<\/strong><br \/>\n<strong data-removefontsize=\"true\" data-originalcomputedfontsize=\"14\">1\u00b0 Regata La Barra<\/strong><br \/>\n<strong data-removefontsize=\"true\" data-originalcomputedfontsize=\"14\">1\u00b0 Regata Solanas<\/strong><br \/>\n<strong data-removefontsize=\"true\" data-originalcomputedfontsize=\"14\">1\u00b0 Regata Vuelta Gorriti<\/strong><br \/>\n<strong data-removefontsize=\"true\" data-originalcomputedfontsize=\"14\">1\u00ba Veleros Cl\u00e1sicos \u2013 Serie A y General Semana de Punta del Este<\/strong><br \/>\nFJORD IV \u2013 Javier M\u00e9ndez \u2013 CNSI<\/p>\n<p><strong data-removefontsize=\"true\" data-originalcomputedfontsize=\"14\">1\u00b0 Veleros Cl\u00e1sicos \u2013 Serie B Semana de Punta del Este<\/strong><br \/>\nCHARANGO \u2013 F\u00e9lix Fern\u00e1ndez Madero \u2013 CNSI<\/p>\n<p><strong><u data-removefontsize=\"true\" data-originalcomputedfontsize=\"14\">SEMANA DE CLASICOS PUNTA DEL ESTE \u2013 VELEROS VINTAGE<\/u><\/strong><\/p>\n<p><strong data-removefontsize=\"true\" data-originalcomputedfontsize=\"14\">1\u00b0 Regata La Barra<\/strong><br \/>\n<strong data-removefontsize=\"true\" data-originalcomputedfontsize=\"14\">1\u00b0 Regata Solanas<\/strong><br \/>\n<strong data-removefontsize=\"true\" data-originalcomputedfontsize=\"14\">1\u00b0 Regata Gorriti<\/strong><br \/>\n<strong data-removefontsize=\"true\" data-originalcomputedfontsize=\"14\">1\u00ba Veleros Vintage \u2013 Serie A y General Semana de Punta del Este<\/strong><br \/>\nHORIZONTE \u2013 Scott Perry \u2013 YCU<\/p>\n<p><strong data-removefontsize=\"true\" data-originalcomputedfontsize=\"14\">1\u00b0 Regata Playa Mansa<\/strong><br \/>\n<strong data-removefontsize=\"true\" data-originalcomputedfontsize=\"14\">2\u00b0 Serie A \u2013 Veleros Vintage Semana de Punta del Este<\/strong><br \/>\nCIPPINO \u2013 Daniel Sielecki \u2013 YCA \/ YCPE<\/p>\n<p><strong data-removefontsize=\"true\" data-originalcomputedfontsize=\"14\">1\u00b0 Veleros Vintage \u2013 Serie B Semana de Punta del Este<\/strong><br \/>\nTOY \u2013 Sebasti\u00e1n Ra\u00f1a \u2013 YCPE<\/p>\n<p><strong data-removefontsize=\"true\" data-originalcomputedfontsize=\"14\">2\u00b0 Veleros Vintage \u2013 Serie B Semana de Punta del Este<\/strong><br \/>\nTOBA \u2013 Juan Pablo Fregonese \u2013 YCA<\/span>\n<\/div>\n<div><strong>Los resultados pueden verse\u00a0<a href=\"https:\/\/yca.us15.list-manage.com\/track\/click?u=0f78e5634b8fd80f0bb7d1923&amp;id=bae4e3b156&amp;e=ed429520f2\" target=\"_blank\" rel=\"noopener\" data-saferedirecturl=\"https:\/\/www.google.com\/url?q=https:\/\/yca.us15.list-manage.com\/track\/click?u%3D0f78e5634b8fd80f0bb7d1923%26id%3Dbae4e3b156%26e%3Ded429520f2&amp;source=gmail&amp;ust=1769286485702000&amp;usg=AOvVaw3vyEf6e6CXKXX2Z1H3Vmoq\" data-removefontsize=\"true\" data-originalcomputedfontsize=\"14\">aqu\u00ed.<\/a><\/strong><\/div>\n","protected":false},"excerpt":{"rendered":"<p>Semana de Cl\u00e1sicos Punta del Este Regata Vuelta Isla Gorriti | Semana de Cl\u00e1sicos Punta del Este 2026 Finaliz\u00f3 en el d\u00eda de hoy, viernes 23 de enero, la \u201cSemana de Cl\u00e1sicos Punta del Este 2026\u2033, coorganizada por el Yacht Club Argentino, el Yacht Club Punta del Este y la Asociaci\u00f3n Argentina de Veleros Cl\u00e1sicos. [&hellip;]<\/p>\n","protected":false},"author":1,"featured_media":58061,"comment_status":"open","ping_status":"open","sticky":false,"template":"","format":"standard","meta":{"_jetpack_memberships_contains_paid_content":false,"footnotes":""},"categories":[3622,3648],"tags":[3131,509],"class_list":{"0":"post-58060","1":"post","2":"type-post","3":"status-publish","4":"format-standard","5":"has-post-thumbnail","7":"category-argentina","8":"category-argentina-2","9":"tag-punta-del-este","10":"tag-semana-de-clasicos"},"jetpack_featured_media_url":"https:\/\/nautica.news\/es\/wp-content\/uploads\/sites\/2\/2026\/01\/IMG_1603.jpeg","jetpack_sharing_enabled":true,"jetpack-related-posts":[],"_links":{"self":[{"href":"https:\/\/nautica.news\/es\/wp-json\/wp\/v2\/posts\/58060","targetHints":{"allow":["GET"]}}],"collection":[{"href":"https:\/\/nautica.news\/es\/wp-json\/wp\/v2\/posts"}],"about":[{"href":"https:\/\/nautica.news\/es\/wp-json\/wp\/v2\/types\/post"}],"author":[{"embeddable":true,"href":"https:\/\/nautica.news\/es\/wp-json\/wp\/v2\/users\/1"}],"replies":[{"embeddable":true,"href":"https:\/\/nautica.news\/es\/wp-json\/wp\/v2\/comments?post=58060"}],"version-history":[{"count":1,"href":"https:\/\/nautica.news\/es\/wp-json\/wp\/v2\/posts\/58060\/revisions"}],"predecessor-version":[{"id":58062,"href":"https:\/\/nautica.news\/es\/wp-json\/wp\/v2\/posts\/58060\/revisions\/58062"}],"wp:featuredmedia":[{"embeddable":true,"href":"https:\/\/nautica.news\/es\/wp-json\/wp\/v2\/media\/58061"}],"wp:attachment":[{"href":"https:\/\/nautica.news\/es\/wp-json\/wp\/v2\/media?parent=58060"}],"wp:term":[{"taxonomy":"category","embeddable":true,"href":"https:\/\/nautica.news\/es\/wp-json\/wp\/v2\/categories?post=58060"},{"taxonomy":"post_tag","embeddable":true,"href":"https:\/\/nautica.news\/es\/wp-json\/wp\/v2\/tags?post=58060"}],"curies":[{"name":"wp","href":"https:\/\/api.w.org\/{rel}","templated":true}]}}