{"id":57475,"date":"2025-10-06T12:00:10","date_gmt":"2025-10-06T12:00:10","guid":{"rendered":"https:\/\/nautica.news\/es\/?p=57475"},"modified":"2025-10-06T12:00:10","modified_gmt":"2025-10-06T12:00:10","slug":"el-velero-matrero-sumo-tres-premios-en-la-costa-azul","status":"publish","type":"post","link":"https:\/\/nautica.news\/es\/el-velero-matrero-sumo-tres-premios-en-la-costa-azul\/","title":{"rendered":"El Velero Matrero sum\u00f3 tres premios en la Costa Azul"},"content":{"rendered":"<h3>El Velero Matrero se trae tres premios entre Cannes y Saint Tropez<\/h3>\n<p><strong>\u00a0Tras 12 d\u00edas de surcar el Mediterr\u00e1neo, el velero argentino recibi\u00f3 tres trofeos al coronarse en dos regatas y salir segundo en una tercera.<\/strong><\/p>\n<p><span data-originalfontsize=\"11pt\" data-originalcomputedfontsize=\"14.666667\">Luego de conquistar el principal trofeo de la clase Classic IOR de las <\/span><b data-originalfontsize=\"11pt\" data-originalcomputedfontsize=\"14.666667\">R\u00e9gates Royales de Cannes<\/b><span data-originalfontsize=\"11pt\" data-originalcomputedfontsize=\"14.666667\">,<\/span><b> <\/b><span data-originalfontsize=\"11pt\" data-originalcomputedfontsize=\"14.666667\">disputada durante cinco jornadas por la fabulosa bah\u00eda de la Riviera Francesa, y de la regata crucero <\/span><b data-originalfontsize=\"11pt\" data-originalcomputedfontsize=\"14.666667\">Copa de Oto\u00f1o<\/b><span data-originalfontsize=\"11pt\" data-originalcomputedfontsize=\"14.666667\"> del Yacht Club de France, que uni\u00f3 Cannes con Saint-Tropez en una traves\u00eda que demand\u00f3 tres horas hasta la meta, el ic\u00f3nico velero argentino <\/span><b data-originalfontsize=\"11pt\" data-originalcomputedfontsize=\"14.666667\">\u201cMatrero\u201d<\/b><span data-originalfontsize=\"11pt\" data-originalcomputedfontsize=\"14.666667\"> repiti\u00f3 el logro del a\u00f1o pasado en el tradicional certamen <\/span><b data-originalfontsize=\"11pt\" data-originalcomputedfontsize=\"14.666667\">Les Voiles de Saint-Tropez<\/b><span data-originalfontsize=\"11pt\" data-originalcomputedfontsize=\"14.666667\">, donde levant\u00f3 el segundo premio.<\/span><\/p>\n<p><span data-originalfontsize=\"11pt\" data-originalcomputedfontsize=\"14.666667\">\u201cS\u00ed, el primer premio de Les Voiles se nos desliz\u00f3 de las manos por una instancia infrecuente y desafortunada. El viernes planificamos nuestro derrotero n\u00e1utico conscientes de que est\u00e1bamos empatados con nuestro prestigioso adversario italiano \u2018Il Moro de Venezia\u2019. Pero ayer, la falta de vientos impidi\u00f3 salir a navegar, con lo cual el comit\u00e9 deportivo cancel\u00f3 la jornada y la definici\u00f3n del torneo se manej\u00f3 por cuestiones de puntaje. De todas maneras, estamos felices por ganar tres premios en tres importantes regatas con rivales de primer nivel en un ambiente de camarader\u00eda y fiesta\u201d, dijo <b data-removefontsize=\"true\" data-originalcomputedfontsize=\"14.666667\">Rafael Pereira Arag\u00f3n<\/b>, propietario del barco integrante del Club N\u00e1utico San Isidro (CNSI).<\/span><\/p>\n<p><span data-originalfontsize=\"11pt\" data-originalcomputedfontsize=\"14.666667\">Cabe recordar que entre las naves contrincantes de estas competencias que estuvieron surcando las l\u00edmpidas aguas mediterr\u00e1neas se hallaban la francesa \u201cSagittarius\u201d de Thierry Laffite, la italiana \u201cIl Moro de Venezia\u201d de Massimiliano Ferruzzi, y \u201cOjala\u2019II\u201d, de Michele Frova\u201d.<\/span><\/p>\n<p><span data-originalfontsize=\"11pt\" data-originalcomputedfontsize=\"14.666667\">\u201cUna vez m\u00e1s, nos qued\u00f3 en claro que nuestra principal fortaleza en los momentos de decisi\u00f3n o c\u00f3mo sostener los objetivos, es el funcionamiento en equipo y construir paciencia. Esto es fundamental y es m\u00e9rito de los tripulantes de \u2018Matrero\u2019, un conjunto de lujo\u201d, asegur\u00f3 el timonel <b data-removefontsize=\"true\" data-originalcomputedfontsize=\"14.666667\">Mart\u00edn Busch<\/b>, quien forma del team integrado por Pereira Arag\u00f3n, Sebasti\u00e1n C\u00f3rdoba, Felipe Varela, Alex Hasenclever, Gabriel Marino, Diego Weppler, Karin Haddad, Juan Garc\u00eda, Marcus Behrendt, Valent\u00edn Campero, Alejandro Bottino, Andr\u00e9 Mirsky y Nacho Burgoa.<\/span><\/p>\n","protected":false},"excerpt":{"rendered":"<p>El Velero Matrero se trae tres premios entre Cannes y Saint Tropez \u00a0Tras 12 d\u00edas de surcar el Mediterr\u00e1neo, el velero argentino recibi\u00f3 tres trofeos al coronarse en dos regatas y salir segundo en una tercera. Luego de conquistar el principal trofeo de la clase Classic IOR de las R\u00e9gates Royales de Cannes, disputada durante [&hellip;]<\/p>\n","protected":false},"author":1,"featured_media":57476,"comment_status":"open","ping_status":"open","sticky":false,"template":"","format":"standard","meta":{"_jetpack_memberships_contains_paid_content":false,"footnotes":""},"categories":[3648,3622],"tags":[3662],"class_list":{"0":"post-57475","1":"post","2":"type-post","3":"status-publish","4":"format-standard","5":"has-post-thumbnail","7":"category-argentina-2","8":"category-argentina","9":"tag-velero-matrero"},"jetpack_featured_media_url":"https:\/\/nautica.news\/es\/wp-content\/uploads\/sites\/2\/2025\/10\/IMG_0946-scaled.jpeg","jetpack_sharing_enabled":true,"jetpack-related-posts":[],"_links":{"self":[{"href":"https:\/\/nautica.news\/es\/wp-json\/wp\/v2\/posts\/57475","targetHints":{"allow":["GET"]}}],"collection":[{"href":"https:\/\/nautica.news\/es\/wp-json\/wp\/v2\/posts"}],"about":[{"href":"https:\/\/nautica.news\/es\/wp-json\/wp\/v2\/types\/post"}],"author":[{"embeddable":true,"href":"https:\/\/nautica.news\/es\/wp-json\/wp\/v2\/users\/1"}],"replies":[{"embeddable":true,"href":"https:\/\/nautica.news\/es\/wp-json\/wp\/v2\/comments?post=57475"}],"version-history":[{"count":1,"href":"https:\/\/nautica.news\/es\/wp-json\/wp\/v2\/posts\/57475\/revisions"}],"predecessor-version":[{"id":57477,"href":"https:\/\/nautica.news\/es\/wp-json\/wp\/v2\/posts\/57475\/revisions\/57477"}],"wp:featuredmedia":[{"embeddable":true,"href":"https:\/\/nautica.news\/es\/wp-json\/wp\/v2\/media\/57476"}],"wp:attachment":[{"href":"https:\/\/nautica.news\/es\/wp-json\/wp\/v2\/media?parent=57475"}],"wp:term":[{"taxonomy":"category","embeddable":true,"href":"https:\/\/nautica.news\/es\/wp-json\/wp\/v2\/categories?post=57475"},{"taxonomy":"post_tag","embeddable":true,"href":"https:\/\/nautica.news\/es\/wp-json\/wp\/v2\/tags?post=57475"}],"curies":[{"name":"wp","href":"https:\/\/api.w.org\/{rel}","templated":true}]}}