{"id":57332,"date":"2025-09-23T11:39:40","date_gmt":"2025-09-23T11:39:40","guid":{"rendered":"https:\/\/nautica.news\/es\/?p=57332"},"modified":"2025-09-23T11:39:40","modified_gmt":"2025-09-23T11:39:40","slug":"el-velero-matrero-afronta-un-periplo-de-tres-regatas-continuas-en-la-costa-azul","status":"publish","type":"post","link":"https:\/\/nautica.news\/es\/el-velero-matrero-afronta-un-periplo-de-tres-regatas-continuas-en-la-costa-azul\/","title":{"rendered":"El Velero Matrero afronta un periplo de tres regatas continuas en la Costa Azul"},"content":{"rendered":"<h2><b><span data-originalfontsize=\"20pt\" data-originalcomputedfontsize=\"26.666666\">Velero Matrero<\/span><\/b><\/h2>\n<p><strong>A partir de hoy y hasta el 4 de octubre navegar\u00e1 unas 250 millas hilvanando tres importantes competencias mediterr\u00e1neas.<\/strong><\/p>\n<p><span data-originalfontsize=\"11pt\" data-originalcomputedfontsize=\"14.666667\">La ic\u00f3nica embarcaci\u00f3n <b data-removefontsize=\"true\" data-originalcomputedfontsize=\"14.666667\">\u201cMatrero\u201d<\/b>, de 15 m de eslora y 4 m de manga con un m\u00e1stil de 18 m de altura, integrante del Club N\u00e1utico San Isidro (CNSI) y creada por el eximio dise\u00f1ador naval Germ\u00e1n Frers, afronta desde ma\u00f1ana un continuo reto al representar a la Argentina en tres campeonatos que la mantendr\u00e1 surcando las transparentes aguas mediterr\u00e1neas durante 12 d\u00edas y rivalizando con los m\u00e1s importantes veleros cl\u00e1sicos y tradicionales del mundo a lo largo de unas 250 millas.<\/span><\/p>\n<p><span data-originalfontsize=\"11pt\" data-originalcomputedfontsize=\"14.666667\">El primer desaf\u00edo son las <b data-removefontsize=\"true\" data-originalcomputedfontsize=\"14.666667\">R\u00e9gates Royales <\/b>de Cannes, la c\u00e9lebre ciudad balnearia francesa por su Festival de Cine, donde los nav\u00edos soltar\u00e1n amarras en el pintoresco Puerto Viejo que actualmente recibe fastuosos yates y ferris, adem\u00e1s de ser el sitio de partida de eventos mar\u00edtimos. En este torneo, donde el barco argentino obtuvo en 2024 el segundo puesto en la clase Classic IOR, las traves\u00edas se suceder\u00e1n entre el 23 y el 27 en torno de la bah\u00eda y circundando las tur\u00edsticas Islas L\u00e9rins.<\/span><\/p>\n<p><span data-originalfontsize=\"11pt\" data-originalcomputedfontsize=\"14.666667\">Las amplias velas blancas de las diferentes categor\u00edas ondear\u00e1n sobre la Costa Azul mostrando la potencia de embarcaciones de una veintena de pa\u00edses, como Reino Unido, Australia, Italia, Estados Unidos, Alemania, Espa\u00f1a y Pa\u00edses Bajos, adem\u00e1s de los locales.\u00a0 <\/span><\/p>\n<p><span data-originalfontsize=\"11pt\" data-originalcomputedfontsize=\"14.666667\">Rafael Pereira Arag\u00f3n, propietario de \u201cMatrero\u201d, afirm\u00f3 a la prensa que \u201cresulta fundamental centrarse en los objetivos y aplicar -con la flexibilidad que requiere una regata de cinco jornadas- la estrategia y t\u00e1cticas que nos planteamos para sostener una performance din\u00e1mica, intensa y cambiante\u201d. En tal sentido, destac\u00f3 adem\u00e1s que es clave registrar los movimientos de los participantes por ser de excelente nivel. Y mencion\u00f3 entre ellos a \u201cOjala\u2019II\u201d de Michele Frova, \u201cIl Moro de Venezia\u201d de Massimiliano Ferruzzi y \u201cSagittarius\u201d de Thierry Laffite. <\/span><\/p>\n<p><span data-originalfontsize=\"11pt\" data-originalcomputedfontsize=\"14.666667\">Adem\u00e1s de Pereira Arag\u00f3n, la tripulaci\u00f3n est\u00e1 formada por Sebasti\u00e1n C\u00f3rdoba, Felipe Varela, Alex Hasenclever, Gabriel Marino, Diego Weppler, Karin Haddad, Juan Garc\u00eda, Marcus Behrendt, Valent\u00edn Campero, Alejandro Bottino y Mart\u00edn Busch, como timonel. <\/span><\/p>\n<p><span data-originalfontsize=\"11pt\" data-originalcomputedfontsize=\"14.666667\">\u201cAlgo fundamental -agreg\u00f3- es que nos tenemos mucha confianza y conocemos nuestras habilidades, sabemos cu\u00e1les son nuestras destrezas y qui\u00e9n cumple mejor tal o cual funci\u00f3n, aqu\u00ed no hay azar.\u201d<\/span><\/p>\n<p><span data-originalfontsize=\"11pt\" data-originalcomputedfontsize=\"14.666667\">Tras la entrega de galardones el d\u00eda 27, en la siguiente jornada, volver\u00e1n al puerto para embarcarse en la siguiente competencia, la regata crucero <b data-removefontsize=\"true\" data-originalcomputedfontsize=\"14.666667\">Copa de Oto\u00f1o<\/b>, del Yacht Club de France, que organiza la Soci\u00e9t\u00e9 Nautique de Saint-Tropez con los medios t\u00e9cnicos del Yacht Club de Cannes para la salida desde Vieux Port. El recorrido abarcar\u00e1 unas 25 millas n\u00e1uticas (unos 46 km) y se sumar\u00e1n a bordo de \u201cMatrero\u201d los experimentados nautas Andr\u00e9 Mirsky y Nacho Burgoa.<\/span><\/p>\n<p><span data-originalfontsize=\"11pt\" data-originalcomputedfontsize=\"14.666667\">Y el d\u00eda siguiente, el 28, se iniciar\u00e1 la m\u00e1s importante regata del Mare Nostrum: <b data-removefontsize=\"true\" data-originalcomputedfontsize=\"14.666667\">Les Voiles de Saint Tropez<\/b>, con una grilla de largada que encontrar\u00e1 en l\u00ednea a cascos de renombre con navegantes conocedores de este campeonato y estas aguas. \u201cConcluiremos esta re\u00f1ida campa\u00f1a de oto\u00f1o el s\u00e1bado 4, reci\u00e9n ah\u00ed podremos festejar bien y descansar, porque la movida que estamos encarando exige mucho esfuerzo y dedicaci\u00f3n, adem\u00e1s de la pasi\u00f3n que volcamos siempre\u201d, sostuvo Busch.\u00a0<\/span><\/p>\n","protected":false},"excerpt":{"rendered":"<p>Velero Matrero A partir de hoy y hasta el 4 de octubre navegar\u00e1 unas 250 millas hilvanando tres importantes competencias mediterr\u00e1neas. La ic\u00f3nica embarcaci\u00f3n \u201cMatrero\u201d, de 15 m de eslora y 4 m de manga con un m\u00e1stil de 18 m de altura, integrante del Club N\u00e1utico San Isidro (CNSI) y creada por el eximio [&hellip;]<\/p>\n","protected":false},"author":1,"featured_media":57333,"comment_status":"open","ping_status":"open","sticky":false,"template":"","format":"standard","meta":{"_jetpack_memberships_contains_paid_content":false,"footnotes":""},"categories":[3648],"tags":[3662],"class_list":{"0":"post-57332","1":"post","2":"type-post","3":"status-publish","4":"format-standard","5":"has-post-thumbnail","7":"category-argentina-2","8":"tag-velero-matrero"},"jetpack_featured_media_url":"https:\/\/nautica.news\/es\/wp-content\/uploads\/sites\/2\/2025\/09\/IMG_0705.jpeg","jetpack_sharing_enabled":true,"jetpack-related-posts":[],"_links":{"self":[{"href":"https:\/\/nautica.news\/es\/wp-json\/wp\/v2\/posts\/57332","targetHints":{"allow":["GET"]}}],"collection":[{"href":"https:\/\/nautica.news\/es\/wp-json\/wp\/v2\/posts"}],"about":[{"href":"https:\/\/nautica.news\/es\/wp-json\/wp\/v2\/types\/post"}],"author":[{"embeddable":true,"href":"https:\/\/nautica.news\/es\/wp-json\/wp\/v2\/users\/1"}],"replies":[{"embeddable":true,"href":"https:\/\/nautica.news\/es\/wp-json\/wp\/v2\/comments?post=57332"}],"version-history":[{"count":2,"href":"https:\/\/nautica.news\/es\/wp-json\/wp\/v2\/posts\/57332\/revisions"}],"predecessor-version":[{"id":57335,"href":"https:\/\/nautica.news\/es\/wp-json\/wp\/v2\/posts\/57332\/revisions\/57335"}],"wp:featuredmedia":[{"embeddable":true,"href":"https:\/\/nautica.news\/es\/wp-json\/wp\/v2\/media\/57333"}],"wp:attachment":[{"href":"https:\/\/nautica.news\/es\/wp-json\/wp\/v2\/media?parent=57332"}],"wp:term":[{"taxonomy":"category","embeddable":true,"href":"https:\/\/nautica.news\/es\/wp-json\/wp\/v2\/categories?post=57332"},{"taxonomy":"post_tag","embeddable":true,"href":"https:\/\/nautica.news\/es\/wp-json\/wp\/v2\/tags?post=57332"}],"curies":[{"name":"wp","href":"https:\/\/api.w.org\/{rel}","templated":true}]}}