{"id":57142,"date":"2025-08-23T12:45:39","date_gmt":"2025-08-23T12:45:39","guid":{"rendered":"https:\/\/nautica.news\/es\/?p=57142"},"modified":"2025-08-23T12:45:39","modified_gmt":"2025-08-23T12:45:39","slug":"mateo-majdalani-asume-el-timon-como-presidente-de-nacra-17","status":"publish","type":"post","link":"https:\/\/nautica.news\/es\/mateo-majdalani-asume-el-timon-como-presidente-de-nacra-17\/","title":{"rendered":"Mateo Majdalani asume el tim\u00f3n como presidente de Nacra 17"},"content":{"rendered":"<h2>Mateo Majdalani \u00a0\/ Nacra 17<\/h2>\n<p><strong>De cara a la nueva campa\u00f1a para Los \u00c1ngeles 2028, nos complace felicitar a Mateo Majdalani por asumir el cargo de presidente de Nacra 17. Esta decisi\u00f3n refleja no solo una transici\u00f3n natural en el liderazgo, sino tambi\u00e9n el reconocimiento de la necesidad de que los regatistas actuales tengan una voz m\u00e1s fuerte en la representaci\u00f3n de la clase.<\/strong><\/p>\n<p>Mateo es el ejemplo perfecto de una figura p\u00fablica integral y justa. M\u00e1s all\u00e1 de sus impresionantes logros en el agua, incluyendo una medalla de plata en los Juegos Ol\u00edmpicos de Par\u00eds junto a Eugenia Bosco, Mateo ha participado activamente en los debates sobre el desarrollo y la mejora de la clase Nacra 17. Su dedicaci\u00f3n a la comunidad y su enfoque reflexivo lo convierten en la persona ideal para guiar a la clase hacia el siguiente cap\u00edtulo.<\/p>\n<p>Tras a\u00f1os de liderazgo y dedicaci\u00f3n excepcionales, desde 2021, Santiago Lange ha renunciado oficialmente a su cargo de presidente de la clase Nacra 17. Extendemos nuestra m\u00e1s profunda gratitud a Santiago por su incansable compromiso, visi\u00f3n y apoyo incondicional a la clase. Su liderazgo ha sido fundamental para forjar la comunidad de Nacra 17 y llevar este deporte a nivel mundial.<\/p>\n<p><strong><a class=\"fusion-button button-flat button-large button-default fusion-button-default button-1 fusion-button-span-yes fusion-button-default-type\" href=\"https:\/\/nacra17.org\/\" target=\"_blank\" rel=\"noopener noreferrer\"><span class=\"fusion-button-text awb-button__text awb-button__text--default\">NACRA 17<\/span><\/a><\/strong><\/p>\n<p>Esperamos el continuo crecimiento y \u00e9xito de Nacra 17 bajo el liderazgo de Mateo y agradecemos a Santiago una vez m\u00e1s por todo lo que ha hecho por la clase.<\/p>\n<p><iframe id=\"instagram-embed-0\" class=\"instagram-media instagram-media-rendered\" src=\"https:\/\/www.instagram.com\/p\/DNqbjLOOx0n\/embed\/captioned\/?cr=1&amp;v=14&amp;wp=1080&amp;rd=https%3A%2F%2Fnacra17.org&amp;rp=%2Fmateo-majdalani-takes-the-helm-as-nacra-17-president%2F#%7B%22ci%22%3A0%2C%22os%22%3A1514%2C%22ls%22%3A791%2C%22le%22%3A1312%7D\" height=\"1220\" frameborder=\"0\" scrolling=\"no\" allowfullscreen=\"allowfullscreen\" data-instgrm-payload-id=\"instagram-media-payload-0\" data-mce-fragment=\"1\"><\/iframe><\/p>\n<p>&nbsp;<\/p>\n","protected":false},"excerpt":{"rendered":"<p>Mateo Majdalani \u00a0\/ Nacra 17 De cara a la nueva campa\u00f1a para Los \u00c1ngeles 2028, nos complace felicitar a Mateo Majdalani por asumir el cargo de presidente de Nacra 17. Esta decisi\u00f3n refleja no solo una transici\u00f3n natural en el liderazgo, sino tambi\u00e9n el reconocimiento de la necesidad de que los regatistas actuales tengan una [&hellip;]<\/p>\n","protected":false},"author":1,"featured_media":57143,"comment_status":"open","ping_status":"open","sticky":false,"template":"","format":"standard","meta":{"_jetpack_memberships_contains_paid_content":false,"footnotes":""},"categories":[3622,2784],"tags":[3452,245],"class_list":{"0":"post-57142","1":"post","2":"type-post","3":"status-publish","4":"format-standard","5":"has-post-thumbnail","7":"category-argentina","8":"category-nacra-17","9":"tag-mateo-majdalani","10":"tag-nacra-17"},"jetpack_featured_media_url":"https:\/\/nautica.news\/es\/wp-content\/uploads\/sites\/2\/2025\/08\/IMG_0497.png","jetpack_sharing_enabled":true,"jetpack-related-posts":[],"_links":{"self":[{"href":"https:\/\/nautica.news\/es\/wp-json\/wp\/v2\/posts\/57142","targetHints":{"allow":["GET"]}}],"collection":[{"href":"https:\/\/nautica.news\/es\/wp-json\/wp\/v2\/posts"}],"about":[{"href":"https:\/\/nautica.news\/es\/wp-json\/wp\/v2\/types\/post"}],"author":[{"embeddable":true,"href":"https:\/\/nautica.news\/es\/wp-json\/wp\/v2\/users\/1"}],"replies":[{"embeddable":true,"href":"https:\/\/nautica.news\/es\/wp-json\/wp\/v2\/comments?post=57142"}],"version-history":[{"count":2,"href":"https:\/\/nautica.news\/es\/wp-json\/wp\/v2\/posts\/57142\/revisions"}],"predecessor-version":[{"id":57145,"href":"https:\/\/nautica.news\/es\/wp-json\/wp\/v2\/posts\/57142\/revisions\/57145"}],"wp:featuredmedia":[{"embeddable":true,"href":"https:\/\/nautica.news\/es\/wp-json\/wp\/v2\/media\/57143"}],"wp:attachment":[{"href":"https:\/\/nautica.news\/es\/wp-json\/wp\/v2\/media?parent=57142"}],"wp:term":[{"taxonomy":"category","embeddable":true,"href":"https:\/\/nautica.news\/es\/wp-json\/wp\/v2\/categories?post=57142"},{"taxonomy":"post_tag","embeddable":true,"href":"https:\/\/nautica.news\/es\/wp-json\/wp\/v2\/tags?post=57142"}],"curies":[{"name":"wp","href":"https:\/\/api.w.org\/{rel}","templated":true}]}}