{"id":56595,"date":"2025-06-29T13:35:28","date_gmt":"2025-06-29T13:35:28","guid":{"rendered":"https:\/\/nautica.news\/es\/?p=56595"},"modified":"2025-06-29T13:35:28","modified_gmt":"2025-06-29T13:35:28","slug":"armide-soliveres-se-luce-en-el-nacional-de-bodyboard-de-arucas","status":"publish","type":"post","link":"https:\/\/nautica.news\/es\/armide-soliveres-se-luce-en-el-nacional-de-bodyboard-de-arucas\/","title":{"rendered":"Armide Soliveres se luce en el nacional de bodyboard de Arucas"},"content":{"rendered":"<h3 class=\"s6\"><span class=\"s5\">Nacional de B<\/span><span class=\"s5\">odyboard<\/span><span class=\"s5\"> Arucas<\/span><\/h3>\n<div class=\"youtube-embed\" data-video_id=\"OgSTuP6U2fM\"><iframe loading=\"lazy\" title=\"Armide Soliveres se luce en el nacional de bodyboard de Arucas\" width=\"696\" height=\"392\" src=\"https:\/\/www.youtube.com\/embed\/OgSTuP6U2fM?feature=oembed&#038;enablejsapi=1\" frameborder=\"0\" allow=\"accelerometer; autoplay; clipboard-write; encrypted-media; gyroscope; picture-in-picture; web-share\" referrerpolicy=\"strict-origin-when-cross-origin\" allowfullscreen><\/iframe><\/div>\n<p>&nbsp;<\/p>\n<div class=\"s9\"><strong><span class=\"s7\">\u2022 <\/span><span class=\"s8\">El actual campe\u00f3n del mundo original de Gran Canaria consigue la mayor puntuaci\u00f3n en la categor\u00eda Open<\/span><span class=\"s8\"> mientras <\/span><span class=\"s8\">otro grancanario, <\/span><span class=\"s8\">Mauro Bola\u00f1os<\/span><span class=\"s8\">,<\/span><span class=\"s8\"> lo hace en la clase sub18<\/span><\/strong><\/div>\n<div class=\"s9\"><strong><span class=\"s7\">\u2022 <\/span><span class=\"s8\">La categor\u00eda M\u00e1ster<\/span><span class=\"s8\"> y <\/span><span class=\"s8\">Dropknee<\/span><span class=\"s8\"> queda<\/span><span class=\"s8\">n <\/span><span class=\"s8\">dominada<\/span><span class=\"s8\">s<\/span><span class=\"s8\"> por<\/span><span class=\"s8\"> el grancanario<\/span> <span class=\"s8\">Jonathan Vega<\/span><span class=\"s8\"> y <\/span><span class=\"s8\">el venezolano afincado en Canarias <\/span><span class=\"s8\">David Valladares<\/span><\/strong><\/div>\n<div><\/div>\n<div><span class=\"s12\">La primera jornada del <\/span><span class=\"s13\">Oleaje <\/span><span class=\"s13\">Bodyboard<\/span><span class=\"s13\">Contest<\/span><span class=\"s13\"> 2025<\/span><span class=\"s12\"> arranc\u00f3 con fuerza este s\u00e1bado en la playa de San Andr\u00e9s, y el gran protagonista fue <\/span><span class=\"s13\">Armide<\/span> <span class=\"s13\">Soliveres<\/span><span class=\"s14\">,<\/span><span class=\"s12\"> actual campe\u00f3n del mundo y natural de <\/span><span class=\"s13\">Las Palmas de Gran Canaria<\/span><span class=\"s12\">, quien deslumbr\u00f3 en los <\/span><span class=\"s13\">cuartos de<\/span><span class=\"s13\"> final de la categor\u00eda <\/span><span class=\"s13\">O<\/span><span class=\"s13\">pen<\/span><span class=\"s12\">, consolid\u00e1ndose como uno de los favoritos para el t\u00edtulo absoluto del campeonato.<\/span> <span class=\"s12\">Soliveres<\/span><span class=\"s12\">, representante del <\/span><span class=\"s13\">Club Deportivo de <\/span><span class=\"s13\">Surfing<\/span><span class=\"s13\"> Oleaje<\/span><span class=\"s14\">, <\/span><span class=\"s12\">registr\u00f3 adem\u00e1s la <\/span><span class=\"s13\">mejor puntuaci\u00f3n combinada del d\u00eda en la categor\u00eda<\/span><span class=\"s14\">,<\/span><span class=\"s12\"> con <\/span><span class=\"s13\">8,00 y 6,10 puntos<\/span><span class=\"s12\"> en sus dos mejores olas, sumando un total de <\/span><span class=\"s13\">14,10 <\/span><span class=\"s13\">puntos<\/span> <span class=\"s12\">que lo sit\u00fa<\/span><span class=\"s12\">an<\/span><span class=\"s12\"> en la cima del ranking provisional.<\/span><\/div>\n<div><\/div>\n<div><span class=\"s12\">\u201cCompetir en casa siempre es especial. La energ\u00eda que transmite esta playa y el apoyo del p\u00fablico me motivan much\u00edsimo. Hoy me sent\u00ed muy c\u00f3modo en el agua, logr\u00e9 conectar buenas maniobras y estoy enfocado en seguir dando lo mejor en las finales. Me alegra ver c\u00f3mo el <\/span><span class=\"s12\">bodyboard<\/span><span class=\"s12\"> est\u00e1 creciendo y c\u00f3mo estos eventos sirven para visibilizar todo el talento que hay en Canarias. Desde peque\u00f1o so\u00f1\u00e9 con estar en campeonatos as\u00ed en mi tierra y ahora es un orgullo poder representar al club y a toda una generaci\u00f3n que ama este deporte\u201d, <\/span><span class=\"s12\">declar\u00f3<\/span> <span class=\"s12\">Soliveres<\/span><span class=\"s12\"> tras salir del agua.<\/span><\/div>\n<p class=\"s15\"><span class=\"s12\">Este domingo, la emoci\u00f3n continuar\u00e1 creciendo <\/span><span class=\"s12\">con la final <\/span><span class=\"s12\">en la <\/span><span class=\"s13\">categor\u00eda Open<\/span><span class=\"s12\">. <\/span><span class=\"s12\">Junto a <\/span><span class=\"s12\">Soliveres<\/span><span class=\"s12\">, <\/span><span class=\"s12\">competir\u00e1n<\/span><span class=\"s12\"> los grancanarios <\/span><span class=\"s13\">Alexander Montes<\/span><span class=\"s13\">,<\/span> <span class=\"s12\">campe\u00f3n del mundo j\u00fanior de <\/span><span class=\"s12\">bodyboard<\/span><span class=\"s12\">, y<\/span> <span class=\"s13\">Carlos Su\u00e1re<\/span><span class=\"s13\">z,<\/span> <span class=\"s13\">campe\u00f3n de Espa\u00f1a<\/span><span class=\"s13\">,<\/span> <span class=\"s12\">reafirmando el peso competitivo a nivel nacional.<\/span> <span class=\"s12\">\u201c<\/span><span class=\"s12\">La presencia <\/span><span class=\"s12\">de tantos<\/span><span class=\"s12\"> referentes del <\/span><span class=\"s12\">bodyboard<\/span><span class=\"s12\"> grancanario, augura un duelo vibrante sobre las olas de San Andr\u00e9s<\/span><span class=\"s12\">, <\/span><span class=\"s12\">dem<\/span><span class=\"s12\">ostrando <\/span><span class=\"s12\">que el <\/span><span class=\"s12\">bodyboard<\/span><span class=\"s12\"> en Canarias est\u00e1 muy vivo<\/span><span class=\"s12\">\u201d, <\/span><span class=\"s12\">coment\u00f3 <\/span><span class=\"s12\">Adri\u00e1n Ramos, vicepresidente del Club <\/span><span class=\"s12\">Deportivo d<\/span><span class=\"s12\">e <\/span><span class=\"s12\">Surfing<\/span><span class=\"s12\"> Oleaje.<\/span><\/p>\n<p class=\"s16\"><strong><span class=\"s14\">J\u00f3venes promesas en acci\u00f3n<\/span><\/strong><\/p>\n<p class=\"s15\"><span class=\"s12\">En el cuadro juvenil, la categor\u00eda <\/span><span class=\"s12\">S<\/span><span class=\"s12\">ub18 dej\u00f3 grandes momentos gracias al talento emergente de los <\/span><span class=\"s12\">riders<\/span><span class=\"s12\"> canarios. <\/span><span class=\"s12\">El grancanario <\/span><span class=\"s12\">Mauro Bola\u00f1os fue uno de los m\u00e1s destacados del d\u00eda, logrando una excelente actuaci\u00f3n con una puntuaci\u00f3n combinada de 15<\/span><span class=\"s12\">,<\/span><span class=\"s12\">17 puntos, resultado de dos s\u00f3lidas olas valoradas en 8<\/span><span class=\"s12\">,<\/span><span class=\"s12\">00 y 7<\/span><span class=\"s12\">,<\/span><span class=\"s12\">17 puntos<\/span><span class=\"s12\">. Junto a Bola\u00f1os, t<\/span><span class=\"s12\">ambi\u00e9n brill\u00f3 Hugo Medina, joven <\/span><span class=\"s12\">rider<\/span><span class=\"s12\"> local de Arucas, que contin\u00faa firme en la competici\u00f3n tras superar <\/span><span class=\"s12\">la primera manga.<\/span> <span class=\"s12\">Adicionalmente, se disputaron las primeras mangas <\/span><span class=\"s12\">en <\/span><span class=\"s12\">S<\/span><span class=\"s12\">ub14<\/span> <span class=\"s12\">masculin<\/span><span class=\"s12\">o<\/span><span class=\"s12\">.<\/span><\/p>\n<p class=\"s16\"><strong><span class=\"s14\">Categor\u00edas m\u00e1ster y vintage: experiencia sobre las olas<\/span><\/strong><\/p>\n<p class=\"s15\"><span class=\"s12\">En la <\/span><span class=\"s13\">categor\u00eda <\/span><span class=\"s13\">M<\/span><span class=\"s13\">\u00e1ster<\/span><span class=\"s14\">,<\/span><span class=\"s12\"> el protagonismo de la jornada fue para <\/span><span class=\"s13\">Jonathan Vega<\/span><span class=\"s14\">,<\/span> <span class=\"s12\">rider<\/span><span class=\"s12\"> de <\/span><span class=\"s13\">Gran Canaria<\/span><span class=\"s12\">, quien se posicion\u00f3 en lo m\u00e1s alto gracias a una actuaci\u00f3n s\u00f3lida y fluida, sumando <\/span><span class=\"s13\">12.84 puntos<\/span> <span class=\"s12\">con dos destacadas olas valoradas en <\/span><span class=\"s13\">6.67 y 6.1<\/span><span class=\"s13\">7.<\/span><span class=\"s12\"> Le sigui\u00f3 <\/span><span class=\"s12\">el grancanario <\/span><span class=\"s13\">Roberto San Rom\u00e1<\/span><span class=\"s13\">n, <\/span><span class=\"s12\">con una puntuaci\u00f3n combinada de <\/span><span class=\"s13\">9.27<\/span><span class=\"s12\"> (5.00 + 4.27)<\/span><span class=\"s12\">.<\/span><\/p>\n<p class=\"s15\"><span class=\"s12\">En la <\/span><span class=\"s13\">categor\u00eda vintage<\/span><span class=\"s12\">, el tinerfe\u00f1o <\/span><span class=\"s13\">David Dom\u00ednguez<\/span><span class=\"s14\">,<\/span><span class=\"s12\"> pionero del <\/span><span class=\"s12\">bodyboard<\/span><span class=\"s12\"> en Canarias, demostr\u00f3 su experiencia sobre las olas. Junto a \u00e9l compitieron figuras como Ricardo &#8220;Richard&#8221; Estupi\u00f1\u00e1n o Manuel San Rom\u00e1n, quienes aportaron solidez y veteran\u00eda al campeonato.<\/span><span class=\"s12\"> Esta modalidad no oficial es una categor\u00eda especial destinada a <\/span><span class=\"s12\">riders<\/span><span class=\"s12\">veteranos del <\/span><span class=\"s12\">bodyboard<\/span><span class=\"s12\"> canario, impulsada por primera vez con este evento.<\/span><\/p>\n<p class=\"s16\"><strong><span class=\"s14\">Dropknee<\/span><span class=\"s14\">: estilo cl\u00e1sico y t\u00e9cnica al l\u00edmite<\/span><\/strong><\/p>\n<p class=\"s17\"><span class=\"s12\">La categor\u00eda <\/span><span class=\"s12\">Dropknee<\/span><span class=\"s12\">, que combina maniobras de pie y rodilla sobre la tabla, ofreci\u00f3 una de las competiciones m\u00e1s t\u00e9cnicas de la jornada. <\/span><span class=\"s12\">El venezolano residente en Canarias David Valladares<\/span><span class=\"s12\">, campe\u00f3n de Europa de la clase,<\/span><span class=\"s12\"> fue el gran destacado, logrando la mejor puntuaci\u00f3n combinada con <\/span><span class=\"s13\">11,33 puntos.<\/span> <span class=\"s12\">En segundo <\/span><span class=\"s12\">lugar,<\/span><span class=\"s12\"> se situ\u00f3 <\/span><span class=\"s13\">Hugo Hern\u00e1ndez<\/span><span class=\"s12\"> (<\/span><span class=\"s13\">Gran Canaria)<\/span><span class=\"s14\">,<\/span><span class=\"s12\"> con una puntuaci\u00f3n de <\/span><span class=\"s13\">10,83 puntos,<\/span><span class=\"s12\"> seguido de <\/span><span class=\"s13\">F\u00e9lix Estupi\u00f1\u00e1n con 7,90.<\/span><\/p>\n<p class=\"s18\"><strong><span class=\"s14\">Lo que viene: emoci\u00f3n asegurada <\/span><span class=\"s14\">este domingo<\/span><\/strong><\/p>\n<p class=\"s18\"><span class=\"s12\">Este domingo<\/span><span class=\"s12\"> se celebrar\u00e1n las finales de todas las categor\u00edas, adem\u00e1s de disputarse por completo la categor\u00eda femenina, que no tuvo competici\u00f3n durante esta primera jornada<\/span><span class=\"s12\">, as\u00ed como la clase <\/span><span class=\"s12\">S<\/span><span class=\"s12\">ub18 femenina<\/span><span class=\"s12\">. Entre las <\/span><span class=\"s12\">riders<\/span><span class=\"s12\"> que entrar\u00e1n en acci\u00f3n se encuentran figuras destacadas como<\/span><span class=\"s12\"> la tinerfe\u00f1a <\/span><span class=\"s12\">Teresa Miranda Padilla, subcampeona del mundo, <\/span><span class=\"s12\">y la grancanaria <\/span><span class=\"s12\">Mar Suan<\/span><span class=\"s12\">c<\/span><span class=\"s12\">es<\/span><span class=\"s12\"> del <\/span><span class=\"s13\">Club Deportivo de <\/span><span class=\"s13\">Surfing<\/span><span class=\"s13\">Oleaje,<\/span> <span class=\"s12\">campeona de Espa\u00f1a <\/span><span class=\"s12\">S<\/span><span class=\"s12\">ub18 en 2023.<\/span><span class=\"s12\"> Los resultados se pueden seguir en directo<\/span><span class=\"s12\">: <\/span><a href=\"http:\/\/www.surfscores.com\/ESP\/2025\/fcs03\" rel=\"noopener\"><span class=\"s19\">www.surfscores.com\/ESP\/2025\/fcs03<\/span><\/a><\/p>\n<p class=\"s16\"><strong><span class=\"s14\">Visita institucional<\/span><span class=\"s14\"> de<\/span> <span class=\"s14\">Vidina<\/span><span class=\"s14\"> Cabrera <\/span><span class=\"s14\">y \u00c1ngel Sabroso <\/span><\/strong><\/p>\n<p class=\"s15\"><span class=\"s12\">La jornada cont\u00f3 con la visita de <\/span><span class=\"s13\">Vidina<\/span><span class=\"s13\"> Cabrera<\/span><span class=\"s14\">,<\/span><span class=\"s12\"> consejera de <\/span><span class=\"s13\">Coalici\u00f3n Canaria en el Cabildo de Gran Canaria<\/span><span class=\"s12\">,<\/span><span class=\"s12\"> quien acudi\u00f3 a la playa de San Andr\u00e9s junto a su pareja, practicante de <\/span><span class=\"s12\">bodyboard<\/span><span class=\"s12\">.<\/span> <span class=\"s12\">\u201cMe emociona ver c\u00f3mo este campeonato pone en valor un deporte con profundas ra\u00edces en nuestras islas y que practican miles de canarios desde hace d\u00e9cadas. Es a\u00fan m\u00e1s especial para m\u00ed porque tambi\u00e9n se vive y se disfruta en mi entorno familiar<\/span><span class=\"s12\">\u201d, expres\u00f3 Cabrera.<\/span><\/p>\n<p class=\"s15\"><span class=\"s12\">Adicionalmente, el viceconsejero de la Actividad F\u00edsica y Deportes del Gobierno de Canarias, \u00c1ngel Sabroso, tambi\u00e9n comparti\u00f3 impresiones <\/span><span class=\"s12\">con los deportistas y <\/span><span class=\"s12\">destac<\/span><span class=\"s12\">\u00f3<\/span><span class=\"s12\"> el fuerte arraigo de este deporte en las islas y el enorme potencial del <\/span><span class=\"s12\">bodyboard<\/span><span class=\"s12\"> en Canarias.<\/span><\/p>\n<p class=\"s15\"><span class=\"s12\">El Oleaje <\/span><span class=\"s12\">Bodyboard<\/span> <span class=\"s12\">Contest<\/span><span class=\"s12\"> 2025, <\/span><span class=\"s12\">organizada por el Club Deportivo de <\/span><span class=\"s12\">Surfing<\/span><span class=\"s12\"> Oleaje junto con la Federaci\u00f3n Espa\u00f1ola de <\/span><span class=\"s12\">Surfing<\/span><span class=\"s12\"> y la Federaci\u00f3n Canaria de Surf<\/span><span class=\"s12\">, es una <\/span><span class=\"s12\">prueba puntuable para la Liga 100% <\/span><span class=\"s12\">Bodyboard<\/span><span class=\"s12\"> y la Liga <\/span><span class=\"s12\">Bodyboard<\/span><span class=\"s12\"> J\u00fanior<\/span><span class=\"s12\">. La competici\u00f3n, posible gracias a <\/span><span class=\"s12\">Kalise<\/span><span class=\"s12\">, <\/span><span class=\"s12\">Tirma<\/span><span class=\"s12\"> y el Ayuntamiento de Arucas<\/span><span class=\"s12\">, tambi\u00e9n <\/span><span class=\"s12\">cuenta con la colaboraci\u00f3n institucional<\/span> <span class=\"s12\">de la Direcci\u00f3n General de Deportes del Gobierno de Canarias, el \u00e1rea de Deportes del Cabildo de Gran Canaria, el Consejo Superior de Deportes, <\/span><span class=\"s12\">Marplasport<\/span><span class=\"s12\">, <\/span><span class=\"s12\">University<\/span><span class=\"s12\"> Surf <\/span><span class=\"s12\">School<\/span><span class=\"s12\"> y Surfing.es.<\/span><\/p>\n","protected":false},"excerpt":{"rendered":"<p>Nacional de Bodyboard Arucas &nbsp; \u2022 El actual campe\u00f3n del mundo original de Gran Canaria consigue la mayor puntuaci\u00f3n en la categor\u00eda Open mientras otro grancanario, Mauro Bola\u00f1os, lo hace en la clase sub18 \u2022 La categor\u00eda M\u00e1ster y Dropknee quedan dominadas por el grancanario Jonathan Vega y el venezolano afincado en Canarias David Valladares [&hellip;]<\/p>\n","protected":false},"author":1,"featured_media":56598,"comment_status":"open","ping_status":"open","sticky":false,"template":"","format":"standard","meta":{"_jetpack_memberships_contains_paid_content":false,"footnotes":""},"categories":[2978],"tags":[3054],"class_list":{"0":"post-56595","1":"post","2":"type-post","3":"status-publish","4":"format-standard","5":"has-post-thumbnail","7":"category-espana","8":"tag-bodyboard"},"jetpack_featured_media_url":"https:\/\/nautica.news\/es\/wp-content\/uploads\/sites\/2\/2025\/06\/IMG_9935.jpeg","jetpack_sharing_enabled":true,"jetpack-related-posts":[],"_links":{"self":[{"href":"https:\/\/nautica.news\/es\/wp-json\/wp\/v2\/posts\/56595","targetHints":{"allow":["GET"]}}],"collection":[{"href":"https:\/\/nautica.news\/es\/wp-json\/wp\/v2\/posts"}],"about":[{"href":"https:\/\/nautica.news\/es\/wp-json\/wp\/v2\/types\/post"}],"author":[{"embeddable":true,"href":"https:\/\/nautica.news\/es\/wp-json\/wp\/v2\/users\/1"}],"replies":[{"embeddable":true,"href":"https:\/\/nautica.news\/es\/wp-json\/wp\/v2\/comments?post=56595"}],"version-history":[{"count":1,"href":"https:\/\/nautica.news\/es\/wp-json\/wp\/v2\/posts\/56595\/revisions"}],"predecessor-version":[{"id":56600,"href":"https:\/\/nautica.news\/es\/wp-json\/wp\/v2\/posts\/56595\/revisions\/56600"}],"wp:featuredmedia":[{"embeddable":true,"href":"https:\/\/nautica.news\/es\/wp-json\/wp\/v2\/media\/56598"}],"wp:attachment":[{"href":"https:\/\/nautica.news\/es\/wp-json\/wp\/v2\/media?parent=56595"}],"wp:term":[{"taxonomy":"category","embeddable":true,"href":"https:\/\/nautica.news\/es\/wp-json\/wp\/v2\/categories?post=56595"},{"taxonomy":"post_tag","embeddable":true,"href":"https:\/\/nautica.news\/es\/wp-json\/wp\/v2\/tags?post=56595"}],"curies":[{"name":"wp","href":"https:\/\/api.w.org\/{rel}","templated":true}]}}