{"id":56571,"date":"2025-06-26T12:15:39","date_gmt":"2025-06-26T12:15:39","guid":{"rendered":"https:\/\/nautica.news\/es\/?p=56571"},"modified":"2025-06-26T12:15:39","modified_gmt":"2025-06-26T12:15:39","slug":"la-flota-de-la-superyacht-cup-palma-2025-lista","status":"publish","type":"post","link":"https:\/\/nautica.news\/es\/la-flota-de-la-superyacht-cup-palma-2025-lista\/","title":{"rendered":"La flota de la Superyacht Cup Palma 2025  lista  !!!"},"content":{"rendered":"<h2>Superyacht Cup Palma<\/h2>\n<p><strong><br \/>\nLos armadores, capitanes y tripulaciones de la espectacular selecci\u00f3n de yates reunidos para la 29.\u00aa edici\u00f3n de la Superyacht Cup Palma ultiman los preparativos antes del inicio de las regatas el pr\u00f3ximo jueves.<\/strong><\/p>\n<p>Con la nueva sede de la regata en el prestigioso Club de Mar-Mallorca, las tripulaciones a bordo de los 11 yates inscritos ya pueden medirse con la competencia en sus respectivas clases, reci\u00e9n anunciadas, en el festival de vela de superyates m\u00e1s longevo de Europa.<\/p>\n<p>En una competitiva Clase A, el d\u00fao Hoek Truly Classic, formado por Atalante y Vijonara, renueva su relaci\u00f3n tras competir el a\u00f1o pasado, y tambi\u00e9n se enfrentar\u00e1 a otro remero que regresa en 2024, el Cervo de 39 metros, dise\u00f1ado por Tripp.<\/p>\n<p>En la misma clase se encuentran tambi\u00e9n dos debutantes en la SYC: el Gelliceaux, un velero Southern Wind dise\u00f1ado por Farr, y un tercero, el Linnea Aurora, un 128 Truly Classic, dise\u00f1ado por Hoek. En definitiva, una emocionante combinaci\u00f3n de estilo y velocidad. &#8220;Es fant\u00e1stico volver a enfrentarnos a nuestros amigos y rivales del a\u00f1o pasado&#8221;, dijo Tony Rey, miembro de la defensa de Vijonara. Tambi\u00e9n es emocionante recibir a nuevos competidores que siempre aportan algo nuevo y quiz\u00e1s inesperado.<\/p>\n<p>&#8220;Tuvimos la suerte de vencer al Atalante en 2024, pero sabemos que tendremos que esforzarnos igual de duro si queremos tener alguna posibilidad de repetir&#8221;, a\u00f1adi\u00f3.<\/p>\n<p>Mientras tanto, la Clase B presenta un abanico de posibilidades y resultados interesantes, entre ellos, el Rose, un velero Wally de 24 metros que defendi\u00f3 con \u00e9xito su t\u00edtulo general del SYC 2023 el a\u00f1o pasado, podr\u00eda convertirse en el primer tricampe\u00f3n de la historia del evento.<\/p>\n<p>Para lograrlo, tendr\u00e1 que superar la formidable oposici\u00f3n que representan cuatro Baltic 68 Caf\u00e9 Racers \u2014Ganesha, Hormar, Open Season y Pink Gin Verde\u2014 y otro sloop de 24 metros, el Y8 Sveam, que debuta en una regata.<\/p>\n<p>El capit\u00e1n del Rose, Ben Potter, declar\u00f3: &#8220;No hace falta decir que los dos \u00faltimos a\u00f1os han sido realmente emocionantes, con grandes regatas.<\/p>\n<p>\u00bfPodemos repetirlo? Pues lo daremos todo, al igual que todos los dem\u00e1s yates de nuestra clase y de toda la flota. Ganemos o perdamos, ser\u00e1 otra experiencia memorable aqu\u00ed en la Superyacht Cup Palma.<\/p>\n<p>Los organizadores del evento de SYC tambi\u00e9n est\u00e1n ultimando los preparativos. La directora del evento, Kate Branagh, coment\u00f3: \u00abSiempre es uno de los mejores momentos de participar en un evento como este cuando los yates llegan y amarran, y los armadores y tripulaciones pueden ponerse al d\u00eda y prepararse para la pr\u00f3xima regata.<\/p>\n<p>Contar con nuestro nuevo Club de Mar-Mallorca como sede ha sido un gran a\u00f1adido este a\u00f1o, y esperamos un ambiente fabuloso en tierra y en nuestros diversos eventos sociales\u00bb.<\/p>\n<p>Tras la inscripci\u00f3n, la reuni\u00f3n informativa del capit\u00e1n y el c\u00f3ctel de bienvenida dar\u00e1n comienzo en el muelle del SYC el mi\u00e9rcoles 25 de junio, mientras que las regatas, cortes\u00eda de la organizaci\u00f3n de regatas a cargo del Real Club N\u00e1utico de Palma, comenzar\u00e1n a las 13:00 h del jueves 26 de junio con el Pantaenius Race Day.<\/p>\n","protected":false},"excerpt":{"rendered":"<p>Superyacht Cup Palma Los armadores, capitanes y tripulaciones de la espectacular selecci\u00f3n de yates reunidos para la 29.\u00aa edici\u00f3n de la Superyacht Cup Palma ultiman los preparativos antes del inicio de las regatas el pr\u00f3ximo jueves. Con la nueva sede de la regata en el prestigioso Club de Mar-Mallorca, las tripulaciones a bordo de los [&hellip;]<\/p>\n","protected":false},"author":1,"featured_media":56572,"comment_status":"open","ping_status":"open","sticky":false,"template":"","format":"standard","meta":{"_jetpack_memberships_contains_paid_content":false,"footnotes":""},"categories":[2978],"tags":[731],"class_list":{"0":"post-56571","1":"post","2":"type-post","3":"status-publish","4":"format-standard","5":"has-post-thumbnail","7":"category-espana","8":"tag-superyacht-cup-palma"},"jetpack_featured_media_url":"https:\/\/nautica.news\/es\/wp-content\/uploads\/sites\/2\/2025\/06\/IMG_9892.png","jetpack_sharing_enabled":true,"jetpack-related-posts":[],"_links":{"self":[{"href":"https:\/\/nautica.news\/es\/wp-json\/wp\/v2\/posts\/56571","targetHints":{"allow":["GET"]}}],"collection":[{"href":"https:\/\/nautica.news\/es\/wp-json\/wp\/v2\/posts"}],"about":[{"href":"https:\/\/nautica.news\/es\/wp-json\/wp\/v2\/types\/post"}],"author":[{"embeddable":true,"href":"https:\/\/nautica.news\/es\/wp-json\/wp\/v2\/users\/1"}],"replies":[{"embeddable":true,"href":"https:\/\/nautica.news\/es\/wp-json\/wp\/v2\/comments?post=56571"}],"version-history":[{"count":2,"href":"https:\/\/nautica.news\/es\/wp-json\/wp\/v2\/posts\/56571\/revisions"}],"predecessor-version":[{"id":56574,"href":"https:\/\/nautica.news\/es\/wp-json\/wp\/v2\/posts\/56571\/revisions\/56574"}],"wp:featuredmedia":[{"embeddable":true,"href":"https:\/\/nautica.news\/es\/wp-json\/wp\/v2\/media\/56572"}],"wp:attachment":[{"href":"https:\/\/nautica.news\/es\/wp-json\/wp\/v2\/media?parent=56571"}],"wp:term":[{"taxonomy":"category","embeddable":true,"href":"https:\/\/nautica.news\/es\/wp-json\/wp\/v2\/categories?post=56571"},{"taxonomy":"post_tag","embeddable":true,"href":"https:\/\/nautica.news\/es\/wp-json\/wp\/v2\/tags?post=56571"}],"curies":[{"name":"wp","href":"https:\/\/api.w.org\/{rel}","templated":true}]}}