{"id":56484,"date":"2025-06-14T11:37:38","date_gmt":"2025-06-14T11:37:38","guid":{"rendered":"https:\/\/nautica.news\/es\/?p=56484"},"modified":"2025-06-14T11:37:38","modified_gmt":"2025-06-14T11:37:38","slug":"fallecio-martin-billoch-pionero-del-yachting-argentino","status":"publish","type":"post","link":"https:\/\/nautica.news\/es\/fallecio-martin-billoch-pionero-del-yachting-argentino\/","title":{"rendered":"Falleci\u00f3 Mart\u00edn Billoch &#8211; Pionero del Yachting Argentino"},"content":{"rendered":"<h3 data-start=\"291\" data-end=\"563\">Mart\u00edn Billoch<\/h3>\n<p data-start=\"291\" data-end=\"563\">\n<strong>La n\u00e1utica argentina despide a una de sus grandes leyendas.<\/strong><\/p>\n<p data-start=\"291\" data-end=\"563\">\n<strong>Mart\u00edn Billoch naci\u00f3 un 5 de noviembre de 1959, y \u00a0se convirti\u00f3 en una de las figuras m\u00e1s destacadas del yachting argentino por sus \u00a0logros que marcaron un antes y un despu\u00e9s en la historia de la n\u00e1utica argentina<\/strong><\/p>\n<p data-start=\"291\" data-end=\"563\"><img loading=\"lazy\" decoding=\"async\" class=\"alignnone size-medium wp-image-56486\" src=\"http:\/\/nautica.news\/es\/wp-content\/uploads\/sites\/2\/2025\/06\/IMG_9752-300x200.jpeg\" alt=\"Mart\u00edn Billoch\" width=\"300\" height=\"200\" title=\"\" srcset=\"https:\/\/nautica.news\/es\/wp-content\/uploads\/sites\/2\/2025\/06\/IMG_9752-300x200.jpeg 300w, https:\/\/nautica.news\/es\/wp-content\/uploads\/sites\/2\/2025\/06\/IMG_9752-150x100.jpeg 150w, https:\/\/nautica.news\/es\/wp-content\/uploads\/sites\/2\/2025\/06\/IMG_9752.jpeg 420w\" sizes=\"auto, (max-width: 300px) 100vw, 300px\" \/><\/p>\n<p data-start=\"565\" data-end=\"865\">Fue el primer argentino en consagrarse Campe\u00f3n Mundial de la Clase Internacional Optimist, en Suiza (1974), y tambi\u00e9n obtuvo el subcampeonato mundial en la clase Cadet. Como tripulante de Diego Peralta Ramos, logr\u00f3 el segundo puesto en el Campeonato Mundial de Dos Toneladas, celebrado en Inglaterra.<\/p>\n<p data-start=\"867\" data-end=\"1147\">Billoch fue subcampe\u00f3n europeo en la clase 470 en dos oportunidades y particip\u00f3 en 14 Campeonatos Mundiales. En los Juegos Panamericanos de Mar del Plata 1995 gan\u00f3 la Medalla de Bronce, y en los Juegos Ol\u00edmpicos de Atlanta 1996 alcanz\u00f3 un meritorio s\u00e9ptimo puesto en la clase 470.<\/p>\n<p data-start=\"1149\" data-end=\"1385\">A nivel nacional, fue dos veces campe\u00f3n argentino en las clases Optimist y 470, tres veces campe\u00f3n en Cadet y Microtonner, y tambi\u00e9n obtuvo t\u00edtulos en J-24, IOR, IMS y Match 30. En 2008 se consagr\u00f3 campe\u00f3n argentino de la clase Grumete.<\/p>\n<p data-start=\"1387\" data-end=\"1718\">Adem\u00e1s de su destacada carrera como deportista, fue Arquitecto Naval y fundador de la empresa Servicios N\u00e1uticos, desde donde dise\u00f1\u00f3 embarcaciones que recibieron importantes reconocimientos. Perteneciente a una familia profundamente vinculada a la n\u00e1utica, mantuvo una relaci\u00f3n estrecha y permanente con el Club N\u00e1utico San Isidro. En 1980 obtuvo el premio Konex.<\/p>\n<p data-start=\"1720\" data-end=\"1822\">Con la muerte de Martin Billoch , el yachting \u00a0argentino est\u00e1 de luto.<\/p>\n","protected":false},"excerpt":{"rendered":"<p>Mart\u00edn Billoch La n\u00e1utica argentina despide a una de sus grandes leyendas. Mart\u00edn Billoch naci\u00f3 un 5 de noviembre de 1959, y \u00a0se convirti\u00f3 en una de las figuras m\u00e1s destacadas del yachting argentino por sus \u00a0logros que marcaron un antes y un despu\u00e9s en la historia de la n\u00e1utica argentina Fue el primer argentino [&hellip;]<\/p>\n","protected":false},"author":1,"featured_media":56485,"comment_status":"open","ping_status":"open","sticky":false,"template":"","format":"standard","meta":{"_jetpack_memberships_contains_paid_content":false,"footnotes":""},"categories":[3622],"tags":[890],"class_list":{"0":"post-56484","1":"post","2":"type-post","3":"status-publish","4":"format-standard","5":"has-post-thumbnail","7":"category-argentina","8":"tag-martin-billoch"},"jetpack_featured_media_url":"https:\/\/nautica.news\/es\/wp-content\/uploads\/sites\/2\/2025\/06\/IMG_9753.jpeg","jetpack_sharing_enabled":true,"jetpack-related-posts":[],"_links":{"self":[{"href":"https:\/\/nautica.news\/es\/wp-json\/wp\/v2\/posts\/56484","targetHints":{"allow":["GET"]}}],"collection":[{"href":"https:\/\/nautica.news\/es\/wp-json\/wp\/v2\/posts"}],"about":[{"href":"https:\/\/nautica.news\/es\/wp-json\/wp\/v2\/types\/post"}],"author":[{"embeddable":true,"href":"https:\/\/nautica.news\/es\/wp-json\/wp\/v2\/users\/1"}],"replies":[{"embeddable":true,"href":"https:\/\/nautica.news\/es\/wp-json\/wp\/v2\/comments?post=56484"}],"version-history":[{"count":2,"href":"https:\/\/nautica.news\/es\/wp-json\/wp\/v2\/posts\/56484\/revisions"}],"predecessor-version":[{"id":56488,"href":"https:\/\/nautica.news\/es\/wp-json\/wp\/v2\/posts\/56484\/revisions\/56488"}],"wp:featuredmedia":[{"embeddable":true,"href":"https:\/\/nautica.news\/es\/wp-json\/wp\/v2\/media\/56485"}],"wp:attachment":[{"href":"https:\/\/nautica.news\/es\/wp-json\/wp\/v2\/media?parent=56484"}],"wp:term":[{"taxonomy":"category","embeddable":true,"href":"https:\/\/nautica.news\/es\/wp-json\/wp\/v2\/categories?post=56484"},{"taxonomy":"post_tag","embeddable":true,"href":"https:\/\/nautica.news\/es\/wp-json\/wp\/v2\/tags?post=56484"}],"curies":[{"name":"wp","href":"https:\/\/api.w.org\/{rel}","templated":true}]}}