{"id":56478,"date":"2025-06-12T13:44:26","date_gmt":"2025-06-12T13:44:26","guid":{"rendered":"https:\/\/nautica.news\/es\/?p=56478"},"modified":"2025-06-12T13:44:26","modified_gmt":"2025-06-12T13:44:26","slug":"todo-a-punto-para-que-arranque-el-campeonato-nacional-de-j70","status":"publish","type":"post","link":"https:\/\/nautica.news\/es\/todo-a-punto-para-que-arranque-el-campeonato-nacional-de-j70\/","title":{"rendered":"Todo a punto para que arranque el campeonato nacional de J70"},"content":{"rendered":"<h1 class=\"s3\"><span class=\"s2\">J70<\/span><\/h1>\n<p class=\"s12\"><strong><span class=\"s9\">La flota espa<\/span><span class=\"s9\">\u00f1<\/span><span class=\"s9\">ola del monotipo J70 se reunir<\/span><span class=\"s9\">\u00e1 <\/span><span class=\"s9\">a partir de ma<\/span><span class=\"s9\">\u00f1<\/span><span class=\"s9\">ana y hasta el pr<\/span><span class=\"s9\">\u00f3<\/span><span class=\"s9\">ximo domingo, en la ciudad de A Coru<\/span><span class=\"s9\">\u00f1<\/span><\/strong><span class=\"s9\"><strong>a para competir en el campeonato nacional de la clase.<\/strong><br \/>\n<\/span><\/p>\n<p class=\"s12\"><span class=\"s9\">Tras las regatas celebradas, tanto en Barcelona como en Vigo por las flotas locales \u00a0durante los meses de invierno y primavera, este campeonato ser<\/span><span class=\"s9\">\u00e1 <\/span><span class=\"s9\">el primero de los dos que la clase nacional J70 celebrar<\/span><span class=\"s9\">\u00e1 <\/span><span class=\"s9\">este a<\/span><span class=\"s9\">\u00f1<\/span><span class=\"s9\">o con una <\/span><span class=\"s9\">\u00e1<\/span><span class=\"s9\">mbito estatal. La competici<\/span><span class=\"s9\">\u00f3<\/span><span class=\"s9\">n ser<\/span><span class=\"s9\">\u00e1 <\/span><span class=\"s9\">el Open de Espa<\/span><span class=\"s9\">\u00f1<\/span><span class=\"s9\">a &#8211; Trofeo Maeloc, tiene un programa de <\/span><span class=\"s9\">un total de 9 pruebas<\/span><span class=\"s9\">, de las cuales d<\/span><span class=\"s9\">eber<\/span><span class=\"s9\">\u00e1<\/span><span class=\"s9\">n completarse dos pruebas para la validez del evento.<\/span><span class=\"s9\"><br \/>\n<\/span><span class=\"s9\"><br \/>\n<\/span><span class=\"s9\">Se contar<\/span><span class=\"s9\">\u00e1 <\/span><span class=\"s9\">con un total de 22 equipos inscritos, procedentes en su mayor<\/span><span class=\"s9\">\u00ed<\/span><span class=\"s9\">a de Espa<\/span><span class=\"s9\">\u00f1<\/span><span class=\"s9\">a, como es l<\/span><span class=\"s9\">\u00f3<\/span><span class=\"s9\">gico, pero adem<\/span><span class=\"s9\">\u00e1<\/span><span class=\"s9\">s participar<\/span><span class=\"s9\">\u00e1 <\/span><span class=\"s9\">un barco brasile<\/span><span class=\"s9\">\u00f1<\/span><span class=\"s9\">o y tres portugueses. Entre los barcos espa<\/span><span class=\"s9\">\u00f1<\/span><span class=\"s9\">oles estar<\/span><span class=\"s9\">\u00e1<\/span><span class=\"s9\">n presentes los equipos m<\/span><span class=\"s9\">\u00e1<\/span><span class=\"s9\">s punteros tanto de la flota mediterr<\/span><span class=\"s9\">\u00e1<\/span><span class=\"s9\">nea con base en Barcelona como de la atl<\/span><span class=\"s9\">\u00e1<\/span><span class=\"s9\">ntica con base en Vigo. La igualdad es tan alta entre estas escuadras que son muchos los favoritos que pueden alzarse con el triunfo final.<\/span><\/p>\n<p class=\"s12\"><span class=\"s9\">Desde Barcelona, no faltar<\/span><span class=\"s9\">\u00e1<\/span><span class=\"s9\">n a la cita barcos referentes como son <\/span><span class=\"s9\">\u201c<\/span><span class=\"s9\">Noticia<\/span><span class=\"s9\">\u201d <\/span><span class=\"s9\">de Luis Cabiedes, reciente campe<\/span><span class=\"s9\">\u00f3<\/span><span class=\"s9\">n del Trofeo Conde God<\/span><span class=\"s9\">\u00f3<\/span><span class=\"s9\">. <\/span><span class=\"s9\">\u201c<\/span><span class=\"s9\">Tenaz<\/span><span class=\"s9\">\u201d <\/span><span class=\"s9\">de Pablo Garriga, que es el actual campe<\/span><span class=\"s9\">\u00f3<\/span><span class=\"s9\">n de Espa<\/span><span class=\"s9\">\u00f1<\/span><span class=\"s9\">a y que revalida intentar<\/span><span class=\"s9\">\u00e1 <\/span><span class=\"s9\">revalidar su t<\/span><span class=\"s9\">\u00ed<\/span><span class=\"s9\">tulo. <\/span><span class=\"s9\">\u201c<\/span><span class=\"s9\">HangTen &#8211; Hnos. Berga<\/span><span class=\"s9\">\u201d<\/span><span class=\"s9\">, con M<\/span><span class=\"s9\">\u00f3<\/span><span class=\"s9\">n Ca<\/span><span class=\"s9\">\u00f1<\/span><span class=\"s9\">ellas de patr<\/span><span class=\"s9\">\u00f3<\/span><span class=\"s9\">n y Jorge Mart<\/span><span class=\"s9\">\u00ed<\/span><span class=\"s9\">nez a la t<\/span><span class=\"s9\">\u00e1<\/span><span class=\"s9\">ctica, campeones de las Barcelona Winter Series y plata en el <\/span><span class=\"s9\">\u00fa<\/span><span class=\"s9\">ltimo Campeonato de Europa corinthian. <\/span><span class=\"s9\">\u201c<\/span><span class=\"s9\">Bodegas Can Marl<\/span><span class=\"s9\">\u00e9<\/span><span class=\"s9\">s<\/span><span class=\"s9\">\u201d<\/span><span class=\"s9\">, con Alejandro P<\/span><span class=\"s9\">\u00e9<\/span><span class=\"s9\">rez y <\/span><span class=\"s9\">\u00c1<\/span><span class=\"s9\">ngel Bl<\/span><span class=\"s9\">\u00e1<\/span><span class=\"s9\">zquez, bronce en el mismo Europeo <\/span><span class=\"s9\">corinthian<\/span><span class=\"s9\">. <\/span><a href=\"https:\/\/www.hsnstore.com\/?utm_source=NotaPrensa&amp;utm_medium=MMCC&amp;utm_campaign=HSN-sailing-Team\" rel=\"noopener\"><span class=\"s14\">\u201c<\/span><span class=\"s14\">HSN Sailing Team<\/span><span class=\"s14\">\u201d<\/span><\/a><span class=\"s9\">, vencedor de las Barcelona Spring Series y campe<\/span><span class=\"s9\">\u00f3<\/span><span class=\"s9\">n de Europa <\/span><span class=\"s9\">corinthian<\/span><span class=\"s9\">, tambi<\/span><span class=\"s9\">\u00e9<\/span><span class=\"s9\">n ser<\/span><span class=\"s9\">\u00e1 <\/span><span class=\"s9\">un serio candidato al triunfo siendo el <\/span><span class=\"s9\">\u00fa<\/span><span class=\"s9\">nico equipo formado <\/span><span class=\"s9\">\u00ed<\/span><span class=\"s9\">ntegramente por tripulantes canarios <\/span><span class=\"s9\">con Javier Padr<\/span><span class=\"s9\">\u00f3<\/span><span class=\"s9\">n a la ca<\/span><span class=\"s9\">\u00f1<\/span><span class=\"s9\">a, Luis Mart<\/span><span class=\"s9\">\u00ed<\/span><span class=\"s9\">nez Doreste a la t<\/span><span class=\"s9\">\u00e1<\/span><span class=\"s9\">ctica, Ricardo Terrades como trimmer y Adolfo L<\/span><span class=\"s9\">\u00f3<\/span><span class=\"s9\">pez en la proa y adem<\/span><span class=\"s9\">\u00e1<\/span><span class=\"s9\">s contar<\/span><span class=\"s9\">\u00e1 <\/span><span class=\"s9\">con el copatrocinio de los Centros de Arte, Cultura y Turismo de Lanzarote. <\/span><\/p>\n<p class=\"s13\">\n<p class=\"s12\"><span class=\"s9\">La flota atl<\/span><span class=\"s9\">\u00e1<\/span><span class=\"s9\">ntica estar<\/span><span class=\"s9\">\u00e1 <\/span><span class=\"s9\">bien representada con equipos con una excelente trayectoria como son <\/span><span class=\"s9\">\u201c<\/span><span class=\"s9\">Marnatura<\/span><span class=\"s9\">\u201d <\/span><span class=\"s9\">de Luis Bugallo y Enrique Freire. Los hermanos Luis y Jorge P<\/span><span class=\"s9\">\u00e9<\/span><span class=\"s9\">rez Canal con sus <\/span><span class=\"s9\">\u201c<\/span><span class=\"s9\">Abril verde<\/span><span class=\"s9\">\u201d <\/span><span class=\"s9\">y <\/span><span class=\"s9\">\u201c<\/span><span class=\"s9\">Abril rojo<\/span><span class=\"s9\">\u201d<\/span><span class=\"s9\">, respectivamente, o el <\/span><span class=\"s9\">\u201c<\/span><span class=\"s9\">Pazo de Cea<\/span><span class=\"s9\">\u201d <\/span><span class=\"s9\">de Andr<\/span><span class=\"s9\">\u00e9<\/span><span class=\"s9\">s G. de Cominges. Adem<\/span><span class=\"s9\">\u00e1<\/span><span class=\"s9\">s de tres equipos de j<\/span><span class=\"s9\">\u00f3<\/span><span class=\"s9\">venes promesas como son <\/span><span class=\"s9\">\u201c<\/span><span class=\"s9\">Bodegas Villanueva<\/span><span class=\"s9\">\u201d<\/span><span class=\"s9\">, actual subcampe<\/span><span class=\"s9\">\u00f3<\/span><span class=\"s9\">n de Europa corinthian, <\/span><span class=\"s9\">\u201c<\/span><span class=\"s9\">Sailway Academy<\/span><span class=\"s9\">\u201d <\/span><span class=\"s9\">de Alejandro P<\/span><span class=\"s9\">\u00e9<\/span><span class=\"s9\">rez Canal o el <\/span><span class=\"s9\">\u201c<\/span><span class=\"s9\">Valmy Energ<\/span><span class=\"s9\">\u00ed<\/span><span class=\"s9\">a<\/span><span class=\"s9\">\u201d <\/span><span class=\"s9\">con los hermanos Berm<\/span><span class=\"s9\">\u00fa<\/span><span class=\"s9\">dez de Castro. <\/span><\/p>\n<p class=\"s13\">\n<p class=\"s12\"><span class=\"s9\">Desde Palma de Mallorca acude <\/span><span class=\"s9\">\u201c<\/span><span class=\"s9\">Patakin<\/span><span class=\"s9\">\u201d <\/span><span class=\"s9\">de Luis Albert, unos de los equipos espa<\/span><span class=\"s9\">\u00f1<\/span><span class=\"s9\">oles m<\/span><span class=\"s9\">\u00e1<\/span><span class=\"s9\">s conocido fuera de nuestras fronteras, o el <\/span><span class=\"s9\">\u201c<\/span><span class=\"s9\">Balearia &#8211; Team RCNP<\/span><span class=\"s9\">\u201d <\/span><span class=\"s9\">de Mar<\/span><span class=\"s9\">\u00ed<\/span><span class=\"s9\">a Bover, actual campeona del mundo de la categor<\/span><span class=\"s9\">\u00ed<\/span><span class=\"s9\">a mixta. Desde D<\/span><span class=\"s9\">\u00e9<\/span><span class=\"s9\">nia, se estrena esta temporada <\/span><span class=\"s9\">\u201c<\/span><span class=\"s9\">Let it be<\/span><span class=\"s9\">\u201d <\/span><span class=\"s9\">de Marcelo Baltzer y con el valenciano Juan Calvo a la ca<\/span><span class=\"s9\">\u00f1<\/span><span class=\"s9\">a. Tambi<\/span><span class=\"s9\">\u00e9<\/span><span class=\"s9\">n estar<\/span><span class=\"s9\">\u00e1<\/span><span class=\"s9\">n en la l<\/span><span class=\"s9\">\u00ed<\/span><span class=\"s9\">nea de salida \u00a0otros barcos espa<\/span><span class=\"s9\">\u00f1<\/span><span class=\"s9\">oles como <\/span><span class=\"s9\">\u201c<\/span><span class=\"s9\">Cobra<\/span><span class=\"s9\">\u201d <\/span><span class=\"s9\">de Gonzalo Romagosa y el <\/span><span class=\"s9\">\u201c<\/span><span class=\"s9\">Correa &#8211; Kessler<\/span><span class=\"s9\">\u201d <\/span><span class=\"s9\">del coru<\/span><span class=\"s9\">\u00f1\u00e9<\/span><span class=\"s9\">s Pancho Correa.<\/span><\/p>\n<p class=\"s13\">\n<p class=\"s12\"><span class=\"s9\">Al cierre de esta edici<\/span><span class=\"s9\">\u00f3<\/span><span class=\"s9\">n, se confirm<\/span><span class=\"s9\">\u00f3 <\/span><span class=\"s9\">la ausencia de uno de los barcos con una tripulaci<\/span><span class=\"s9\">\u00f3<\/span><span class=\"s9\">n de m<\/span><span class=\"s9\">\u00e1<\/span><span class=\"s9\">s nombre. Nos referimos al <\/span><span class=\"s9\">\u201c<\/span><span class=\"s9\">Yupi<\/span><span class=\"s9\">\u201d <\/span><span class=\"s9\">del ol<\/span><span class=\"s9\">\u00ed<\/span><span class=\"s9\">mpico Joan Cardona, que se hab<\/span><span class=\"s9\">\u00ed<\/span><span class=\"s9\">a inscrito con sus compa<\/span><span class=\"s9\">\u00f1<\/span><span class=\"s9\">eros del equipo espa<\/span><span class=\"s9\">\u00f1<\/span><span class=\"s9\">ol de Sail GP como son los medallistas de oro Diego Bot<\/span><span class=\"s9\">\u00ed<\/span><span class=\"s9\">n y Florian Trittel y el canario Joel Rodr<\/span><span class=\"s9\">\u00ed<\/span><span class=\"s9\">guez. Otros equipos habituales de la clase se echar<\/span><span class=\"s9\">\u00e1<\/span><span class=\"s9\">n en falta en el campo de regatas como son <\/span><span class=\"s9\">\u201c<\/span><span class=\"s9\">Laguardia &amp; Moreira<\/span><span class=\"s9\">\u201d <\/span><span class=\"s9\">de Gonzalo Araujo, <\/span><span class=\"s9\">\u201c<\/span><span class=\"s9\">Gunter<\/span><span class=\"s9\">\u201d <\/span><span class=\"s9\">de Javier Sherk o <\/span><span class=\"s9\">\u201c<\/span><span class=\"s9\">Nautia<\/span><span class=\"s9\">\u201d <\/span><span class=\"s9\">de Miquel Coll.<\/span><\/p>\n","protected":false},"excerpt":{"rendered":"<p>J70 La flota espa\u00f1ola del monotipo J70 se reunir\u00e1 a partir de ma\u00f1ana y hasta el pr\u00f3ximo domingo, en la ciudad de A Coru\u00f1a para competir en el campeonato nacional de la clase. Tras las regatas celebradas, tanto en Barcelona como en Vigo por las flotas locales \u00a0durante los meses de invierno y primavera, este [&hellip;]<\/p>\n","protected":false},"author":1,"featured_media":56479,"comment_status":"open","ping_status":"open","sticky":false,"template":"","format":"standard","meta":{"_jetpack_memberships_contains_paid_content":false,"footnotes":""},"categories":[2978],"tags":[203],"class_list":{"0":"post-56478","1":"post","2":"type-post","3":"status-publish","4":"format-standard","5":"has-post-thumbnail","7":"category-espana","8":"tag-j70"},"jetpack_featured_media_url":"https:\/\/nautica.news\/es\/wp-content\/uploads\/sites\/2\/2025\/06\/IMG_9726.jpeg","jetpack_sharing_enabled":true,"jetpack-related-posts":[],"_links":{"self":[{"href":"https:\/\/nautica.news\/es\/wp-json\/wp\/v2\/posts\/56478","targetHints":{"allow":["GET"]}}],"collection":[{"href":"https:\/\/nautica.news\/es\/wp-json\/wp\/v2\/posts"}],"about":[{"href":"https:\/\/nautica.news\/es\/wp-json\/wp\/v2\/types\/post"}],"author":[{"embeddable":true,"href":"https:\/\/nautica.news\/es\/wp-json\/wp\/v2\/users\/1"}],"replies":[{"embeddable":true,"href":"https:\/\/nautica.news\/es\/wp-json\/wp\/v2\/comments?post=56478"}],"version-history":[{"count":1,"href":"https:\/\/nautica.news\/es\/wp-json\/wp\/v2\/posts\/56478\/revisions"}],"predecessor-version":[{"id":56480,"href":"https:\/\/nautica.news\/es\/wp-json\/wp\/v2\/posts\/56478\/revisions\/56480"}],"wp:featuredmedia":[{"embeddable":true,"href":"https:\/\/nautica.news\/es\/wp-json\/wp\/v2\/media\/56479"}],"wp:attachment":[{"href":"https:\/\/nautica.news\/es\/wp-json\/wp\/v2\/media?parent=56478"}],"wp:term":[{"taxonomy":"category","embeddable":true,"href":"https:\/\/nautica.news\/es\/wp-json\/wp\/v2\/categories?post=56478"},{"taxonomy":"post_tag","embeddable":true,"href":"https:\/\/nautica.news\/es\/wp-json\/wp\/v2\/tags?post=56478"}],"curies":[{"name":"wp","href":"https:\/\/api.w.org\/{rel}","templated":true}]}}