{"id":56441,"date":"2025-06-08T13:33:47","date_gmt":"2025-06-08T13:33:47","guid":{"rendered":"https:\/\/nautica.news\/es\/?p=56441"},"modified":"2025-06-08T13:33:47","modified_gmt":"2025-06-08T13:33:47","slug":"zarpo-la-fragata-libertad-2","status":"publish","type":"post","link":"https:\/\/nautica.news\/es\/zarpo-la-fragata-libertad-2\/","title":{"rendered":"Zarp\u00f3 la Fragata Libertad"},"content":{"rendered":"<h4 class=\"\n                  font-caladeaRegular text-neutral-850 text-custom-30 leading-8\n\n                  lg:text-custom-50 lg:leading-[52px]\">Zarp\u00f3 la Fragata Libertad en su 53\u00b0 viaje<\/h4>\n<p class=\"text-class\">La <strong>Fragata ARA Libertad<\/strong> zarp\u00f3 este s\u00e1bado desde la D\u00e1rsena Norte del Puerto de Buenos Aires, hacia una nueva traves\u00eda de 169 d\u00edas por el mundo, dando inicio a su 53\u00b0 viaje de instrucci\u00f3n, com m\u00e1s \u00a0de 50 guardiamarinas que \u00a0se entrenar\u00e1n a bordo del buque escuela de la Armada Argentina.<\/p>\n<p class=\"text-class\">Latraves\u00eda formar\u00e1 a m\u00e1s de 50 guardiamarinas de la Escuela Naval Militar, que durante 169 d\u00edas recorrer\u00e1n 21.425 millas n\u00e1uticas y visitar\u00e1n 10 puertos en Am\u00e9rica y Europa.<\/p>\n<div id=\"ad-slot-caja2\" class=\"ad-slot-inline ad-slot\" data-collapse_unfilled=\"1\" data-adtype=\"inline\" data-google-query-id=\"CJLI4OT24Y0DFVqEYQYd1l0iNA\">\n<div id=\"google_ads_iframe_\/6955764\/LaVoz2021\/notas\/caja2_0__container__\"><\/div>\n<\/div>\n<p class=\"text-class\">El itinerario 2025 incluye escalas en Recife (Brasil), Ferrol (Espa\u00f1a), Kristiansand (Noruega), Hamburgo (Alemania), \u00c1msterdam (Pa\u00edses Bajos), Lisboa (Portugal), Puerto Lim\u00f3n (Costa Rica), Baltimore (EE.UU.), Santo Domingo (Rep\u00fablica Dominicana) y Fortaleza (Brasil). El regreso est\u00e1 previsto para el 23 de noviembre.<\/p>\n","protected":false},"excerpt":{"rendered":"<p>Zarp\u00f3 la Fragata Libertad en su 53\u00b0 viaje La Fragata ARA Libertad zarp\u00f3 este s\u00e1bado desde la D\u00e1rsena Norte del Puerto de Buenos Aires, hacia una nueva traves\u00eda de 169 d\u00edas por el mundo, dando inicio a su 53\u00b0 viaje de instrucci\u00f3n, com m\u00e1s \u00a0de 50 guardiamarinas que \u00a0se entrenar\u00e1n a bordo del buque escuela [&hellip;]<\/p>\n","protected":false},"author":1,"featured_media":56442,"comment_status":"open","ping_status":"open","sticky":false,"template":"","format":"standard","meta":{"_jetpack_memberships_contains_paid_content":false,"footnotes":""},"categories":[3622],"tags":[308],"class_list":{"0":"post-56441","1":"post","2":"type-post","3":"status-publish","4":"format-standard","5":"has-post-thumbnail","7":"category-argentina","8":"tag-fragata-libertad"},"jetpack_featured_media_url":"https:\/\/nautica.news\/es\/wp-content\/uploads\/sites\/2\/2025\/06\/IMG_9686.png","jetpack_sharing_enabled":true,"jetpack-related-posts":[],"_links":{"self":[{"href":"https:\/\/nautica.news\/es\/wp-json\/wp\/v2\/posts\/56441","targetHints":{"allow":["GET"]}}],"collection":[{"href":"https:\/\/nautica.news\/es\/wp-json\/wp\/v2\/posts"}],"about":[{"href":"https:\/\/nautica.news\/es\/wp-json\/wp\/v2\/types\/post"}],"author":[{"embeddable":true,"href":"https:\/\/nautica.news\/es\/wp-json\/wp\/v2\/users\/1"}],"replies":[{"embeddable":true,"href":"https:\/\/nautica.news\/es\/wp-json\/wp\/v2\/comments?post=56441"}],"version-history":[{"count":2,"href":"https:\/\/nautica.news\/es\/wp-json\/wp\/v2\/posts\/56441\/revisions"}],"predecessor-version":[{"id":56444,"href":"https:\/\/nautica.news\/es\/wp-json\/wp\/v2\/posts\/56441\/revisions\/56444"}],"wp:featuredmedia":[{"embeddable":true,"href":"https:\/\/nautica.news\/es\/wp-json\/wp\/v2\/media\/56442"}],"wp:attachment":[{"href":"https:\/\/nautica.news\/es\/wp-json\/wp\/v2\/media?parent=56441"}],"wp:term":[{"taxonomy":"category","embeddable":true,"href":"https:\/\/nautica.news\/es\/wp-json\/wp\/v2\/categories?post=56441"},{"taxonomy":"post_tag","embeddable":true,"href":"https:\/\/nautica.news\/es\/wp-json\/wp\/v2\/tags?post=56441"}],"curies":[{"name":"wp","href":"https:\/\/api.w.org\/{rel}","templated":true}]}}