{"id":56428,"date":"2025-06-07T13:37:31","date_gmt":"2025-06-07T13:37:31","guid":{"rendered":"https:\/\/nautica.news\/es\/?p=56428"},"modified":"2025-06-07T13:37:31","modified_gmt":"2025-06-07T13:37:31","slug":"la-fragata-libertad-zarpa-este-7-de-junio-desde-la-darsena-norte","status":"publish","type":"post","link":"https:\/\/nautica.news\/es\/la-fragata-libertad-zarpa-este-7-de-junio-desde-la-darsena-norte\/","title":{"rendered":"La Fragata Libertad zarpa este  7 de junio desde la D\u00e1rsena Norte"},"content":{"rendered":"<h2>Fragata Libertad<\/h2>\n<h4>\nLa Fragata ARA \u201cLibertad\u201d zarpa este \u00a07 de junio desde la D\u00e1rsena Norte del Puerto de Buenos Aires para dar inicio a su LIII Viaje de Instrucci\u00f3n<\/h4>\n<p><strong><span style=\"color: #222222; font-family: Verdana, BlinkMacSystemFont, -apple-system, 'Segoe UI', Roboto, Oxygen, Ubuntu, Cantarell, 'Open Sans', 'Helvetica Neue', sans-serif; font-size: 15px;\">El buque escuela zarpar\u00e1 con \u00a0270 tripulantes, entre ellos 27 oficiales, 51 guardiamarinas en comisi\u00f3n, 192 suboficiales y cabos. El 30% de la tripulaci\u00f3n est\u00e1 conformada por mujeres, cinco son oficiales, 54 suboficiales y 14 son Guardiamarinas en Comisi\u00f3n.<\/span><\/strong><\/p>\n<p><span style=\"color: #222222; font-family: Verdana, BlinkMacSystemFont, -apple-system, 'Segoe UI', Roboto, Oxygen, Ubuntu, Cantarell, 'Open Sans', 'Helvetica Neue', sans-serif; font-size: 15px;\">El<\/span><span style=\"color: #222222; font-family: Verdana, BlinkMacSystemFont, -apple-system, 'Segoe UI', Roboto, Oxygen, Ubuntu, Cantarell, 'Open Sans', 'Helvetica Neue', sans-serif; font-size: 15px;\">\u00a0viaje tiene como objetivo completar la formaci\u00f3n profesional de Guardiamarinas en comisi\u00f3n, pertenecientes a las promociones 154\u00ba del Escalaf\u00f3n Comando Naval, 89\u00ba del Escalaf\u00f3n Infanter\u00eda de Marina y 110\u00ba del Cuerpo Profesional, Escalaf\u00f3n Intendencia, de la Escuela Naval Militar.<\/span><\/p>\n<p>La <strong>Fragata ARA \u201cLibertad\u201d<\/strong> fue construida por Astilleros y Fabricaciones Navales del Estado (AFNE) en R\u00edo Santiago, provincia de Buenos Aires. La entrega del buque a la Armada y su afirmaci\u00f3n del pabell\u00f3n fue el 28 de mayo de 1963, realizando el 1\u00ba Viaje de Instrucci\u00f3n entre el 19 de junio y el 6 de diciembre.<\/p>\n<p>En 1966, realiz\u00f3 el IV Viaje de Instrucci\u00f3n y obtuvo el r\u00e9cord mundial de velocidad en el cruce del Atl\u00e1ntico Norte a vela.<\/p>\n<p>El velamen est\u00e1 compuesto por 27 velas: 11 cuchillas y una cangreja en el palo mesana con botavara met\u00e1lica. De aquellas, 5 son foques, 3 estays del palo mayor y 3 estays de mesana. El resto son 15 velas cuadras, distribuidas en 5 vergas por palo.<\/p>\n<p>Su mascar\u00f3n de proa, que representa la Rep\u00fablica y su sentimiento arraigado de libertad, es una obra de arte del escultor espa\u00f1ol Carlos Garc\u00eda Gonz\u00e1lez.<\/p>\n<p>&nbsp;<\/p>\n","protected":false},"excerpt":{"rendered":"<p>Fragata Libertad La Fragata ARA \u201cLibertad\u201d zarpa este \u00a07 de junio desde la D\u00e1rsena Norte del Puerto de Buenos Aires para dar inicio a su LIII Viaje de Instrucci\u00f3n El buque escuela zarpar\u00e1 con \u00a0270 tripulantes, entre ellos 27 oficiales, 51 guardiamarinas en comisi\u00f3n, 192 suboficiales y cabos. El 30% de la tripulaci\u00f3n est\u00e1 conformada [&hellip;]<\/p>\n","protected":false},"author":1,"featured_media":56429,"comment_status":"open","ping_status":"open","sticky":false,"template":"","format":"standard","meta":{"_jetpack_memberships_contains_paid_content":false,"footnotes":""},"categories":[3648],"tags":[308],"class_list":{"0":"post-56428","1":"post","2":"type-post","3":"status-publish","4":"format-standard","5":"has-post-thumbnail","7":"category-argentina-2","8":"tag-fragata-libertad"},"jetpack_featured_media_url":"https:\/\/nautica.news\/es\/wp-content\/uploads\/sites\/2\/2025\/06\/IMG_9678.jpeg","jetpack_sharing_enabled":true,"jetpack-related-posts":[],"_links":{"self":[{"href":"https:\/\/nautica.news\/es\/wp-json\/wp\/v2\/posts\/56428","targetHints":{"allow":["GET"]}}],"collection":[{"href":"https:\/\/nautica.news\/es\/wp-json\/wp\/v2\/posts"}],"about":[{"href":"https:\/\/nautica.news\/es\/wp-json\/wp\/v2\/types\/post"}],"author":[{"embeddable":true,"href":"https:\/\/nautica.news\/es\/wp-json\/wp\/v2\/users\/1"}],"replies":[{"embeddable":true,"href":"https:\/\/nautica.news\/es\/wp-json\/wp\/v2\/comments?post=56428"}],"version-history":[{"count":2,"href":"https:\/\/nautica.news\/es\/wp-json\/wp\/v2\/posts\/56428\/revisions"}],"predecessor-version":[{"id":56431,"href":"https:\/\/nautica.news\/es\/wp-json\/wp\/v2\/posts\/56428\/revisions\/56431"}],"wp:featuredmedia":[{"embeddable":true,"href":"https:\/\/nautica.news\/es\/wp-json\/wp\/v2\/media\/56429"}],"wp:attachment":[{"href":"https:\/\/nautica.news\/es\/wp-json\/wp\/v2\/media?parent=56428"}],"wp:term":[{"taxonomy":"category","embeddable":true,"href":"https:\/\/nautica.news\/es\/wp-json\/wp\/v2\/categories?post=56428"},{"taxonomy":"post_tag","embeddable":true,"href":"https:\/\/nautica.news\/es\/wp-json\/wp\/v2\/tags?post=56428"}],"curies":[{"name":"wp","href":"https:\/\/api.w.org\/{rel}","templated":true}]}}