{"id":56416,"date":"2025-06-07T13:27:19","date_gmt":"2025-06-07T13:27:19","guid":{"rendered":"https:\/\/nautica.news\/es\/?p=56416"},"modified":"2025-06-07T13:27:19","modified_gmt":"2025-06-07T13:27:19","slug":"la-feria-internacional-del-mar-celebra-su-14-edicion","status":"publish","type":"post","link":"https:\/\/nautica.news\/es\/la-feria-internacional-del-mar-celebra-su-14-edicion\/","title":{"rendered":"La Feria Internacional del Mar celebra su 14 edici\u00f3n"},"content":{"rendered":"<h2>Feria Internacional del Mar<\/h2>\n<p><strong data-removefontsize=\"true\" data-originalcomputedfontsize=\"16\"><br \/>\nFimar suma innovaci\u00f3n, desarrollo sostenible y cultura oce\u00e1nica para celebrar su 14 edici\u00f3n\u00a0<\/strong><\/p>\n<div><\/div>\n<p><strong><em data-removefontsize=\"true\" data-originalcomputedfontsize=\"16\">La Feria Internacional del Mar, que se lleva a cabo\u00a0 hasta el pr\u00f3ximo domingo, 8 de junio, invita al p\u00fablico bajo el lema \u2018Sostenibilidad del borde litoral canario\u2019<\/em>\u00a0<\/strong><\/p>\n<div data-removefontsize=\"true\" data-originalcomputedfontsize=\"16\"><strong>Llega el gran d\u00eda y la 14 edici\u00f3n de la Feria Internacional del Mar 2025 abre sus puertas. Sara y Asier, del CEIP Las Alcaravaneras hicieron sonar en la ma\u00f1ana de este viernes la peque\u00f1a campa\u00f1a que como cada a\u00f1o anuncia el comienzo de Fimar, que se celebra hasta el domingo 8 de junio en el Muelle de Sanap\u00fa, en el Puerto de Las Palmas, entre el acuario Poema del Mar y la Pasarela Onda Atl\u00e1ntica, con el enfoque especial la \u2018Sostenibilidad del borde litoral canario\u2019.<\/strong><\/div>\n<div><\/div>\n<p>El presidente del Cabildo de Gran Canaria,\u00a0<strong data-removefontsize=\"true\" data-originalcomputedfontsize=\"16\">Antonio Morales<\/strong>, la alcaldesa de Las Palmas de Gran Canaria, <strong data-removefontsize=\"true\" data-originalcomputedfontsize=\"16\">Carolina Darias<\/strong>, y la presidenta de la Autoridad Portuaria, <strong data-removefontsize=\"true\" data-originalcomputedfontsize=\"16\">Beatriz Calzada<\/strong>, procedieron a la inauguraci\u00f3n de la feria, que este a\u00f1o cuenta con m\u00e1s de medio centenar de expositores, 80 estands y un amplio programa de charlas divulgativas, ocio ciudadano, zona infantil y zona de restauraci\u00f3n, en lo que se ha instituido como la gran cita de la econom\u00eda azul en la ciudad, en la Isla y en Canarias.<\/p>\n<div><\/div>\n<p>Fimar 2025 es un evento que promueven el\u00a0<strong data-removefontsize=\"true\" data-originalcomputedfontsize=\"16\">Cabildo de Gran Canaria<\/strong>, el\u00a0<strong data-removefontsize=\"true\" data-originalcomputedfontsize=\"16\">Ayuntamiento de Las Palmas de Gran Canaria<\/strong>\u00a0y\u00a0<strong data-removefontsize=\"true\" data-originalcomputedfontsize=\"16\">Puertos de Las Palmas<\/strong>, y que organizan la concejal\u00eda de\u00a0<strong data-removefontsize=\"true\" data-originalcomputedfontsize=\"16\">Ciudad de Mar<\/strong>\u00a0de la capital grancanaria e\u00a0<strong data-removefontsize=\"true\" data-originalcomputedfontsize=\"16\">Infecar, Feria de Gran Canaria<\/strong>.<\/p>\n<div><\/div>\n<p><strong data-removefontsize=\"true\" data-originalcomputedfontsize=\"16\">FIMAR 2025<\/strong>A lo largo de la ma\u00f1ana y en un ambiente festivo, el p\u00fablico se ha ido sumando desde su inauguraci\u00f3n con progresiva intensidad a FIMAR, visitando unas instalaciones en las que se han instalado m\u00e1s medio centenar de expositores y 80 estands.\u00a0 Esta nueva edici\u00f3n de la <strong data-removefontsize=\"true\" data-originalcomputedfontsize=\"16\">Feria Internacional del Mar<\/strong> cuenta este 2025 con una amplia representaci\u00f3n de instituciones, entidades p\u00fablicas, privadas y acad\u00e9micas, clubes deportivos, organizaciones ciudadanas y empresas de sectores como la <strong data-removefontsize=\"true\" data-originalcomputedfontsize=\"16\">N\u00e1utica<\/strong> y sus proveedores, el ocio y los <strong data-removefontsize=\"true\" data-originalcomputedfontsize=\"16\">deportes acu\u00e1ticos<\/strong>, el <strong data-removefontsize=\"true\" data-originalcomputedfontsize=\"16\">sector marino y mar\u00edtimo<\/strong>, el entorno portuario y la <strong data-removefontsize=\"true\" data-originalcomputedfontsize=\"16\">moda n\u00e1utica<\/strong>. De ah\u00ed que el evento siga apareciendo como el gran foro para reforzar las relaciones comerciales, hacer negocios y facilitar los canales de comunicaci\u00f3n entre el sector p\u00fablico y privado.<\/p>\n<div><\/div>\n<p><strong data-removefontsize=\"true\" data-originalcomputedfontsize=\"16\">Ciudad invitada: Ericeira<\/strong><\/p>\n<div data-removefontsize=\"true\" data-originalcomputedfontsize=\"16\">FIMAR cuenta nuevamente con la representaci\u00f3n de una ciudad invitada: Ericeira. Una poblaci\u00f3n litoral ubicada a 35 kil\u00f3metros de Lisboa, consagrada como Reserva Mundial de Surf por la organizaci\u00f3n no gubernamental Save the Waves CoaliGon y que, como Las Palmas de Gran Canaria, forma parte de la World Surf Citties Network, la red mundial de ciudades de surf.<\/div>\n<div><\/div>\n<p><strong data-removefontsize=\"true\" data-originalcomputedfontsize=\"16\">Un gran programa divulgativo<\/strong><\/p>\n<div data-removefontsize=\"true\" data-originalcomputedfontsize=\"16\">Durante estos d\u00edas de la feria, el p\u00fablico disfrutar\u00e1 de un amplio programa divulgativo con actividades abiertas y gratuitas. Todos estos contenidos y su divulgaci\u00f3n corren a cargo de diferentes investigadores y expertos presentes en Fimar. Una relaci\u00f3n de ponentes en la que se incluyen especialistas de diversas entidades y departamentos de la Universidad de Las Palmas de Gran Canaria, como Laura Su\u00e1rez Betancor (del Instituto de Oceanograf\u00eda y Cambio Global, IOCAG), Anna Cunill S\u00e1ez, Marina Guti\u00e9rrez Garc\u00eda, Jacob Stefan Torres Ojeda, Giovanny Alejandro Cuervo Londo\u00f1o y Charles Jouan (del Instituto Universitario ECOAQUA), Juli\u00e1n Andr\u00e9s S\u00e1nchez y Raquel Patricia Puig Lozano (del Instituto Universitario de Sanidad Animal y Seguridad Alimentaria, IUSA) o Ianna Francine Luna Duval y Ana Molina Rodr\u00edguez (de la Facultad de Ciencias del Mar).<\/div>\n<div><\/div>\n<div data-removefontsize=\"true\" data-originalcomputedfontsize=\"16\">En esta lista de divulgadores figuran igualmente Mar Fern\u00e1ndez, Mirian Arellano, Joaqu\u00edn Ortiz y Beatriz Fern\u00e1ndez, de la firma Macrocarb\u00f3n, dedicada al cultivo de algas con fines industriales.<\/div>\n<div><\/div>\n<div data-removefontsize=\"true\" data-originalcomputedfontsize=\"16\">FIMAR tambi\u00e9n ser\u00e1 un espacio para descubrir los avances tecnol\u00f3gicos en el mundo marino como la exploraci\u00f3n con robots aut\u00f3nomos, la evoluci\u00f3n del medio marino con predicciones de la inteligencia artificial y producci\u00f3n de combustibles sostenibles a partir de microalgas. Todo ello, presentado por expertos de la Universidad de Las Palmas de Gran Canaria y otras instituciones, que compartir\u00e1n sus conocimientos y descubrimientos.<\/div>\n<div><\/div>\n<div data-removefontsize=\"true\" data-originalcomputedfontsize=\"16\">Adem\u00e1s, se ofrecer\u00e1n pautas para establecer una gu\u00eda para educadores y ciudadanos en torno al cambio clim\u00e1tico. O medidas para proteger al consumidor del impacto de la ciguatoxina que pueden absorber peces y mariscos. Y el p\u00fablico asistente a la feria descubrir\u00e1 cu\u00e1l es el impacto real del turismo en las estad\u00edsticas que miden las basuras marinas en el Archipi\u00e9lago, en otra cuesti\u00f3n de gran trascendencia en el contexto actual.<\/div>\n<div><\/div>\n<p><strong data-removefontsize=\"true\" data-originalcomputedfontsize=\"16\">Actividades para los m\u00e1s peque\u00f1os y las familias<\/strong><\/p>\n<div data-removefontsize=\"true\" data-originalcomputedfontsize=\"16\">Y no faltar\u00e1n las actividades para los m\u00e1s peque\u00f1os y las familias: talleres, cuentacuentos, cantajuegos y un \u00e1rea infantil que cada a\u00f1o gana protagonismo. Adem\u00e1s, los asistentes podr\u00e1n disfrutar de paseos mar\u00edtimos entre el Muelle Santa Catalina y el Muelle Deportivo, visitar embarcaciones de Salvamento Mar\u00edtimo, \u00a0deleitarse con la gastronom\u00eda local en una zona especialmente preparada para ello y disfrutar de un pasacalle, el s\u00e1bado 7 de junio, y la actuaci\u00f3n de la banda grancanaria Los Lola, el domingo 8.<\/div>\n<div><\/div>\n<div data-removefontsize=\"true\" data-originalcomputedfontsize=\"16\">Los horarios de los paseos mar\u00edtimos son: el s\u00e1bado 7 de junio habr\u00e1 salidas gratuitas a las 11:00h, 12:30h, 14:00h, 15:30h, 17:00h y 18:30h; y el domingo 8 de junio el horario ser\u00e1 a las 10:30h, 12:00h y 13:30h. Todas las visitas saldr\u00e1n desde el Muelle Wilson.<\/div>\n<div><\/div>\n<div data-removefontsize=\"true\" data-originalcomputedfontsize=\"16\">Tambi\u00e9n podr\u00e1n asistir al Museo Elder los d\u00edas 7 y 8 de junio, donde podr\u00e1n disfrutar de una actividad paralela en el Planetario con charlas sobre \u2018Navegando con las Estrellas\u2019, en horario de: 11:00, 13:00 y 17:00 horas, el 7 de junio; y a las 11:00, 12:00 y 13:00 horas, el 8 de junio.<\/div>\n<div><\/div>\n<div data-removefontsize=\"true\" data-originalcomputedfontsize=\"16\">Esta nueva edici\u00f3n de Fimar, que abre sus puertas siendo una oportunidad \u00fanica para acercarse a la realidad de los oc\u00e9anos, conocer los avances en investigaci\u00f3n y tecnolog\u00eda, y reflexionar sobre c\u00f3mo podemos contribuir a la econom\u00eda azul y a la protecci\u00f3n del medio marino en Canarias y m\u00e1s all\u00e1. Todo ello en un entorno dise\u00f1ado para el ocio y el disfrute ciudadano, reafirmando la conexi\u00f3n de Las Palmas con el mar y su tradici\u00f3n mar\u00edtima.<\/div>\n<div><\/div>\n<p><strong data-removefontsize=\"true\" data-originalcomputedfontsize=\"16\">Los horarios de apertura<\/strong> de la feria, que cuenta con acceso gratuito, son este viernes hasta las 20:00 horas; ma\u00f1ana s\u00e1bado de 10:30 a 20:00 horas: y de 10:30 a 15:00 horas, el domingo 8.<\/p>\n<div><\/div>\n<p><strong data-removefontsize=\"true\" data-originalcomputedfontsize=\"16\">Organizaci\u00f3n y entidades colaboradoras<\/strong><\/p>\n<div data-removefontsize=\"true\" data-originalcomputedfontsize=\"16\">FIMAR est\u00e1 impulsada por el Cabildo de Gran Canaria, Ayuntamiento de Las Palmas de Gran Canaria y la Autoridad Portuaria de Las Palmas, y organizada por la Concejal\u00eda de Ciudad de Mar de la ciudad e Infecar, Feria de Gran Canaria.<\/div>\n<div><\/div>\n<div data-removefontsize=\"true\" data-originalcomputedfontsize=\"16\">En la organizaci\u00f3n de FIMAR colaboran, adem\u00e1s, la Consejer\u00eda del Sector Primario, Soberan\u00eda Alimentaria y Seguridad H\u00eddrica del Cabildo de Gran Canaria, la Universidad de Las Palmas de Gran Canaria (ULPGC), el Cl\u00faster Mar\u00edtimo de Canarias, Gesplan \u00a0(RedPromar, Educaisla) y el Instituto Municipal de Empleo y Formaci\u00f3n del Ayuntamiento de Las Palmas de Gran Canaria (IMEF).<\/div>\n<div><\/div>\n<p><strong>Todos los detalles de esta nueva edici\u00f3n de Fimar, la Feria Internacional del Mar, as\u00ed como su programaci\u00f3n y empresas participantes, se pueden consultar de forma en la web oficial de la feria,\u00a0<a href=\"https:\/\/feriainternacionaldelmar.com\/\" target=\"_blank\" rel=\"noopener\" data-saferedirecturl=\"https:\/\/www.google.com\/url?q=https:\/\/feriainternacionaldelmar.com\/&amp;source=gmail&amp;ust=1749338647377000&amp;usg=AOvVaw0S5xPTYyM0ZRKmocQuUOgD\" data-removefontsize=\"true\" data-originalcomputedfontsize=\"16\">https:\/\/<wbr \/>feriainternacionaldelmar.com<\/a><\/strong><\/p>\n","protected":false},"excerpt":{"rendered":"<p>Feria Internacional del Mar Fimar suma innovaci\u00f3n, desarrollo sostenible y cultura oce\u00e1nica para celebrar su 14 edici\u00f3n\u00a0 La Feria Internacional del Mar, que se lleva a cabo\u00a0 hasta el pr\u00f3ximo domingo, 8 de junio, invita al p\u00fablico bajo el lema \u2018Sostenibilidad del borde litoral canario\u2019\u00a0 Llega el gran d\u00eda y la 14 edici\u00f3n de la [&hellip;]<\/p>\n","protected":false},"author":1,"featured_media":56426,"comment_status":"open","ping_status":"open","sticky":false,"template":"","format":"standard","meta":{"_jetpack_memberships_contains_paid_content":false,"footnotes":""},"categories":[2978],"tags":[3700],"class_list":{"0":"post-56416","1":"post","2":"type-post","3":"status-publish","4":"format-standard","5":"has-post-thumbnail","7":"category-espana","8":"tag-feria-internacional-del-mar"},"jetpack_featured_media_url":"https:\/\/nautica.news\/es\/wp-content\/uploads\/sites\/2\/2025\/06\/IMG_9675-e1749302760184.jpeg","jetpack_sharing_enabled":true,"jetpack-related-posts":[],"_links":{"self":[{"href":"https:\/\/nautica.news\/es\/wp-json\/wp\/v2\/posts\/56416","targetHints":{"allow":["GET"]}}],"collection":[{"href":"https:\/\/nautica.news\/es\/wp-json\/wp\/v2\/posts"}],"about":[{"href":"https:\/\/nautica.news\/es\/wp-json\/wp\/v2\/types\/post"}],"author":[{"embeddable":true,"href":"https:\/\/nautica.news\/es\/wp-json\/wp\/v2\/users\/1"}],"replies":[{"embeddable":true,"href":"https:\/\/nautica.news\/es\/wp-json\/wp\/v2\/comments?post=56416"}],"version-history":[{"count":1,"href":"https:\/\/nautica.news\/es\/wp-json\/wp\/v2\/posts\/56416\/revisions"}],"predecessor-version":[{"id":56427,"href":"https:\/\/nautica.news\/es\/wp-json\/wp\/v2\/posts\/56416\/revisions\/56427"}],"wp:featuredmedia":[{"embeddable":true,"href":"https:\/\/nautica.news\/es\/wp-json\/wp\/v2\/media\/56426"}],"wp:attachment":[{"href":"https:\/\/nautica.news\/es\/wp-json\/wp\/v2\/media?parent=56416"}],"wp:term":[{"taxonomy":"category","embeddable":true,"href":"https:\/\/nautica.news\/es\/wp-json\/wp\/v2\/categories?post=56416"},{"taxonomy":"post_tag","embeddable":true,"href":"https:\/\/nautica.news\/es\/wp-json\/wp\/v2\/tags?post=56416"}],"curies":[{"name":"wp","href":"https:\/\/api.w.org\/{rel}","templated":true}]}}