{"id":56297,"date":"2025-05-28T22:18:21","date_gmt":"2025-05-28T22:18:21","guid":{"rendered":"https:\/\/nautica.news\/es\/?p=56297"},"modified":"2025-05-28T22:18:21","modified_gmt":"2025-05-28T22:18:21","slug":"el-velero-argentino-matrero-compite-en-tres-regatas-del-mediterraneo","status":"publish","type":"post","link":"https:\/\/nautica.news\/es\/el-velero-argentino-matrero-compite-en-tres-regatas-del-mediterraneo\/","title":{"rendered":"El velero argentino \u201cMatrero\u201d compite en tres regatas del Mediterr\u00e1neo"},"content":{"rendered":"<h2><span data-originalfontsize=\"20pt\" data-originalcomputedfontsize=\"26.666666\">Velero Matrero<\/span><\/h2>\n<p><strong>Los cl\u00e1sicos grandes veleros de \u00e9poca desplegar\u00e1n sus velas a partir de ma\u00f1ana en la bella ciudad it\u00e1lica de San Remo en el marco de las Grandi Regate Internazionali, organizadas por el Yacht Club Sanremo (YCS), competencia que representa el principal reto del semestre. Y ah\u00ed estar\u00e1 en la grilla el emblem\u00e1tico barco argentino \u201cMatrero\u201d para enfrentar a rivales de reconocido prestigio mundial sobre las azules aguas del Mediterr\u00e1neo.<\/strong><\/p>\n<p><span data-originalfontsize=\"11pt\" data-originalcomputedfontsize=\"14.666667\">La embarcaci\u00f3n clase Classic IOR, de Rafael Pereira Arag\u00f3n, integrante del Club N\u00e1utico San Isidro que dise\u00f1\u00f3 Germ\u00e1n Frers, zarpar\u00e1 del puerto deportivo Portosole en el Mar de Liguria este jueves 29 al mediod\u00eda en la primera carrera del torneo que concluir\u00e1 el 31. <\/span><\/p>\n<p><span data-originalfontsize=\"11pt\" data-originalcomputedfontsize=\"14.666667\">La tripulaci\u00f3n est\u00e1 dispuesta a librar batalla frente destacadas naves, como \u201cIl Moro de Venezia\u201d, de Massimiliano Ferruzzi, \u201cOjala\u2019II\u201d, de Michele Frova y \u201cSagitarius\u201d de Thierry Laffite. \u201cN<\/span><span data-originalfontsize=\"11pt\" data-originalcomputedfontsize=\"14.666667\">uestra embarcaci\u00f3n est\u00e1 impecable, perfecta\u201d, asegur\u00f3 a los medios Pereira Arag\u00f3n, incluso puso de relieve que desde la \u00faltima competencia en que intervino \u201clo \u00fanico que hicimos fue efectuar las labores comunes de mantenimiento\u201d.<\/span><\/p>\n<p><span data-originalfontsize=\"11pt\" data-originalcomputedfontsize=\"14.666667\">Adem\u00e1s de Pereira Arag\u00f3n conforman el equipo de \u201cMatrero\u201d los nautas Juan Garc\u00eda, <\/span><span data-originalfontsize=\"11pt\" data-originalcomputedfontsize=\"14.666667\">Mart\u00edn y Eduardo Zimmermann, Sebasti\u00e1n C\u00f3rdoba, Tom\u00e1s Rold\u00e1n, Emiliano Homps, Diego Weppler, F\u00e9lix Fern\u00e1ndez Madero, Marcus Beherendt, Edi Cornudet y Mart\u00edn Busch.<\/span><\/p>\n<p><span data-originalfontsize=\"11pt\" data-originalcomputedfontsize=\"14.666667\">El puerto sanremese del Mar de Liguria, cerca de la frontera con Francia, es uno de los m\u00e1s importantes de Europa y suele recibir megayates y buques de lujo de hasta 70 m de eslora. Cuando suelten sus cabos y pongan proa al circuito, entrar\u00e1n en juego las capacidades, conocimientos, estrategias y las din\u00e1micas de navegaci\u00f3n.<\/span><\/p>\n<p><span data-originalfontsize=\"11pt\" data-originalcomputedfontsize=\"14.666667\">Cabe citar que \u201cMatrero\u201d ha subido a los podios en importantes lides como Les Voiles D\u2019Antibes, Argentario Sailing Week y Regates Royale de Cannes, adem\u00e1s de triunfar en el campeonato de la Association Fran\u00e7aise des Yachts de Tradition, premio que otorga el Yacht Club de France.<\/span><\/p>\n<p><span data-originalfontsize=\"11pt\" data-originalcomputedfontsize=\"14.666667\">El calendario de las siguientes competiciones continuar\u00e1 en la Costa Azul, del 4 al 8 de junio en <\/span><span data-originalfontsize=\"11pt\" data-originalcomputedfontsize=\"14.666667\">Les Voiles D\u2019Antibes, donde se sumar\u00e1n Alex Hasenclever, Gabriel Marino y Alejandro Chometowski. En tanto que la siguiente ser\u00e1 el Argentario Sailing Week, del 18 al 22 de junio, desde Porto Santo Stefano, y se agregar\u00e1n Karin Haddad y Tomy Peuvrel.<\/span><\/p>\n<p><span data-originalfontsize=\"11pt\" data-originalcomputedfontsize=\"14.666667\">Los miles de concurrentes a la regata, disfrutar\u00e1n adem\u00e1s de las excelentes playas gozando de un clima ideal, el que caracteriza a la Riviera di Fiori, adem\u00e1s del casco antiguo, museos, jardines y hasta casino. <\/span><\/p>\n<p><span data-originalfontsize=\"11pt\" data-originalcomputedfontsize=\"14.666667\">Vale recordar que San Remo es conocida en el mundo por el c\u00e9lebre Festival de la Canci\u00f3n que se despliega en el Teatro Ariston, donde se consagraron int\u00e9rpretes como Nicola Di Bari, Andrea Bocelli, Laura Pausini, Eros Ramazzotti, Adriano Celentano e Il Volo y donde tambi\u00e9n han actuado famosos como Madonna, Queen, Stevie Wonder, Elton John y nuestro querido Sandro<\/span><span data-originalfontsize=\"11pt\" data-originalcomputedfontsize=\"14.666667\">.<\/span><\/p>\n","protected":false},"excerpt":{"rendered":"<p>Velero Matrero Los cl\u00e1sicos grandes veleros de \u00e9poca desplegar\u00e1n sus velas a partir de ma\u00f1ana en la bella ciudad it\u00e1lica de San Remo en el marco de las Grandi Regate Internazionali, organizadas por el Yacht Club Sanremo (YCS), competencia que representa el principal reto del semestre. Y ah\u00ed estar\u00e1 en la grilla el emblem\u00e1tico barco [&hellip;]<\/p>\n","protected":false},"author":1,"featured_media":56298,"comment_status":"open","ping_status":"open","sticky":false,"template":"","format":"standard","meta":{"_jetpack_memberships_contains_paid_content":false,"footnotes":""},"categories":[3648],"tags":[3662],"class_list":{"0":"post-56297","1":"post","2":"type-post","3":"status-publish","4":"format-standard","5":"has-post-thumbnail","7":"category-argentina-2","8":"tag-velero-matrero"},"jetpack_featured_media_url":"https:\/\/nautica.news\/es\/wp-content\/uploads\/sites\/2\/2025\/05\/IMG_9565.jpeg","jetpack_sharing_enabled":true,"jetpack-related-posts":[],"_links":{"self":[{"href":"https:\/\/nautica.news\/es\/wp-json\/wp\/v2\/posts\/56297","targetHints":{"allow":["GET"]}}],"collection":[{"href":"https:\/\/nautica.news\/es\/wp-json\/wp\/v2\/posts"}],"about":[{"href":"https:\/\/nautica.news\/es\/wp-json\/wp\/v2\/types\/post"}],"author":[{"embeddable":true,"href":"https:\/\/nautica.news\/es\/wp-json\/wp\/v2\/users\/1"}],"replies":[{"embeddable":true,"href":"https:\/\/nautica.news\/es\/wp-json\/wp\/v2\/comments?post=56297"}],"version-history":[{"count":1,"href":"https:\/\/nautica.news\/es\/wp-json\/wp\/v2\/posts\/56297\/revisions"}],"predecessor-version":[{"id":56299,"href":"https:\/\/nautica.news\/es\/wp-json\/wp\/v2\/posts\/56297\/revisions\/56299"}],"wp:featuredmedia":[{"embeddable":true,"href":"https:\/\/nautica.news\/es\/wp-json\/wp\/v2\/media\/56298"}],"wp:attachment":[{"href":"https:\/\/nautica.news\/es\/wp-json\/wp\/v2\/media?parent=56297"}],"wp:term":[{"taxonomy":"category","embeddable":true,"href":"https:\/\/nautica.news\/es\/wp-json\/wp\/v2\/categories?post=56297"},{"taxonomy":"post_tag","embeddable":true,"href":"https:\/\/nautica.news\/es\/wp-json\/wp\/v2\/tags?post=56297"}],"curies":[{"name":"wp","href":"https:\/\/api.w.org\/{rel}","templated":true}]}}