{"id":56246,"date":"2025-05-22T12:45:15","date_gmt":"2025-05-22T12:45:15","guid":{"rendered":"https:\/\/nautica.news\/es\/?p=56246"},"modified":"2025-05-22T12:45:15","modified_gmt":"2025-05-22T12:45:15","slug":"llega-la-feria-internacional-del-mar-en-canarias","status":"publish","type":"post","link":"https:\/\/nautica.news\/es\/llega-la-feria-internacional-del-mar-en-canarias\/","title":{"rendered":"Llega la Feria Internacional del Mar en Canarias"},"content":{"rendered":"<h2 data-removefontsize=\"true\" data-originalcomputedfontsize=\"16\">Feria Internacional del Mar<\/h2>\n<div><\/div>\n<p data-removefontsize=\"true\" data-originalcomputedfontsize=\"16\"><strong><em data-removefontsize=\"true\" data-originalcomputedfontsize=\"16\">La Feria Internacional del Mar, que celebra su 14\u00aa edici\u00f3n del 6 al 8 de junio en el Muelle Sanap\u00fa, se consolida como plataforma de la econom\u00eda azul en Canarias<\/em><\/strong><\/p>\n<div><\/div>\n<p data-removefontsize=\"true\" data-originalcomputedfontsize=\"16\"><strong data-removefontsize=\"true\" data-originalcomputedfontsize=\"16\">La Feria Internacional del Mar, <\/strong>que este tiene como lema<strong data-removefontsize=\"true\" data-originalcomputedfontsize=\"16\">\u00a0Sostenibilidad del borde litoral canario,<\/strong>\u00a0ya ultima su oferta expositiva de cara a su edici\u00f3n n\u00famero 14, que transcurrir\u00e1 los d\u00edas 6, 7 y 8 de junio en el Muelle Sanap\u00fa, en el Puerto de Las Palmas. A falta de dos semana para su inauguraci\u00f3n, Fimar 2025 ya cuenta con m\u00e1s de 50 expositores, alcanzando el cien por cien de los expositores que se reunieron en 2024 y consolid\u00e1ndose, as\u00ed, como la principal plataforma de la econom\u00eda azul en Las Palmas de Gran Canaria, en Gran Canaria, y en Canarias.\u00a0<span data-removefontsize=\"true\" data-originalcomputedfontsize=\"16\">FIMAR ocupar\u00e1 el mismo espacio que en la edici\u00f3n anterior, en el muelle Sanap\u00fa, entre la Pasarela Onda Atl\u00e1ntica y el acuario Poema del Mar.<\/span><\/p>\n<div><\/div>\n<p data-removefontsize=\"true\" data-originalcomputedfontsize=\"16\">Fimar 2025 es un evento que promueven el\u00a0<strong data-removefontsize=\"true\" data-originalcomputedfontsize=\"16\">Cabildo de Gran Canaria<\/strong>, el\u00a0<strong data-removefontsize=\"true\" data-originalcomputedfontsize=\"16\">Ayuntamiento de Las Palmas de Gran Canaria<\/strong>\u00a0y\u00a0<strong data-removefontsize=\"true\" data-originalcomputedfontsize=\"16\">Puertos de Las Palmas<\/strong>, y que organizan la concejal\u00eda de\u00a0<strong data-removefontsize=\"true\" data-originalcomputedfontsize=\"16\">Ciudad de Mar<\/strong>\u00a0de la capital grancanaria e\u00a0<strong data-removefontsize=\"true\" data-originalcomputedfontsize=\"16\">Infecar, Feria de Gran Canaria<\/strong>.<\/p>\n<div><\/div>\n<p data-removefontsize=\"true\" data-originalcomputedfontsize=\"16\">Instituciones, entidades p\u00fablicas y acad\u00e9micas, clubes deportivos, organizaciones ciudadanas y empresas de sectores como la\u00a0<strong data-removefontsize=\"true\" data-originalcomputedfontsize=\"16\">N\u00e1utica<\/strong>\u00a0y sus proveedores, el ocio y los\u00a0<strong data-removefontsize=\"true\" data-originalcomputedfontsize=\"16\">deportes acu\u00e1ticos<\/strong>, el\u00a0<strong data-removefontsize=\"true\" data-originalcomputedfontsize=\"16\">sector marino y mar\u00edtimo<\/strong>, el entorno portuario y la\u00a0<strong data-removefontsize=\"true\" data-originalcomputedfontsize=\"16\">moda n\u00e1utica<\/strong>\u00a0conforman el grupo de expositores que ya han confirmado su presencia. De ah\u00ed que el evento siga apareciendo como el gran foro para reforzar las relaciones comerciales, hacer negocios y facilitar los canales de comunicaci\u00f3n entre el sector p\u00fablico y privado.<\/p>\n<div><\/div>\n<div data-removefontsize=\"true\" data-originalcomputedfontsize=\"16\">Un sector que cuenta un a\u00f1o m\u00e1s con esta cita anual, para exponer la evoluci\u00f3n de sus actividades relacionadas con el medio oce\u00e1nico, prestar apoyo a las iniciativas que se desarrollan en este contexto, divulgar los avances y las investigaciones que se est\u00e1n realizando actualmente y presentar los modelos de negocio y productos que comercializan las firmas presentes.<\/div>\n<div><\/div>\n<p data-removefontsize=\"true\" data-originalcomputedfontsize=\"16\">La organizaci\u00f3n mantiene abierta las inscripciones para los expositores, firmas y entidades interesadas en estar presentes en esta cita. El tr\u00e1mite se puede formalizar a trav\u00e9s de su web oficial, en el enlace\u00a0<a href=\"https:\/\/feriainternacionaldelmar.com\/formulario-expositores\" target=\"_blank\" rel=\"noopener\" data-saferedirecturl=\"https:\/\/www.google.com\/url?q=https:\/\/feriainternacionaldelmar.com\/formulario-expositores&amp;source=gmail&amp;ust=1748003233130000&amp;usg=AOvVaw2dYCcSodUtrgbBDWNUmBkF\" data-removefontsize=\"true\" data-originalcomputedfontsize=\"16\">https:\/\/<wbr \/>feriainternacionaldelmar.com\/<wbr \/>formulario-expositores<\/a>.<\/p>\n<div><\/div>\n<p data-removefontsize=\"true\" data-originalcomputedfontsize=\"16\">Adem\u00e1s de la oferta institucional y comercial, Fimar \u00a0ofrecer\u00e1 el pr\u00f3ximo mes de junio una variada programaci\u00f3n de actividades\u00a0<strong data-removefontsize=\"true\" data-originalcomputedfontsize=\"16\">gratuitas\u00a0<\/strong>para el p\u00fablico, incluyendo visitas guiadas en el muelle a los Buques de Acci\u00f3n Mar\u00edtima de la Armada o las embarcaciones de Salvamento Mar\u00edtimo, espacios infantiles, paseos mar\u00edtimos y exhibiciones en la l\u00e1mina de agua del Puerto y una zona gastron\u00f3mica. Todo ello en un entorno dise\u00f1ado para el ocio y el disfrute ciudadano, reafirmando la conexi\u00f3n de Las Palmas con el mar y su tradici\u00f3n mar\u00edtima.<\/p>\n<div><\/div>\n<p data-removefontsize=\"true\" data-originalcomputedfontsize=\"16\">Todos los detalles de esta nueva edici\u00f3n de Fimar, la Feria Internacional del Mar, as\u00ed como su programaci\u00f3n, se pueden consultar de forma actualizada en la web oficial de la feria,\u00a0<a href=\"https:\/\/feriainternacionaldelmar.com\/\" target=\"_blank\" rel=\"noopener\" data-saferedirecturl=\"https:\/\/www.google.com\/url?q=https:\/\/feriainternacionaldelmar.com\/&amp;source=gmail&amp;ust=1748003233130000&amp;usg=AOvVaw0ccH0jjw2Yw9uy5WfGAcES\" data-removefontsize=\"true\" data-originalcomputedfontsize=\"16\">https:\/\/<wbr \/>feriainternacionaldelmar.com\/.<\/a><\/p>\n","protected":false},"excerpt":{"rendered":"<p>Feria Internacional del Mar La Feria Internacional del Mar, que celebra su 14\u00aa edici\u00f3n del 6 al 8 de junio en el Muelle Sanap\u00fa, se consolida como plataforma de la econom\u00eda azul en Canarias La Feria Internacional del Mar, que este tiene como lema\u00a0Sostenibilidad del borde litoral canario,\u00a0ya ultima su oferta expositiva de cara a [&hellip;]<\/p>\n","protected":false},"author":1,"featured_media":56247,"comment_status":"open","ping_status":"open","sticky":false,"template":"","format":"standard","meta":{"_jetpack_memberships_contains_paid_content":false,"footnotes":""},"categories":[2978],"tags":[3700],"class_list":{"0":"post-56246","1":"post","2":"type-post","3":"status-publish","4":"format-standard","5":"has-post-thumbnail","7":"category-espana","8":"tag-feria-internacional-del-mar"},"jetpack_featured_media_url":"https:\/\/nautica.news\/es\/wp-content\/uploads\/sites\/2\/2025\/05\/IMG_9518.jpeg","jetpack_sharing_enabled":true,"jetpack-related-posts":[],"_links":{"self":[{"href":"https:\/\/nautica.news\/es\/wp-json\/wp\/v2\/posts\/56246","targetHints":{"allow":["GET"]}}],"collection":[{"href":"https:\/\/nautica.news\/es\/wp-json\/wp\/v2\/posts"}],"about":[{"href":"https:\/\/nautica.news\/es\/wp-json\/wp\/v2\/types\/post"}],"author":[{"embeddable":true,"href":"https:\/\/nautica.news\/es\/wp-json\/wp\/v2\/users\/1"}],"replies":[{"embeddable":true,"href":"https:\/\/nautica.news\/es\/wp-json\/wp\/v2\/comments?post=56246"}],"version-history":[{"count":2,"href":"https:\/\/nautica.news\/es\/wp-json\/wp\/v2\/posts\/56246\/revisions"}],"predecessor-version":[{"id":56249,"href":"https:\/\/nautica.news\/es\/wp-json\/wp\/v2\/posts\/56246\/revisions\/56249"}],"wp:featuredmedia":[{"embeddable":true,"href":"https:\/\/nautica.news\/es\/wp-json\/wp\/v2\/media\/56247"}],"wp:attachment":[{"href":"https:\/\/nautica.news\/es\/wp-json\/wp\/v2\/media?parent=56246"}],"wp:term":[{"taxonomy":"category","embeddable":true,"href":"https:\/\/nautica.news\/es\/wp-json\/wp\/v2\/categories?post=56246"},{"taxonomy":"post_tag","embeddable":true,"href":"https:\/\/nautica.news\/es\/wp-json\/wp\/v2\/tags?post=56246"}],"curies":[{"name":"wp","href":"https:\/\/api.w.org\/{rel}","templated":true}]}}