{"id":56242,"date":"2025-05-22T11:34:03","date_gmt":"2025-05-22T11:34:03","guid":{"rendered":"https:\/\/nautica.news\/es\/?p=56242"},"modified":"2025-05-22T11:34:03","modified_gmt":"2025-05-22T11:34:03","slug":"la-federacio-de-vela-de-la-comunitat-valenciana-y-el-valencia-boat-show-fortalecen-su-colaboracion","status":"publish","type":"post","link":"https:\/\/nautica.news\/es\/la-federacio-de-vela-de-la-comunitat-valenciana-y-el-valencia-boat-show-fortalecen-su-colaboracion\/","title":{"rendered":"La Federaci\u00f3 de Vela de la Comunitat Valenciana y el Valencia Boat Show fortalecen su colaboraci\u00f3n"},"content":{"rendered":"<div class=\"et_post_meta_wrapper\">\n<h2 class=\"entry-title\">Federaci\u00f3 de Vela<\/h2>\n<\/div>\n<div class=\"entry-content\">\n<ul class=\"last-child\">\n<li><strong>La FVCV celebrar\u00e1 durante el sal\u00f3n el XX Congreso de Escuelas de Vela, entregar\u00e1 los Gallardetes Azules y habilitar\u00e1 un punto de acceso de vela inclusiva<br \/>\n<\/strong><\/li>\n<li><strong>El Valencia Boat Show celebra su 16\u00aa edici\u00f3n del 22 al 26 de octubre en Marina Port Valencia<\/strong><\/li>\n<\/ul>\n<p><img loading=\"lazy\" decoding=\"async\" class=\"alignnone size-full wp-image-32726\" src=\"https:\/\/valenciaboat.com\/wp-content\/uploads\/2025\/05\/Entrega_Gallardetes_Azules_2024.jpg\" sizes=\"auto, (min-width: 0px) and (max-width: 480px) 480px, (min-width: 481px) and (max-width: 980px) 980px, (min-width: 981px) 1200px, 100vw\" srcset=\"https:\/\/valenciaboat.com\/wp-content\/uploads\/2025\/05\/Entrega_Gallardetes_Azules_2024.jpg 1200w, https:\/\/valenciaboat.com\/wp-content\/uploads\/2025\/05\/Entrega_Gallardetes_Azules_2024-980x417.jpg 980w, https:\/\/valenciaboat.com\/wp-content\/uploads\/2025\/05\/Entrega_Gallardetes_Azules_2024-480x204.jpg 480w\" alt=\"\" width=\"1200\" height=\"511\" title=\"\"><\/p>\n<p>La <strong>Federaci\u00f3 de Vela de la Comunitat Valenciana (FVCV)<\/strong> y el <strong>Valencia Boat Show<\/strong> renuevan su colaboraci\u00f3n para el pr\u00f3ximo sal\u00f3n n\u00e1utico, que celebrar\u00e1 su <strong>16\u00aa edici\u00f3n del 22 al 26 de octubre<\/strong> en <strong>Marina Port Valencia.<\/strong><\/p>\n<p>Esta alianza ya consolidada, reafirma el compromiso de ambas entidades con la promoci\u00f3n del sector n\u00e1utico-deportivo, el turismo activo y la accesibilidad al mar en la Comunitat Valenciana.<\/p>\n<p>El reciente Palma International Boat Show fue el primer escenario compartido por ambas entidades donde, gracias a <strong>Marina Port Valencia<\/strong> y junto a <strong>Turisme Comunitat Valenciana<\/strong>, tuvo lugar la presentaci\u00f3n oficial del sal\u00f3n n\u00e1utico, que prepara una <strong>edici\u00f3n muy potente y con una nueva ubicaci\u00f3n<\/strong> en el entorno del <strong>Veles e Vents<\/strong>.<\/p>\n<p>\u201cSeguimos apostando por espacios como el Valencia Boat Show, que nos permiten acercar la vela a la ciudadan\u00eda y dar visibilidad al trabajo de nuestros clubes, escuelas y deportistas. Este sal\u00f3n no solo es un escaparate, sino tambi\u00e9n una oportunidad para seguir construyendo comunidad en torno al mar, al deporte y a los valores que representa\u201d destacan desde la <strong>Federaci\u00f3 de Vela de la Comunitat Valenciana. \u2028\u2028<\/strong><\/p>\n<p>\u00abUno de los principales objetivos del Valencia Boat Show es abrir el mar a la ciudadan\u00eda y reforzar el v\u00ednculo entre la n\u00e1utica, el deporte, el turismo y la cultura mediterr\u00e1nea. El Valencia Boat Show es un ejemplo de equilibrio entre profesionales y p\u00fablico general; Y entidades como la FVCV favorecen que familias y j\u00f3venes que descubren en la n\u00e1utica una forma de vida y ocio sostenible, accesible y de conexi\u00f3n con el entorno\u00bb, se\u00f1alan desde la organizaci\u00f3n del <strong>Valencia Boat Show.<\/strong><\/p>\n<p><strong>La Federaci\u00f3 estar\u00e1 presente de forma activa a trav\u00e9s de m\u00faltiples iniciativas<br \/>\n<\/strong>Los salones n\u00e1uticos son espacios clave y estrat\u00e9gicos para el encuentro entre profesionales del sector, instituciones, marcas, clubes y ciudadan\u00eda en general. Por ello, la <strong>Federaci\u00f3 de Vela de la Comunitat Valenciana<\/strong> estar\u00e1 presente de forma activa a trav\u00e9s de m\u00faltiples iniciativas tanto en mar como en tierra. Entre ellas, destaca la celebraci\u00f3n del <strong>XX Congreso de Escuelas de Vela Homologadas de la Comunitat Valenciana<\/strong>, que tendr\u00e1 lugar en el edificio Veles e Vents, centro neur\u00e1lgico de Valencia Boat Show, reuniendo a toda la Red de Escuelas de Vela Homologadas.<\/p>\n<p>Adem\u00e1s, el jueves 24 de octubre por la tarde, realizar\u00e1 la tradicional <strong>entrega de Gallardetes Azules<\/strong>, una distinci\u00f3n que reconoce la excelencia en gesti\u00f3n, seguridad y sostenibilidad de las <strong>escuelas de vela homologadas de la Comunitat Valenciana.<\/strong><\/p>\n<p><img loading=\"lazy\" decoding=\"async\" class=\"alignnone size-full wp-image-32727\" src=\"https:\/\/valenciaboat.com\/wp-content\/uploads\/2025\/05\/Vela_Adaptada_2.jpg\" sizes=\"auto, (min-width: 0px) and (max-width: 480px) 480px, (min-width: 481px) and (max-width: 980px) 980px, (min-width: 981px) 1200px, 100vw\" srcset=\"https:\/\/valenciaboat.com\/wp-content\/uploads\/2025\/05\/Vela_Adaptada_2.jpg 1200w, https:\/\/valenciaboat.com\/wp-content\/uploads\/2025\/05\/Vela_Adaptada_2-980x653.jpg 980w, https:\/\/valenciaboat.com\/wp-content\/uploads\/2025\/05\/Vela_Adaptada_2-480x320.jpg 480w\" alt=\"\" width=\"1200\" height=\"800\" title=\"\"><\/p>\n<p>Tambi\u00e9n se habilitar\u00e1 un <strong>punto de acceso de vela inclusiva<\/strong>, que permitir\u00e1 a personas con diversidad funcional disfrutar de actividades adaptadas en el mar gracias al traslado de embarcaciones colectivas espec\u00edficas. Y durante la feria, el alumnado de las escuelas de vela realizar\u00e1 exhibiciones pr\u00e1cticas.<\/p>\n<p>Como novedad, la FVCV contar\u00e1 durante todo el Valencia Boat Show, con un <strong>stand propio SOMVELA<\/strong>de atenci\u00f3n al p\u00fablico en la zona de turismo y deporte n\u00e1utico del evento. Ser\u00e1 un espacio pensado para acercar el deporte de la vela a la ciudadan\u00eda, ofrecer informaci\u00f3n y fomentar la participaci\u00f3n en este deporte.<\/p>\n<p>Adem\u00e1s, se pondr\u00e1 a disposici\u00f3n de los clubes n\u00e1uticos un espacio de presentaciones donde podr\u00e1n dar a conocer sus regatas y proyectos deportivos ante los asistentes.<\/p>\n<p>Con esta colaboraci\u00f3n, la Federaci\u00f3 reafirma su papel como dinamizador del sector n\u00e1utico-deportivo en la Comunitat Valenciana.<\/p>\n<p class=\"last-child\"><strong>M\u00e1s informaci\u00f3n: <a title=\"https:\/\/handrich.us15.list-manage.com\/track\/click?u=f4b10693ca71b75622839e96d&amp;id=f9832148d0&amp;e=536912f5d4\" href=\"https:\/\/handrich.us15.list-manage.com\/track\/click?u=f4b10693ca71b75622839e96d&amp;id=f9832148d0&amp;e=536912f5d4\" data-toggle=\"tooltip\" rel=\"noopener\">www.valenciaboat.com<\/a><\/strong><\/p>\n<\/div>\n","protected":false},"excerpt":{"rendered":"<p>Federaci\u00f3 de Vela La FVCV celebrar\u00e1 durante el sal\u00f3n el XX Congreso de Escuelas de Vela, entregar\u00e1 los Gallardetes Azules y habilitar\u00e1 un punto de acceso de vela inclusiva El Valencia Boat Show celebra su 16\u00aa edici\u00f3n del 22 al 26 de octubre en Marina Port Valencia La Federaci\u00f3 de Vela de la Comunitat Valenciana [&hellip;]<\/p>\n","protected":false},"author":1,"featured_media":56243,"comment_status":"open","ping_status":"open","sticky":false,"template":"","format":"standard","meta":{"_jetpack_memberships_contains_paid_content":false,"footnotes":""},"categories":[2978],"tags":[3699,1567],"class_list":{"0":"post-56242","1":"post","2":"type-post","3":"status-publish","4":"format-standard","5":"has-post-thumbnail","7":"category-espana","8":"tag-federacio-de-vela","9":"tag-valencia-boat-show"},"jetpack_featured_media_url":"https:\/\/nautica.news\/es\/wp-content\/uploads\/sites\/2\/2025\/05\/IMG_9516.webp","jetpack_sharing_enabled":true,"jetpack-related-posts":[],"_links":{"self":[{"href":"https:\/\/nautica.news\/es\/wp-json\/wp\/v2\/posts\/56242","targetHints":{"allow":["GET"]}}],"collection":[{"href":"https:\/\/nautica.news\/es\/wp-json\/wp\/v2\/posts"}],"about":[{"href":"https:\/\/nautica.news\/es\/wp-json\/wp\/v2\/types\/post"}],"author":[{"embeddable":true,"href":"https:\/\/nautica.news\/es\/wp-json\/wp\/v2\/users\/1"}],"replies":[{"embeddable":true,"href":"https:\/\/nautica.news\/es\/wp-json\/wp\/v2\/comments?post=56242"}],"version-history":[{"count":1,"href":"https:\/\/nautica.news\/es\/wp-json\/wp\/v2\/posts\/56242\/revisions"}],"predecessor-version":[{"id":56244,"href":"https:\/\/nautica.news\/es\/wp-json\/wp\/v2\/posts\/56242\/revisions\/56244"}],"wp:featuredmedia":[{"embeddable":true,"href":"https:\/\/nautica.news\/es\/wp-json\/wp\/v2\/media\/56243"}],"wp:attachment":[{"href":"https:\/\/nautica.news\/es\/wp-json\/wp\/v2\/media?parent=56242"}],"wp:term":[{"taxonomy":"category","embeddable":true,"href":"https:\/\/nautica.news\/es\/wp-json\/wp\/v2\/categories?post=56242"},{"taxonomy":"post_tag","embeddable":true,"href":"https:\/\/nautica.news\/es\/wp-json\/wp\/v2\/tags?post=56242"}],"curies":[{"name":"wp","href":"https:\/\/api.w.org\/{rel}","templated":true}]}}