{"id":55074,"date":"2025-02-07T04:42:37","date_gmt":"2025-02-07T07:42:37","guid":{"rendered":"https:\/\/nautica.news\/es\/?p=55074"},"modified":"2025-02-07T04:42:37","modified_gmt":"2025-02-07T07:42:37","slug":"dia-intenso-de-regatas-en-la-semana-internacional-del-yachting","status":"publish","type":"post","link":"https:\/\/nautica.news\/es\/dia-intenso-de-regatas-en-la-semana-internacional-del-yachting\/","title":{"rendered":"D\u00eda intenso de regatas en la Semana Internacional del Yachting"},"content":{"rendered":"<h3><span class=\"term-highlighted\">Semana<\/span> Internacional del Yachting<\/h3>\n<p><span data-removefontsize=\"true\" data-originalcomputedfontsize=\"14\"><strong>La 60\u00aa <span class=\"term-highlighted\">Semana<\/span> Internacional del Yachting vivi\u00f3 otro intenso d\u00eda de regatas, con viento del Este, con 17 nudos, impidi\u00f3 que los turistas estuvieran en la playa, pero ofreci\u00f3 excelentes condiciones para la navegaci\u00f3n a vela.<\/strong><\/p>\n<p>Un mar arbolado y canchas parejas con cambios de vientos oscilantes fueron el escenario ideal para otra jornada de regatas en la SIY, evento organizado por el Yacht Club Argentino y el Club N\u00e1utico Mar del Plata.<\/p>\n<p>Las condiciones fueron un tanto m\u00e1s exigentes para los competidores de la flota m\u00e1s peque\u00f1a, optimist principiantes. Lidera, Ignacio Gianuzzi del CNSA con 15 pts, escoltado a solo un punto por Nieva Orellana Romeo del CPNLB y del programa Capitanes de Barrio.<\/p>\n<p>Los optimist timoneles tambi\u00e9n tuvieron que enfrentar el fuerte oleaje y pareciera que el rosarino Juan Sebasti\u00e1n Properzi se adapt\u00f3 perfectamente a las condiciones ya que lidera la tabla con un puntaje ideal de solo 6 puntos (1,1,2 en el d\u00eda de hoy). De todos modos, no puede descuidarse porque el tope de la clasificaci\u00f3n est\u00e1 muy comprimido y sus escoltas se escalonan a exactamente 1 punto de diferencia uno del otro. Bautista Luque del YCO tiene 7pts., Santiago Viale del CVB 8 pts, Tomas Morteo del YCA 9 pts y con 10 aparecen el anterior puntero Gino Pichetti y la primera dama Catalina Gomez, ambos del Club N\u00e1utico San Pedro.<\/p>\n<p>Entre los skiff de la clase 29er la dupla del YCA compuesta por Diego Pascuariello y Marcos Pruden estuvieron intratables y se impusieron en las tres regatas del d\u00eda para tomar as\u00ed la punta del campeonato con 11 pts., siendo escoltado por el timonel local Guido Van Avermaete (YCA) con Agust\u00edn Frey (CUBA) que hoy salieron 2dos en las tres regatas y acumulan 13 pts. En esa misma cancha que hoy estuvo ubicada frente a Punta Mogotes compiti\u00f3 la clase 420. Los l\u00edderes son Federico Warburg y Gaspar Burg del CNSI con 12 puntos seguidos por Juan Rosso y Gianfranco Dedico del CVSI con 14 pts.<\/p>\n<p>En la categor\u00eda ILCA7 Francisco Guaragna sigue sin darle oportunidades a sus rivales y volvi\u00f3 a ganar las dos regatas disputadas, mientras que segundo marcha Juan Pablo Cardozo que se ubic\u00f3 2do en todas las pruebas, marcando una clara diferencia de estos dos timoneles con el resto de la flota.<\/p>\n<p>En ILCA6 \u00a0Luciana Cardozo (YCO) con 8 pts (1,1,2 en el dia de hoy) viene superando a Luc\u00eda Falasca que acumula 15 pts.<\/p>\n<p>Mientras que en ILCA4, \u00a0el rosarino Lucas Vogt volvi\u00f3 a ganar las dos regatas del d\u00eda y con 6 pts. estira su ventaja sobre el uruguayo Alan Mathisson (25 pts.) y sobre la peruana Lara Rubini (29 pts.)<\/p>\n<p>El jueves hubiera sido el d\u00eda de descanso para la mayor\u00eda de las clases y el campeonato por equipos para los optimist timoneles, pero la suspensi\u00f3n de la primera jornada obliga a tomar este d\u00eda de reserva por lo cual habr\u00e1 regatas de flota en todas las canchas. Se espera un viento t\u00edpico del N.E. con cielo m\u00e1s despejado.<\/span><\/p>\n","protected":false},"excerpt":{"rendered":"<p>Semana Internacional del Yachting La 60\u00aa Semana Internacional del Yachting vivi\u00f3 otro intenso d\u00eda de regatas, con viento del Este, con 17 nudos, impidi\u00f3 que los turistas estuvieran en la playa, pero ofreci\u00f3 excelentes condiciones para la navegaci\u00f3n a vela. Un mar arbolado y canchas parejas con cambios de vientos oscilantes fueron el escenario ideal [&hellip;]<\/p>\n","protected":false},"author":1,"featured_media":55075,"comment_status":"open","ping_status":"open","sticky":false,"template":"","format":"standard","meta":{"_jetpack_memberships_contains_paid_content":false,"footnotes":""},"categories":[3648],"tags":[518],"class_list":{"0":"post-55074","1":"post","2":"type-post","3":"status-publish","4":"format-standard","5":"has-post-thumbnail","7":"category-argentina-2","8":"tag-semana-internacional-del-yachting"},"jetpack_featured_media_url":"https:\/\/nautica.news\/es\/wp-content\/uploads\/sites\/2\/2025\/02\/IMG_8874-scaled-1.jpeg","jetpack_sharing_enabled":true,"jetpack-related-posts":[],"_links":{"self":[{"href":"https:\/\/nautica.news\/es\/wp-json\/wp\/v2\/posts\/55074","targetHints":{"allow":["GET"]}}],"collection":[{"href":"https:\/\/nautica.news\/es\/wp-json\/wp\/v2\/posts"}],"about":[{"href":"https:\/\/nautica.news\/es\/wp-json\/wp\/v2\/types\/post"}],"author":[{"embeddable":true,"href":"https:\/\/nautica.news\/es\/wp-json\/wp\/v2\/users\/1"}],"replies":[{"embeddable":true,"href":"https:\/\/nautica.news\/es\/wp-json\/wp\/v2\/comments?post=55074"}],"version-history":[{"count":0,"href":"https:\/\/nautica.news\/es\/wp-json\/wp\/v2\/posts\/55074\/revisions"}],"wp:featuredmedia":[{"embeddable":true,"href":"https:\/\/nautica.news\/es\/wp-json\/wp\/v2\/media\/55075"}],"wp:attachment":[{"href":"https:\/\/nautica.news\/es\/wp-json\/wp\/v2\/media?parent=55074"}],"wp:term":[{"taxonomy":"category","embeddable":true,"href":"https:\/\/nautica.news\/es\/wp-json\/wp\/v2\/categories?post=55074"},{"taxonomy":"post_tag","embeddable":true,"href":"https:\/\/nautica.news\/es\/wp-json\/wp\/v2\/tags?post=55074"}],"curies":[{"name":"wp","href":"https:\/\/api.w.org\/{rel}","templated":true}]}}