{"id":54793,"date":"2024-12-25T11:40:23","date_gmt":"2024-12-25T14:40:23","guid":{"rendered":"https:\/\/nautica.news\/es\/?p=54793"},"modified":"2024-12-25T11:40:23","modified_gmt":"2024-12-25T14:40:23","slug":"navidad-en-la-vende-globe","status":"publish","type":"post","link":"https:\/\/nautica.news\/es\/navidad-en-la-vende-globe\/","title":{"rendered":"Navidad en la Vend\u00e9e Globe !!!!"},"content":{"rendered":"<div class=\"px-container-tight space-y-base sm:space-y-xl\">\n<div class=\"text text--lead\">\n<h3>Vend\u00e9e Globe !!!!<\/h3>\n<p><strong><br \/>\nNada de pavo relleno ni troncos congelados (\u00a1lo que sea!) en las fr\u00edas aguas del sur profundo. Sin embargo, a pesar de las olas gigantes y la humedad siempre presente, el esp\u00edritu navide\u00f1o siempre encuentra la manera de colarse a bordo. Entre una r\u00e1faga de viento y un ataque de tristeza, los solitarios improvisan una Nochevieja a su propia imagen: \u00e9pica, salada y, a veces, un poco estrafalaria. Para los primeros, Yoann Richomme (PAPREC ARK\u00c9A) y Charlie Dalin (MACIF Sant\u00e9 Pr\u00e9voyance), este d\u00eda especial ofreci\u00f3 un regalo extraordinario: el paso del legendario Cabo de Hornos. El orgullo de tal logro, el grandioso espect\u00e1culo de las monta\u00f1as nevadas y la satisfacci\u00f3n de haber llegado a una etapa crucial de su gira mundial: \u00a1para ellos, esta recompensa super\u00f3 todas las fiestas!<\/strong><\/p>\n<\/div>\n<\/div>\n<div class=\"mt-base sm:mt-xl2 px-container-tight\">\n<div class=\"max-w-5xl mx-auto\">\n<figure class=\"picture-wrapper picture-wrapper--fitted\">\n<div class=\"picture-wrapper__main\"><\/div>\n<\/figure>\n<\/div>\n<\/div>\n<div class=\"mt-lg sm:mt-xl2 space-y-lg sm:space-y-xl2\">\n<section class=\"pg-text px-container-tight\">\n<div class=\"max-w-5xl mx-auto\">\n<div class=\"text\">\n<p class=\"text-align-justify\" dir=\"ltr\">Nueve minutos y treinta segundos: tal es la peque\u00f1a diferencia que separaba anoche a Yoann Richomme y Charlie Dalin, al pasar por el legendario Cabo de Hornos. Pasando respectivamente a las 00:27 y luego a las 00:36 por este trozo de roca arrastrado por los vientos que marca el tumultuoso encuentro entre el Oc\u00e9ano Atl\u00e1ntico y el Pac\u00edfico, los dos hombres pulverizaron el r\u00e9cord de Armel Le Cl\u00e9ac&#8217;h establecido en 2016 al batirlo por m\u00e1s de tres d\u00edas y trece horas, dejando que su excitaci\u00f3n estallara sin freno. \u201c\u00a0 <em>\u00a1Qu\u00e9 momento absolutamente brillante! Nunca imagin\u00e9 cruzarlo en condiciones as\u00ed. Hab\u00eda 15 nudos de viento, el oleaje nos empujaba&#8230; Y entonces me fui qu\u00e9&#8230; \u00a1dos millas! \u00a1Dios m\u00edo, fue majestuoso!<\/em> \u00bb, resumi\u00f3 el patr\u00f3n del PAPREC ARK\u00c9A, rebosante de alegr\u00eda como un refresco batido con demasiada fuerza. No podr\u00eda haber esperado un mejor regalo de Navidad que cruzar el hito legendario en tales condiciones, adem\u00e1s en cabeza. \u201c\u00a0 <em>Estoy muy orgulloso de m\u00ed mismo y de todo el equipo. Es realmente una gran recompensa. El momento merece ser saboreado. \u00a1La mayor parte del trabajo est\u00e1 hecho!<\/em> \u00bb, a\u00f1adi\u00f3 Yoann. Si bien ha dado un gran paso en su Vend\u00e9e Globe, dejando atr\u00e1s el formidable t\u00fanel del Mar del Sur, el navegante sabe que el camino a\u00fan es largo hasta Les Sables d&#8217;Olonne.<\/p>\n<\/div>\n<\/div>\n<\/section>\n<section class=\"pg-media mx-auto px-container-tight\">\n<div class=\"max-w-5xl mx-auto\">\n<figure class=\"picture-wrapper picture-wrapper--fitted\">\n<div class=\"picture-wrapper__main\"><img decoding=\"async\" class=\"picture\" src=\"https:\/\/www.vendeeglobe.org\/sites\/default\/files\/styles\/image_desktop\/public\/imported_img\/2024\/12\/676a3ed2cd3ac.jpg.webp?itok=gGnPx4Ht\" alt=\"CARRERA, 24 DE DICIEMBRE DE 2024: El patr\u00f3n de PAPREC ARK\u00c9A, Yoann Richomme (FRA), aparece en la foto pasando el Cabo de Hornos en primera posici\u00f3n durante la regata de vela Vend\u00e9e Globe, el 24 de diciembre de 2024. (Foto de Vend\u00e9e Globe)\" title=\"\"><\/div><figcaption class=\"picture-wrapper__aside\">\n<div>\n<div class=\"picture-wrapper__caption\">CARRERA, 24 DE DICIEMBRE DE 2024: El patr\u00f3n de PAPREC ARK\u00c9A, Yoann Richomme (FRA), aparece en la foto pasando el Cabo de Hornos en primera posici\u00f3n durante la regata de vela Vend\u00e9e Globe, el 24 de diciembre de 2024. (Foto de Vend\u00e9e Globe)<\/div>\n<\/div>\n<\/figcaption><\/figure>\n<\/div>\n<\/section>\n<section class=\"pg-text px-container-tight\">\n<div class=\"max-w-5xl mx-auto\">\n<div class=\"text\">\n<h2 class=\"text-align-justify\"><strong>HACIA UN ASCENSO POSIBLEMENTE EXPR\u00c9S<\/strong><\/h2>\n<p class=\"text-align-justify\" dir=\"ltr\">\u201c\u00a0 <em>El Cuerno siempre es una especie de trampa: nos decimos: \u201cEst\u00e1 bien, girar\u00e9 a la izquierda y volver\u00e9 a la casa\u201d, pero en realidad es muy largo. \u00a1Es la recta final, pero es una recta muy, muy, muy larga!<\/em> &#8220;, record\u00f3 con raz\u00f3n Charlie Dalin, quien, a modo de comparaci\u00f3n, deber\u00eda tardar aproximadamente el mismo tiempo en llegar al Cabo de Hornos y a la meta que le llev\u00f3 desde el Cabo de Buena Esperanza al Pa\u00eds del Fuego, aunque, por el momento, las rutas son especialmente optimistas. En detalle: no hay baches ni grandes trampas clim\u00e1ticas en su ruta. Simplemente un tobog\u00e1n ideal para un regreso r\u00e1pido y suave. &#8221;\u00a0 <em>Hasta la fecha, los escenarios de ascensi\u00f3n del Atl\u00e1ntico son bastante id\u00edlicos para los l\u00edderes<\/em> &#8220;, confirm\u00f3 Christian Dumard, asesor meteorol\u00f3gico de la manifestaci\u00f3n, cuyas rutas sugieren que Yoann y Charlie podr\u00edan encontrarse a partir del domingo en la latitud de R\u00edo de Janeiro. \u00a1y regresan al hemisferio norte a partir del 4 de enero!<\/p>\n<\/div>\n<\/div>\n<\/section>\n<section class=\"pg-text px-container-tight\">\n<div class=\"max-w-5xl mx-auto\">\n<div class=\"text\">\n<h2 class=\"text-align-justify\"><strong>UN CUERNO PARA OLVIDAR LA SOLEDAD DE LA NAVIDAD<\/strong><\/h2>\n<p class=\"text-align-justify\" dir=\"ltr\">\u00bfQu\u00e9 pasa con lo siguiente? El siguiente en cruzar la isla Horn deber\u00eda ser, salvo accidente, S\u00e9bastien Simon. El patr\u00f3n del Groupe Dubreuil tiene previsto navegar ma\u00f1ana por la ma\u00f1ana, entre las 7 y las 9 horas (hora de Par\u00eds), frente al majestuoso acantilado chileno. &#8220;\u00a1\u00a0 <em>Estoy ansioso por hacerlo!<\/em> \u00bb, espet\u00f3 el Sablais, encantado de salir del Sur profundo a un laberinto de tiendas IKEA. \u201c\u00a0 <em>No veo la hora de dejar los Mares del Sur y regresar al Atl\u00e1ntico. Cruzar el Cuerno es un paso enorme. Eso significa que hemos completado dos tercios del recorrido\u00a0<\/em> \u201d, a\u00f1adi\u00f3 el regatista que no se imaginaba sortearlo en tercera posici\u00f3n, y menos el 25 de diciembre. \u201c\u00a0 <em>No todo el mundo puede cruzar el Cabo de Hornos en Navidad. Es bastante lindo y adem\u00e1s me quitar\u00e1 algo de la emoci\u00f3n y tristeza de no estar con mis seres queridos y mi familia. \u00a1Lo voy a disfrutar a\u00fan m\u00e1s!<\/em> \u00bb, asegur\u00f3 S\u00e9bastien que, despu\u00e9s de experimentar anoche vientos de hasta 53 nudos, se prepara para iniciar una nueva fase de su carrera. \u201c\u00a0 <em>Esta \u00faltima parte del Atl\u00e1ntico ser\u00e1 mucho m\u00e1s estrat\u00e9gica que la de los Mares del Sur, pero tambi\u00e9n m\u00e1s t\u00e9cnica, y eso me gusta mucho. \u00a1Va a ser mucho m\u00e1s r\u00edtmico!<\/em> \u00bb, asegur\u00f3 el patr\u00f3n del Groupe Dubreuil, consciente de vivir hoy una experiencia \u00fanica.<\/p>\n<\/div>\n<\/div>\n<\/section>\n<section class=\"pg-media mx-auto px-container-tight\">\n<div class=\"max-w-5xl mx-auto\">\n<figure class=\"picture-wrapper picture-wrapper--fitted\">\n<div class=\"picture-wrapper__main\"><img decoding=\"async\" class=\"picture\" src=\"https:\/\/www.vendeeglobe.org\/sites\/default\/files\/styles\/image_desktop\/public\/imported_img\/2024\/12\/67696fbf6fff6.jpg.webp?itok=RKJrMAdP\" alt=\"CARRERA, 23 DE DICIEMBRE DE 2024: Foto enviada desde el barco Singchain Team Haikou durante la regata Vend\u00e9e Globe el 23 de diciembre de 2024. (Foto del patr\u00f3n Jingkun Xu) Cabo Leeuwin\" title=\"\"><\/div><figcaption class=\"picture-wrapper__aside\">\n<div>\n<div class=\"picture-wrapper__caption\">CARRERA, 23 DE DICIEMBRE DE 2024: Foto enviada desde el barco Singchain Team Haikou durante la regata Vend\u00e9e Globe el 23 de diciembre de 2024. (Foto del patr\u00f3n Jingkun Xu) Cabo Leeuwin<\/div>\n<\/div>\n<\/figcaption><\/figure>\n<\/div>\n<\/section>\n<section class=\"pg-text px-container-tight\">\n<div class=\"max-w-5xl mx-auto\">\n<div class=\"text\">\n<h2 class=\"text-align-justify\"><strong>LEJOS DE TODO, PERO CERCA DE LO IMPRESCINDIBLE.<\/strong><\/h2>\n<p class=\"text-align-justify\" dir=\"ltr\">Los navegantes de la Vend\u00e9e Globe est\u00e1n pasando, de hecho, una Navidad muy especial, solos en el mar, lejos de las luces de los \u00e1rboles de Navidad y del calor de las casas, frente al poder crudo de la naturaleza. Sin embargo, a pesar de esta extrema soledad, el esp\u00edritu navide\u00f1o no los abandona. Un arbolito de pl\u00e1stico por aqu\u00ed, algunas guirnaldas por aqu\u00ed y por all\u00e1&#8230; A bordo de los barcos, la decoraci\u00f3n es espartana pero suficiente para alegrar un poco esta \u00e9poca tan especial. \u201c\u00a0 <em>Levanta la moral<\/em> \u201d, afirm\u00f3 Romain Attanasio (Fortinet \u2013 Best Western) que, como muchos y con una buena dosis de autodesprecio, este martes cambi\u00f3 su traje de marinero por el de Pap\u00e1 Noel. \u201c\u00a0 <em>Admito que he tenido un peque\u00f1o momento de soledad esta ma\u00f1ana pero estoy empezando a recibir muchos mensajes de quienes me rodean. \u00a1Me hacen bien!\u00a0<\/em> \u00bb, a\u00f1adi\u00f3 el marinero cuya Nochevieja promete estar realzada por un plato de aperitivo de un chef estrella, acompa\u00f1ado de un peque\u00f1o trozo de foie gras delicadamente colocado sobre un Krisprolls. \u00a1Un verdadero banquete de reyes!<\/p>\n<\/div>\n<\/div>\n<\/section>\n<section class=\"pg-media mx-auto px-container-tight\">\n<div class=\"max-w-5xl mx-auto\">\n<figure class=\"picture-wrapper picture-wrapper--fitted\">\n<div class=\"picture-wrapper__main\"><img decoding=\"async\" class=\"picture\" src=\"https:\/\/www.vendeeglobe.org\/sites\/default\/files\/styles\/image_desktop\/public\/imported_img\/2024\/12\/676a301a13fd2.jpg.webp?itok=EocMg9xZ\" alt=\"24 DE DICIEMBRE DE 2024: Foto enviada desde el barco VULNERABLE SG durante la regata Vend\u00e9e Globe el 24 de diciembre de 2024. (Foto del patr\u00f3n Sam Goodchild) Navidad\" title=\"\"><\/div><figcaption class=\"picture-wrapper__aside\">\n<div>\n<div class=\"picture-wrapper__caption\">24 DE DICIEMBRE DE 2024: Foto enviada desde el barco VULNERABLE SG durante la regata Vend\u00e9e Globe el 24 de diciembre de 2024. (Foto del patr\u00f3n Sam Goodchild) Navidad<\/div>\n<\/div>\n<\/figcaption><\/figure>\n<\/div>\n<\/section>\n<section class=\"pg-text px-container-tight\">\n<div class=\"max-w-5xl mx-auto\">\n<div class=\"text\">\n<h2 class=\"text-align-justify\"><strong>OJOS QUE BRILLAN<\/strong><\/h2>\n<p class=\"text-align-justify\" dir=\"ltr\">Suficiente para darle un buen empuj\u00f3n para plantar cara a Damien Seguin (Grupo APICIL), que sigue acerc\u00e1ndose a su zaga. Una situaci\u00f3n que, por supuesto, no le encanta especialmente: si hubiera esperado un poco de compa\u00f1\u00eda para este d\u00eda especial, \u00a1habr\u00eda preferido claramente que viniera de un competidor delante! \u201c\u00a0 <em>El viento es un poco inestable. Tengo la impresi\u00f3n de no tener nunca la lona adecuada\u00a0<\/em> \u201d, se lamenta Romain, que aguanta, aunque animado por la perspectiva de pasar a su vez el Cabo de Hornos, aunque para \u00e9l s\u00f3lo ser\u00e1 en una gran semana\u2026 y posiblemente en 50 nudos de viento si se confirman las previsiones. \u201c\u00a0 <em>Tiene tiempo de cambiar diez veces de aqu\u00ed a entonces. Lo cierto es que me gustar\u00eda aprovechar condiciones tan incre\u00edbles como las que disfrutaron anoche Yoann y Charlie\u00a0<\/em> \u201d, suspir\u00f3 Romain, que de momento no es el \u00fanico que sue\u00f1a con el lugar de los dos l\u00edderes. \u201c \u00a1\u00a0 <em>Parece una locura imaginar que ellos ya est\u00e1n de regreso en el Atl\u00e1ntico, mientras yo apenas estoy en el Pac\u00edfico, cerca de la isla Macquarie! \u00a1Es una locura!<\/em> \u00bb, coment\u00f3 S\u00e9bastien Marsset (Foussier), todav\u00eda luchando en el grupo de los barcos de deriva. Un grupo que, para sus Navidades, se beneficiar\u00e1 del regreso del viento a su zona de regata durante el d\u00eda, lo que sigue siendo, en este caso, un bonito regalo despu\u00e9s de largas horas atrapado en aguas blandas.<\/p>\n<\/div>\n<\/div>\n<\/section>\n<\/div>\n","protected":false},"excerpt":{"rendered":"<p>Vend\u00e9e Globe !!!! Nada de pavo relleno ni troncos congelados (\u00a1lo que sea!) en las fr\u00edas aguas del sur profundo. Sin embargo, a pesar de las olas gigantes y la humedad siempre presente, el esp\u00edritu navide\u00f1o siempre encuentra la manera de colarse a bordo. Entre una r\u00e1faga de viento y un ataque de tristeza, los [&hellip;]<\/p>\n","protected":false},"author":1,"featured_media":54794,"comment_status":"open","ping_status":"open","sticky":false,"template":"","format":"standard","meta":{"_jetpack_memberships_contains_paid_content":false,"footnotes":""},"categories":[89],"tags":[1735],"class_list":{"0":"post-54793","1":"post","2":"type-post","3":"status-publish","4":"format-standard","5":"has-post-thumbnail","7":"category-vendee-globe","8":"tag-vende-globe"},"jetpack_featured_media_url":"https:\/\/nautica.news\/es\/wp-content\/uploads\/sites\/2\/2024\/12\/IMG_8705.png","jetpack_sharing_enabled":true,"jetpack-related-posts":[],"_links":{"self":[{"href":"https:\/\/nautica.news\/es\/wp-json\/wp\/v2\/posts\/54793","targetHints":{"allow":["GET"]}}],"collection":[{"href":"https:\/\/nautica.news\/es\/wp-json\/wp\/v2\/posts"}],"about":[{"href":"https:\/\/nautica.news\/es\/wp-json\/wp\/v2\/types\/post"}],"author":[{"embeddable":true,"href":"https:\/\/nautica.news\/es\/wp-json\/wp\/v2\/users\/1"}],"replies":[{"embeddable":true,"href":"https:\/\/nautica.news\/es\/wp-json\/wp\/v2\/comments?post=54793"}],"version-history":[{"count":0,"href":"https:\/\/nautica.news\/es\/wp-json\/wp\/v2\/posts\/54793\/revisions"}],"wp:featuredmedia":[{"embeddable":true,"href":"https:\/\/nautica.news\/es\/wp-json\/wp\/v2\/media\/54794"}],"wp:attachment":[{"href":"https:\/\/nautica.news\/es\/wp-json\/wp\/v2\/media?parent=54793"}],"wp:term":[{"taxonomy":"category","embeddable":true,"href":"https:\/\/nautica.news\/es\/wp-json\/wp\/v2\/categories?post=54793"},{"taxonomy":"post_tag","embeddable":true,"href":"https:\/\/nautica.news\/es\/wp-json\/wp\/v2\/tags?post=54793"}],"curies":[{"name":"wp","href":"https:\/\/api.w.org\/{rel}","templated":true}]}}