{"id":54244,"date":"2024-10-16T09:11:46","date_gmt":"2024-10-16T12:11:46","guid":{"rendered":"https:\/\/nautica.news\/es\/?p=54244"},"modified":"2024-10-16T09:11:46","modified_gmt":"2024-10-16T12:11:46","slug":"gran-cierre-de-la-semana-de-buenos-aires-2024","status":"publish","type":"post","link":"https:\/\/nautica.news\/es\/gran-cierre-de-la-semana-de-buenos-aires-2024\/","title":{"rendered":"Gran Cierre de  la Semana de Buenos Aires 2024"},"content":{"rendered":"<p><strong data-removefontsize=\"true\" data-originalcomputedfontsize=\"17\">Gran cierre de la Edici\u00f3n XXXI\u00b0 de la Semana de Buenos Aires 2024 en el Yacht Club Argentino en las sedes de D\u00e1rsena Norte y Mar del Plata.<\/strong><\/p>\n<p><span data-removefontsize=\"true\" data-originalcomputedfontsize=\"14\">Este a\u00f1o, y a diferencia de ediciones anteriores, dividimos nuestra semana en dos sedes: Mar del Plata y D\u00e1rsena Norte. Contamos con una gran asistencia de competidores, con la participaci\u00f3n de 669 barcos inscritos y 933 tripulantes en 12 clases internacionales y nacionales: Optimist Principiantes, Optimista Timoneles, Cadete, ILCA 7, ILCA 6, ILCA 4, 420, 29er,\u00a0F18, Snipe, J70 y S33.<\/span><\/p>\n<p><span data-removefontsize=\"true\" data-originalcomputedfontsize=\"14\">El s\u00e1bado 5 y domingo 6 de octubre se dio inicio a la primera etapa de la Semana de Buenos Aires 2024, con la participaci\u00f3n de 6 barcos de la clase S33 y 33 J70.<\/p>\n<p>Al finalizar las regatas, se llev\u00f3 a cabo la entrega de premios en el Edificio Principal para las tripulaciones ganadoras del campeonato,<\/p>\n<p><strong data-removefontsize=\"true\" data-originalcomputedfontsize=\"14\">Resultados de la primera etapa:<\/strong><br \/>\n<strong><em data-removefontsize=\"true\" data-originalcomputedfontsize=\"14\">Clase Nacional S33<\/em><\/strong><br \/>\nPrimer puesto: \u00abXE\u00bb de Fernando Landini.<br \/>\nSegundo puesto: &#8220;Chino&#8221; de Sergio Armesto.<br \/>\nTercer puesto: &#8220;Allegro&#8221; de Facundo de Achaval.<br \/>\n<strong><em data-removefontsize=\"true\" data-originalcomputedfontsize=\"14\">Clase Internacional J70: <\/em><\/strong><br \/>\nPrimer puesto en la <em><u data-removefontsize=\"true\" data-originalcomputedfontsize=\"14\">Clasificaci\u00f3n General<\/u><\/em> y en la categor\u00eda <em><u data-removefontsize=\"true\" data-originalcomputedfontsize=\"14\">Corinthians<\/u><\/em>: \u201cSi Querida!&#8221; de Francisco Van Avermaete.<br \/>\nSegundo puesto en la general: \u201cHomero\u201d de Juan Diego Figueroa.<br \/>\nTercer puesto en la general: &#8220;Ocho Cero Seis\u201d de Gonzalo Ramos V\u00e9rtiz.<br \/>\n<em><u data-removefontsize=\"true\" data-originalcomputedfontsize=\"14\">En la categor\u00eda Corinthians: <\/u><\/em><br \/>\nSegundo puesto: &#8220;Whisky&#8221; de M\u00e1ximo Videla.<br \/>\nTercer puesto: &#8220;Azul&#8221; de Mat\u00edas Pereira.<\/span><\/p>\n<p><span data-removefontsize=\"true\" data-originalcomputedfontsize=\"14\">En esta segunda etapa de la Semana de Buenos Aires, la clase\u00a0Optimist Timoneles compiti\u00f3\u00a0en la sede de Mar del Plata. El jueves 10 de octubre, comenz\u00f3 con la reuni\u00f3n de capitanes a las 10:00 horas, seguida de la bajada de los barcos al agua. Participaron 265 barcos de la clase Optimist Timoneles, provenientes de 16 pa\u00edses. Con una \u00fanica cancha de regatas, saliendo del puerto rumbo ESE, a unas 2 millas al este frente a Cabo Corrientes, se largaron a las 12:00 horas, 3 regatas de 4 series cada una, pero debido a un cambio en el viento, se tard\u00f3 una hora y media en acomodar la cancha. Una vez establecido, pudieron correr con vientos de 8 a 13 nudos del NNE, algo variable.<\/p>\n<p>Desde el viernes 11 de octubre y hasta el 13, el campeonato tuvo lugar en ambas sedes, Mar del Plata y D\u00e1rsena Norte, contando con una gran convocatoria de barcos. Se sumaron las clases: Optimist Principiantes (148), Cadet (6), 420 (42), 29er (25), ILCA 4 (30), ILCA 6 (46), ILCA 7 (24), F18 (12) y Snipe (28).<\/p>\n<p>El viernes 11 se realiz\u00f3 en la sede D\u00e1rsena Norte la reuni\u00f3n de capitanes a las 10:00 horas en la carpa y luego se dio la se\u00f1al de bajada de rampa para todas las clases, con un d\u00eda soleado, aunque inestable en cuanto al viento: por la ma\u00f1ana y al mediod\u00eda, la intensidad fue de 1 a 10 nudos, fluctuando constantemente. Alrededor de las 15:20 horas, el viento rot\u00f3 del NNE de unos 6 a 7 nudos, lo que permiti\u00f3 correr algunas regatas. Las clases 420 y Cadet no pudieron competir ese d\u00eda debido a estas condiciones. En Mar del Plata,\u00a0los Optimist timoneles largaron una serie, pero fue anulada, lo que hizo que toda la flota regresara a puerto sin poder correr ninguna regata, debido a una intensidad del viento de\u00a0unos 30 nudos.<\/p>\n<p>El d\u00eda s\u00e1bado, a diferencia del viernes, en D\u00e1rsena el viento sopl\u00f3 del NO al N unos 7 a 11 nudos durante todo el d\u00eda, con poca ola. Fue un buen d\u00eda para competir en todas las clases. Sin embargo, en Mar del Plata, solo se pudo correr una regata; cuando largaron la segunda, el viento se volvi\u00f3 inestable, con una serie de calmas y borneos grandes, lo que llev\u00f3 a que se anule, sin poder establecerse nuevamente la cancha despu\u00e9s de una serie de borneos que variaron unos 50 grados aproximadamente.<\/p>\n<p>El domingo, y como cierre del campeonato en Mar del Plata, se corrieron 3 regatas, completando as\u00ed un total de 7. Los barcos bajaron al agua a las 10:00 horas y las regatas comenzaron luego de que el viento se estableciera del ENE entre 7 y 11 nudos, completando las pruebas programadas con vientos que fueron en aumento de 13\/14 nudos. No tuvimos la misma suerte en D\u00e1rsena ya que desde muy temprano amanecimos con llovizna, poco viento borneante del SO al O. Comenzamos con 10 nudos, bajando a 2 al mediod\u00eda; solo dos clases pudieron realizar sus partidas, Optimist Principiantes e ILCA, pero la calma al mediod\u00eda llev\u00f3 a que se anularan, dando por finalizado el campeonato sin que se pudieran correr m\u00e1s regatas.<\/p>\n<p>La entrega de premios se adelant\u00f3 a las 16:00 horas. Se realizaron sorteos y se entregaron varios regalos a los competidores, gracias a la colaboraci\u00f3n de todos nuestros auspiciantes,\u00a0\u00a0quienes a\u00f1o tras a\u00f1o nos acompa\u00f1an en este gran desaf\u00edo y hacen posible este campeonato..<\/p>\n<p>Durante la premiaci\u00f3n se hicieron algunas distinciones especiales:<\/p>\n<p><strong data-removefontsize=\"true\" data-originalcomputedfontsize=\"14\">RECONOCIMIENTOS JUEGOS OL\u00cdMPICOS PAR\u00cdS 2024:<\/strong><br \/>\nClase ILCA 6: Luc\u00eda Falasca y Clase ILCA 7: Francisco Guaragna<br \/>\nMedalla de Plata Clase Nacra 17: Mateo Majdalani y Eugenia Bosco<\/p>\n<p><strong data-removefontsize=\"true\" data-originalcomputedfontsize=\"14\">PREMIO CHALLENGER SEMANA DE BUENOS AIRES 2024<\/strong><br \/>\n<strong><em data-removefontsize=\"true\" data-originalcomputedfontsize=\"14\">CLASE INTERNACIONAL F18<\/em><\/strong><br \/>\nAgust\u00edn Krevisky y Juan Mart\u00edn Ben\u00edtez \u2013 CN Paran\u00e1<br \/>\n<strong><em data-removefontsize=\"true\" data-originalcomputedfontsize=\"14\">CLASE INTERNACIONAL SNIPE<\/em><\/strong><br \/>\n3\u00ba Luciano Pesci y Florencia Galimberti \u2013 YCO \/ CVB \/ CNC<br \/>\n2\u00ba Luis Soubie y Diego Lipszyc \u2013 YCO \/ CN Z\u00e1rate<br \/>\n1\u00ba Ignacio Rodr\u00edguez y Carolina Rodr\u00edguez \u2013 YCU (Uruguay)<br \/>\n<strong><em data-removefontsize=\"true\" data-originalcomputedfontsize=\"14\">CLASE INTERNACIONAL F18<\/em><\/strong><br \/>\n3\u00b0 Pablo V\u00f6lker y Dante V\u00f6lker \u2013 CNSI \/ YC Santo Amaro (Brasil)<br \/>\n2\u00ba Juan Pablo Sucic y Tom\u00e1s Ferrante \u2013 YCA<br \/>\n1\u00ba Agust\u00edn Krevisky y Juan Mart\u00edn Ben\u00edtez \u2013 CN Paran\u00e1<br \/>\n<strong><em data-removefontsize=\"true\" data-originalcomputedfontsize=\"14\">CLASE INTERNACIONAL 420<\/em><\/strong><br \/>\n3\u00b0 Carolina Santa Cruz y Luisa Madureira \u2013 ICRJ (Brasil)<br \/>\n2\u00ba Joaqu\u00edn Blousson y Franco Blousson \u2013 YCA<br \/>\n<strong><em data-removefontsize=\"true\" data-originalcomputedfontsize=\"14\">Campe\u00f3n Sudamericano:<\/em><\/strong><br \/>\n1\u00ba Federico Warburg y Joaqu\u00edn Alvarez \u2013 CNSI y Ecuador<br \/>\n<strong><em data-removefontsize=\"true\" data-originalcomputedfontsize=\"14\">CLASE INTERNACIONAL 29er<\/em><\/strong><br \/>\n3\u00b0 Amparo Stupenengo y Mercedes Caranti \u2013 YCA \/ CNSI<br \/>\n2\u00ba Carolina Barcel\u00f3 y Camilo Barcel\u00f3 \u2013 YCA<br \/>\n1\u00ba Tom\u00e1s Conte y Juan Albamonte \u2013 CUBA<br \/>\n<strong><em data-removefontsize=\"true\" data-originalcomputedfontsize=\"14\">CLASE INTERNACIONAL CADET<\/em><\/strong><br \/>\n3\u00ba Augusto Moreira y Camila Aguirre Gari \u2013 CVSI<br \/>\n2\u00ba Tom\u00e1s Atanasoff y Salvador Lastre \u2013 YCCN<br \/>\n1\u00ba Nicol\u00e1s Britos y Julieta Britos \u2013 CVSI<br \/>\n<strong><em data-removefontsize=\"true\" data-originalcomputedfontsize=\"14\">CLASE INTERNACIONAL ILCA 7<\/em><\/strong><br \/>\n3\u00ba Francisco G\u00f3mez \u2013 CNSP<br \/>\n2\u00ba Pedro Paulo Pinto \u2013 CNSI \/ CVSI<br \/>\n1\u00ba Nicol\u00e1s Castelari Rivas \u2013 YCR<br \/>\n<strong><em data-removefontsize=\"true\" data-originalcomputedfontsize=\"14\">CLASE INTERNACIONAL ILCA 7 SUB 21<\/em><\/strong><br \/>\n1\u00ba Nicol\u00e1s Castelari Rivas \u2013 YCR<br \/>\n<strong><em data-removefontsize=\"true\" data-originalcomputedfontsize=\"14\">CLASE INTERNACIONAL ILCA 7 AP MASTER<\/em><\/strong><br \/>\n1\u00b0 Agust\u00edn Pascual \u2013 YCO<br \/>\n<strong><em data-removefontsize=\"true\" data-originalcomputedfontsize=\"14\">CLASE INTERNACIONAL ILCA 7 MASTER<\/em><\/strong><br \/>\n1\u00ba Cristian Finsterbusch \u2013 YCA<br \/>\n<strong><em data-removefontsize=\"true\" data-originalcomputedfontsize=\"14\">CLASE INTERNACIONAL ILCA 7 G. MASTER<\/em><\/strong><br \/>\n1\u00ba Daniel Guaragna \u2013 CNJ<br \/>\n<strong><em data-removefontsize=\"true\" data-originalcomputedfontsize=\"14\">CLASE INTERNACIONAL ILCA 6<\/em><\/strong><br \/>\n3\u00ba Delfina Kuttel \u2013 CNSP<br \/>\n2\u00ba Isabel Busch \u2013 CNSI<br \/>\n1\u00ba Luc\u00eda Falasca \u2013 YCA<br \/>\n<strong><em data-removefontsize=\"true\" data-originalcomputedfontsize=\"14\">CLASE INTERNACIONAL ILCA 6 FEMENINO<\/em><\/strong><br \/>\n1\u00ba Luc\u00eda Falasca \u2013 YCA<br \/>\n<strong><em data-removefontsize=\"true\" data-originalcomputedfontsize=\"14\">CLASE INTERNACIONAL ILCA 6 FEMENINO SUB 21<\/em><\/strong><br \/>\n1\u00ba Isabel Busch \u2013 CNSI<br \/>\n<strong><em data-removefontsize=\"true\" data-originalcomputedfontsize=\"14\">CLASE INTERNACIONAL ILCA 6 SUB 17<\/em><\/strong><br \/>\n1\u00ba Tob\u00edas L\u00f3pez Pozzo \u2013 CUBA<br \/>\n<strong><em data-removefontsize=\"true\" data-originalcomputedfontsize=\"14\">CLASE INTERNACIONAL ILCA 6 SUB 19<\/em><\/strong><br \/>\n1\u00ba Delfina Kuttel \u2013 CNSP<br \/>\n<strong><em data-removefontsize=\"true\" data-originalcomputedfontsize=\"14\">CLASE INTERNACIONAL ILCA 6 APRENDIZ MASTER<\/em><\/strong><br \/>\n1\u00ba Luc\u00eda Falasca \u2013 YCA<br \/>\n<strong><em data-removefontsize=\"true\" data-originalcomputedfontsize=\"14\">CLASE INTERNACIONAL ILCA 6 MASTER<\/em><\/strong><br \/>\n1\u00ba Leandro Pellini \u2013 YCN<br \/>\n<strong><em data-removefontsize=\"true\" data-originalcomputedfontsize=\"14\">CLASE INTERNACIONAL ILCA 6 GRAND MASTER<\/em><\/strong><br \/>\n1\u00ba Mart\u00edn Agnoletti \u2013 YCA<br \/>\n<strong><em data-removefontsize=\"true\" data-originalcomputedfontsize=\"14\">CLASE INTERNACIONAL ILCA 4<\/em><\/strong><br \/>\n3\u00ba Ignacia Christie \u2013 CYH (Chile)<br \/>\n2\u00ba Agnese Caiafa \u2013 YCPE (Uruguay)<br \/>\n1\u00ba Renato Brito Catal\u00e1n \u2013 CYH (Chile)<br \/>\n<strong><em data-removefontsize=\"true\" data-originalcomputedfontsize=\"14\">CLASE INTERNACIONAL ILCA 4 FEMENINO<\/em><\/strong><br \/>\n1\u00ba Agnese Caiafa \u2013 YCPE (Uruguay)<br \/>\n<strong><em data-removefontsize=\"true\" data-originalcomputedfontsize=\"14\">CLASE INTERNACIONAL ILCA 4 SUB 16<\/em><\/strong><br \/>\n1\u00ba Gino Muscolini \u2013 RRC<br \/>\n<strong><em data-removefontsize=\"true\" data-originalcomputedfontsize=\"14\">CLASE INTERNACIONAL ILCA 4 SUB 18<\/em><\/strong><br \/>\n1\u00ba Renato Brito Catal\u00e1n \u2013 CYH (Chile)<br \/>\n<strong><em data-removefontsize=\"true\" data-originalcomputedfontsize=\"14\">CLASE INTERNACIONAL OPTIMIST PRINCIPIANTES:<\/em><\/strong><br \/>\n<strong><em data-removefontsize=\"true\" data-originalcomputedfontsize=\"14\">OPTIMIST PRINCIPIANTES SUB 10:<\/em><\/strong><br \/>\n3\u00b0 Guido Pierson \u2013 CRR<br \/>\n2\u00b0 Marcos Amespil \u2013 CUBA<br \/>\n1\u00ba Mat\u00edas Murg\u00eda \u2013 CNJ<br \/>\n<strong><em data-removefontsize=\"true\" data-originalcomputedfontsize=\"14\">OPTIMIST PRINCIPIANTES FEMENINO: <\/em><\/strong><br \/>\n3\u00b0 Thaya Jaimovich Landeo \u2013 CPNLB<br \/>\n2\u00b0 Mar\u00eda Dolores Azar \u2013 CRLP<br \/>\n1\u00b0 Sof\u00eda Frogone \u2013 YCCN<br \/>\n<strong><em data-removefontsize=\"true\" data-originalcomputedfontsize=\"14\">OPTIMIST PRINCIPIANTES: <\/em><\/strong><br \/>\n20\u00ba Quinto Graham \u2013 CNSI<br \/>\n19\u00ba Manuel Antoni \u2013 CUBA<br \/>\n18\u00ba Marcos Amespil \u2013 CUBA<br \/>\n17\u00ba Luc\u00eda Galli Kluge \u2013 CVB<br \/>\n16\u00ba Emma De Cesaris \u2013 Wind Sailing School<br \/>\n15\u00ba Luna Berard \u2013 CVB<br \/>\n14\u00ba Allegra Aranda \u2013 CVR \/ CPNLB<br \/>\n13\u00ba Emma Grinvald \u2013 CMR<br \/>\n12\u00ba Romeo Nieva Orellana \u2013 CPNLB \/ Capt. de Barrio<br \/>\n11\u00ba Martina Pittaluga \u2013 YCA<br \/>\n10\u00ba Mart\u00edn Lucero Schmidt \u2013 CUBA<br \/>\n9\u00ba Hilario Sacchi \u2013 YCA<br \/>\n8\u00ba Lucio Hanono \u2013 YCCN<br \/>\n7\u00ba Mart\u00edn Murgu\u00eda \u2013 CNJ<br \/>\n6\u00ba Rodrigo Zabala \u2013 CUBA<br \/>\n5\u00ba Thaya Jaimovich Landeo \u2013 CPNLB<br \/>\n4\u00ba Mar\u00eda Dolores Azar \u2013 CRLP<br \/>\n3\u00ba Sof\u00eda Frogone \u2013 YCCN<br \/>\n2\u00ba Rafael Mones \u2013 YCA<br \/>\n1\u00ba Francisco Calabrese \u2013 YCA\u00a0<\/span><\/p>\n<p>&nbsp;<\/p>\n<p><strong>Pueden encontrar los resultados completos en este <a href=\"https:\/\/yca.us15.list-manage.com\/track\/click?u=0f78e5634b8fd80f0bb7d1923&amp;id=94e1c54b46&amp;e=ed429520f2\" target=\"_blank\" rel=\"noopener\" data-saferedirecturl=\"https:\/\/www.google.com\/url?q=https:\/\/yca.us15.list-manage.com\/track\/click?u%3D0f78e5634b8fd80f0bb7d1923%26id%3D94e1c54b46%26e%3Ded429520f2&amp;source=gmail&amp;ust=1729127480612000&amp;usg=AOvVaw28tjSpLZ27TQDUG2C2HUPG\" data-originalfontsize=\"14px\" data-originalcomputedfontsize=\"14\">enlace.<\/a>\u00a0<\/strong><\/p>\n","protected":false},"excerpt":{"rendered":"<p>Gran cierre de la Edici\u00f3n XXXI\u00b0 de la Semana de Buenos Aires 2024 en el Yacht Club Argentino en las sedes de D\u00e1rsena Norte y Mar del Plata. Este a\u00f1o, y a diferencia de ediciones anteriores, dividimos nuestra semana en dos sedes: Mar del Plata y D\u00e1rsena Norte. Contamos con una gran asistencia de competidores, [&hellip;]<\/p>\n","protected":false},"author":1,"featured_media":54245,"comment_status":"open","ping_status":"open","sticky":false,"template":"","format":"standard","meta":{"_jetpack_memberships_contains_paid_content":false,"footnotes":""},"categories":[3648],"tags":[343],"class_list":{"0":"post-54244","1":"post","2":"type-post","3":"status-publish","4":"format-standard","5":"has-post-thumbnail","7":"category-argentina-2","8":"tag-semana-de-buenos-aires"},"jetpack_featured_media_url":"https:\/\/nautica.news\/es\/wp-content\/uploads\/sites\/2\/2024\/10\/IMG_8254.jpeg","jetpack_sharing_enabled":true,"jetpack-related-posts":[],"_links":{"self":[{"href":"https:\/\/nautica.news\/es\/wp-json\/wp\/v2\/posts\/54244","targetHints":{"allow":["GET"]}}],"collection":[{"href":"https:\/\/nautica.news\/es\/wp-json\/wp\/v2\/posts"}],"about":[{"href":"https:\/\/nautica.news\/es\/wp-json\/wp\/v2\/types\/post"}],"author":[{"embeddable":true,"href":"https:\/\/nautica.news\/es\/wp-json\/wp\/v2\/users\/1"}],"replies":[{"embeddable":true,"href":"https:\/\/nautica.news\/es\/wp-json\/wp\/v2\/comments?post=54244"}],"version-history":[{"count":0,"href":"https:\/\/nautica.news\/es\/wp-json\/wp\/v2\/posts\/54244\/revisions"}],"wp:featuredmedia":[{"embeddable":true,"href":"https:\/\/nautica.news\/es\/wp-json\/wp\/v2\/media\/54245"}],"wp:attachment":[{"href":"https:\/\/nautica.news\/es\/wp-json\/wp\/v2\/media?parent=54244"}],"wp:term":[{"taxonomy":"category","embeddable":true,"href":"https:\/\/nautica.news\/es\/wp-json\/wp\/v2\/categories?post=54244"},{"taxonomy":"post_tag","embeddable":true,"href":"https:\/\/nautica.news\/es\/wp-json\/wp\/v2\/tags?post=54244"}],"curies":[{"name":"wp","href":"https:\/\/api.w.org\/{rel}","templated":true}]}}