{"id":53167,"date":"2020-10-07T09:22:17","date_gmt":"2020-10-07T12:22:17","guid":{"rendered":"http:\/\/nautic.wnpower.host\/?p=31107"},"modified":"2020-10-07T09:22:17","modified_gmt":"2020-10-07T12:22:17","slug":"regresa-la-actividad-nautica-2","status":"publish","type":"post","link":"https:\/\/nautica.news\/es\/regresa-la-actividad-nautica-2\/","title":{"rendered":"Regresa la Actividad N\u00e1utica al Delta y R\u00edo de la Plata !!!"},"content":{"rendered":"<h1><strong>Regresa la Actividad N\u00e1utica !!!<\/strong><\/h1>\n<p>&nbsp;<\/p>\n<h3><strong>Fin de la cuarentena para la n\u00e1utica, la actividad volver\u00eda este fin de semana<\/strong><\/h3>\n<p>Se habilitar\u00eda la <b>actividad n\u00e1utica<\/b> deportiva , e incluir\u00eda la navegaci\u00f3n a motor y vela en el Delta del Paran\u00e1 y R\u00edo de la Plata.<\/p>\n<p>La provincia de Buenos Aires esta trabajando junto con los municipios en la redacci\u00f3n del decreto, y que incluir\u00eda la <strong>navegaci\u00f3n a motor, a vela y las actividades n\u00e1uticas deportivas en el Delta del Paran\u00e1 (Primera Secci\u00f3n de Tigre y Segunda Secci\u00f3n de San Fernando) y el R\u00edo de la Plata. A\u00fan resta definir horarios y medidas de prevenci\u00f3n.<\/strong><\/p>\n<p>Algunas marinas dejaron de dar turnos a los mec\u00e1nicos y marineros, y habilitaron los accesos en un horario determinado, considerando que muchas embarcaciones necesitaban atenci\u00f3n.<\/p>\n<p>Prefectura esta previendo que este verano mucha gente permenecer\u00e1 en la zona debido a la pandemia, lo que har\u00e1 que se incremente la actividad n\u00e1utica, es por ello que ya tiene elaborado un borrador de la nueva disposici\u00f3n para aumentar las zonas de fondeo.<strong><br \/>\n<\/strong><\/p>\n<p>Las autoridades provinciales estuvieron en contacto permanente con los intendentes de los municipios de Tigre, San Fernando, San Isidro , quienes se han encargado en las \u00faltimas semanas de elevar los interminables reclamos que la <b>n\u00e1utica<\/b> viene realizando desde hace muchos meses, a trav\u00e9s de pedidos en municipios, con \u00a0marchas, caravanas y notas.<\/p>\n<p>Se \u00a0tiene en cuenta todos estos reclamos, ya sea de \u00a0profesionales que trabajan \u201cnavegando\u201d (gu\u00edas de pesca, instructores n\u00e1uticos, etc) como as\u00ed tambi\u00e9n, todos aquellos usuarios que navegan por placer.<\/p>\n<p>Los principales reclamos y pedidos que se han venido realizado a las diferentes autoridades fueron:<\/p>\n<ul>\n<li>Que la actividad n\u00e1utica se realiza al aire libre y en \u00e1mbitos muy abiertos y distantes.<\/li>\n<li>Que en el caso de fondeo de embarcaciones, la distancia m\u00ednima entre una y otra es de 3o metros aproximadamente.<\/li>\n<li>Que las salidas en embarcaciones (lanchas, cruceros, veleros) se hagan en familia de convivientes para evitar contagios.<\/li>\n<li>Establecer estrictos protocolos, tanto en los sitios de guarda y amarre, como a bordo de las embarcaciones.<\/li>\n<li>Que el R\u00edo no contagia.<\/li>\n<\/ul>\n<p>Ya es hora de <strong>\u201cvolver a navegar\u201d-<\/strong><\/p>\n","protected":false},"excerpt":{"rendered":"<p>Regresa la Actividad N\u00e1utica !!! &nbsp; Fin de la cuarentena para la n\u00e1utica, la actividad volver\u00eda este fin de semana Se habilitar\u00eda la actividad n\u00e1utica deportiva , e incluir\u00eda la navegaci\u00f3n a motor y vela en el Delta del Paran\u00e1 y R\u00edo de la Plata. La provincia de Buenos Aires esta trabajando junto con los [&hellip;]<\/p>\n","protected":false},"author":3,"featured_media":31108,"comment_status":"open","ping_status":"open","sticky":false,"template":"","format":"standard","meta":{"_jetpack_memberships_contains_paid_content":false,"footnotes":""},"categories":[83],"tags":[92],"class_list":{"0":"post-53167","1":"post","2":"type-post","3":"status-publish","4":"format-standard","5":"has-post-thumbnail","7":"category-actualidad-nautica","8":"tag-nautica"},"jetpack_featured_media_url":"","jetpack_sharing_enabled":true,"jetpack-related-posts":[],"_links":{"self":[{"href":"https:\/\/nautica.news\/es\/wp-json\/wp\/v2\/posts\/53167","targetHints":{"allow":["GET"]}}],"collection":[{"href":"https:\/\/nautica.news\/es\/wp-json\/wp\/v2\/posts"}],"about":[{"href":"https:\/\/nautica.news\/es\/wp-json\/wp\/v2\/types\/post"}],"author":[{"embeddable":true,"href":"https:\/\/nautica.news\/es\/wp-json\/wp\/v2\/users\/3"}],"replies":[{"embeddable":true,"href":"https:\/\/nautica.news\/es\/wp-json\/wp\/v2\/comments?post=53167"}],"version-history":[{"count":0,"href":"https:\/\/nautica.news\/es\/wp-json\/wp\/v2\/posts\/53167\/revisions"}],"wp:featuredmedia":[{"embeddable":true,"href":"https:\/\/nautica.news\/es\/wp-json\/"}],"wp:attachment":[{"href":"https:\/\/nautica.news\/es\/wp-json\/wp\/v2\/media?parent=53167"}],"wp:term":[{"taxonomy":"category","embeddable":true,"href":"https:\/\/nautica.news\/es\/wp-json\/wp\/v2\/categories?post=53167"},{"taxonomy":"post_tag","embeddable":true,"href":"https:\/\/nautica.news\/es\/wp-json\/wp\/v2\/tags?post=53167"}],"curies":[{"name":"wp","href":"https:\/\/api.w.org\/{rel}","templated":true}]}}