{"id":53018,"date":"2020-08-31T09:42:55","date_gmt":"2020-08-31T12:42:55","guid":{"rendered":"http:\/\/nautic.wnpower.host\/?p=30136"},"modified":"2020-08-31T09:42:55","modified_gmt":"2020-08-31T12:42:55","slug":"ola-gigante-genera-un-choque-en-cadena-de-lanchas-2","status":"publish","type":"post","link":"https:\/\/nautica.news\/es\/ola-gigante-genera-un-choque-en-cadena-de-lanchas-2\/","title":{"rendered":"Video: Ola  gigante genera un  choque en cadena de lanchas."},"content":{"rendered":"<div class=\"row\">\n<div class=\"col-xs-12\">\n<section class=\"widget-full news-header\">\n<div class=\"container container-standard\"><span style=\"color: #111111;font-family: Roboto, sans-serif;font-size: 32px\">Una ola gigante gener\u00f3 un impresionante choque en cadena de lanchas en el Paran\u00e1<\/span><\/div>\n<div class=\"container container-standard\">\n<div><\/div>\n<div class=\"news-header-description\"><img decoding=\"async\" title=\"Una ola gigante gener\u00f3 un impresionante choque en cadena de lanchas en el Paran\u00e1\" src=\"https:\/\/media.lacapital.com.ar\/adjuntos\/203\/imagenes\/028\/705\/0028705679.gif\" alt=\"Una ola gigante gener\u00f3 un impresionante choque en cadena de lanchas en el Paran\u00e1\" width=\"640\" \/><\/div>\n<\/div>\n<\/section>\n<\/div>\n<\/div>\n<div class=\"row\">\n<div class=\"col-sm-12 col-md-8\">\n<div class=\"news-body-main\">\n<div class=\"gallery-container news-body-media media-expand\">\n<div id=\"content-gallery\">\n<div id=\"fotogaleria-Object_369812_185067\" class=\"gallery\">\n<div class=\"snapshot-container\">\n<div class=\"media-wrapper image itemGallery classid2434697 \">\n<div class=\"content-wrapper\">\n<div class=\"gallery-header\"><\/div>\n<\/div>\n<div class=\"credit-media nocopyright noepigrafe clearfix\"><\/div>\n<\/div>\n<div class=\"galleryPrevThumb2 galleft\"><\/div>\n<\/div>\n<\/div>\n<\/div>\n<div id=\"note-body\" data-twitter-link=\"https:\/\/twitter.com\/intent\/tweet?url=https:\/\/www.lacapital.com.ar\/\/c2606607&amp;via=lacapital&amp;related=La Capital&amp;text=\">\n<p>La imagen muestra una escena dram\u00e1tica del\u00a0llamativo episodio que se registr\u00f3 en la zona de Puerto Pirata.<br \/>\nEl pase de <strong>dos buques de cargas, m\u00e1s la bajante del r\u00edo Paran\u00e1 y lasembarcaciones amarradas demasiado cerca<\/strong> unas de otras, gener\u00f3 el\u00a0<strong>oleaje que \u00a0lleg\u00f3 con fuerza a la costa ,causando un importante caos.<\/strong><\/p>\n<p><iframe loading=\"lazy\" title=\"Impactante choque de lanchas por una ola en el R\u00edo Paran\u00e1\" width=\"696\" height=\"392\" src=\"https:\/\/www.youtube.com\/embed\/raHUR5sdFPg?feature=oembed\" frameborder=\"0\" allow=\"accelerometer; autoplay; encrypted-media; gyroscope; picture-in-picture\" allowfullscreen><\/iframe><\/p>\n<p>&nbsp;<\/p>\n<p class=\" aBigClassNameToAvoidCollisionInText\">Se reportaron da\u00f1os evidentes, pero no hay lesionados confirmados<br \/>\n<strong>&#8220;Solamente hubo da\u00f1os materiales&#8221;.<\/strong><\/p>\n<p>&nbsp;<\/p>\n<p class=\" aBigClassNameToAvoidCollisionInText\"><strong>\u00a0<\/strong><\/p>\n<blockquote class=\"twitter-tweet\" data-width=\"550\" data-dnt=\"true\">\n<p lang=\"es\" dir=\"ltr\">Otro video, mismas olas. <a href=\"https:\/\/t.co\/w8s9SYLrmz\">pic.twitter.com\/w8s9SYLrmz<\/a><\/p>\n<p>&mdash; Lichu Pongelli (@LichuPongelli) <a href=\"https:\/\/twitter.com\/LichuPongelli\/status\/1300195337991262210?ref_src=twsrc%5Etfw\" rel=\"noopener\">August 30, 2020<\/a><\/p><\/blockquote>\n<p><script async src=\"https:\/\/platform.twitter.com\/widgets.js\" charset=\"utf-8\"><\/script><\/p>\n<\/div>\n<\/div>\n<\/div>\n<\/div>\n<\/div>\n","protected":false},"excerpt":{"rendered":"<p>Una ola gigante gener\u00f3 un impresionante choque en cadena de lanchas en el Paran\u00e1 La imagen muestra una escena dram\u00e1tica del\u00a0llamativo episodio que se registr\u00f3 en la zona de Puerto Pirata. El pase de dos buques de cargas, m\u00e1s la bajante del r\u00edo Paran\u00e1 y lasembarcaciones amarradas demasiado cerca unas de otras, gener\u00f3 el\u00a0oleaje que [&hellip;]<\/p>\n","protected":false},"author":3,"featured_media":30140,"comment_status":"closed","ping_status":"closed","sticky":false,"template":"","format":"standard","meta":{"_jetpack_memberships_contains_paid_content":false,"footnotes":""},"categories":[83],"tags":[1890],"class_list":{"0":"post-53018","1":"post","2":"type-post","3":"status-publish","4":"format-standard","5":"has-post-thumbnail","7":"category-actualidad-nautica","8":"tag-ola-gigante"},"jetpack_featured_media_url":"","jetpack_sharing_enabled":true,"jetpack-related-posts":[],"_links":{"self":[{"href":"https:\/\/nautica.news\/es\/wp-json\/wp\/v2\/posts\/53018","targetHints":{"allow":["GET"]}}],"collection":[{"href":"https:\/\/nautica.news\/es\/wp-json\/wp\/v2\/posts"}],"about":[{"href":"https:\/\/nautica.news\/es\/wp-json\/wp\/v2\/types\/post"}],"author":[{"embeddable":true,"href":"https:\/\/nautica.news\/es\/wp-json\/wp\/v2\/users\/3"}],"replies":[{"embeddable":true,"href":"https:\/\/nautica.news\/es\/wp-json\/wp\/v2\/comments?post=53018"}],"version-history":[{"count":0,"href":"https:\/\/nautica.news\/es\/wp-json\/wp\/v2\/posts\/53018\/revisions"}],"wp:featuredmedia":[{"embeddable":true,"href":"https:\/\/nautica.news\/es\/wp-json\/"}],"wp:attachment":[{"href":"https:\/\/nautica.news\/es\/wp-json\/wp\/v2\/media?parent=53018"}],"wp:term":[{"taxonomy":"category","embeddable":true,"href":"https:\/\/nautica.news\/es\/wp-json\/wp\/v2\/categories?post=53018"},{"taxonomy":"post_tag","embeddable":true,"href":"https:\/\/nautica.news\/es\/wp-json\/wp\/v2\/tags?post=53018"}],"curies":[{"name":"wp","href":"https:\/\/api.w.org\/{rel}","templated":true}]}}