{"id":52992,"date":"2020-08-26T09:48:44","date_gmt":"2020-08-26T12:48:44","guid":{"rendered":"http:\/\/nautic.wnpower.host\/?p=29961"},"modified":"2020-08-26T09:48:44","modified_gmt":"2020-08-26T12:48:44","slug":"evaluan-prohibir-la-navegacion-en-todo-el-delta-del-parana-2","status":"publish","type":"post","link":"https:\/\/nautica.news\/es\/evaluan-prohibir-la-navegacion-en-todo-el-delta-del-parana-2\/","title":{"rendered":"Eval\u00faan prohibir la navegaci\u00f3n en todo el Delta del Paran\u00e1"},"content":{"rendered":"<p>&nbsp;<\/p>\n<p><main role=\"main\"><\/p>\n<div class=\"container\">\n<article class=\"detail-body-amp \">\n<h2 class=\"news-amp-title\">Santa Fe \u00a0analiza prohibir la navegaci\u00f3n en todo el Delta del Paran\u00e1<\/h2>\n<div><\/div>\n<div class=\"news-amp-caption\">Victoria ya suspendi\u00f3 toda la actividad n\u00e1utica recreativa en el lado entrerriano del r\u00edo y lo justific\u00f3 en el auge de contagios de coronavirus<\/div>\n<div class=\"news-amp-attachment wide-aspect-ratio \">\n<div class=\"i-amphtml-slides-container\" aria-live=\"polite\">\n<div class=\"i-amphtml-carousel-end-marker\"><\/div>\n<\/div>\n<\/div>\n<div class=\"news-amp-body\">\n<p><strong>Santa Fe eval\u00faa si emite un decreto por el cual se proh\u00edbe la actividad n\u00e1utica recreativa en toda la zona del Delta del Paran\u00e1, desde Puerto Gaboto a Villa Constituci\u00f3n<\/strong>.<\/p>\n<p>\u201cEs una decisi\u00f3n que queremos tomar en conjunto con Buenos Aires y Entre R\u00edos, en el marco del comit\u00e9 de emergencia que dispuso la Corte Suprema y se pens\u00f3 para preservar a los navegantes, no para atacarlos\u201d, dijo la ministra de Ambiente y Cambio Clim\u00e1tico santafesina, Erika Gonnet.<\/p>\n<p>Ya el municipio de <strong>Victoria ya decidi\u00f3 esta prohibici\u00f3n en la navegaci\u00f3n<\/strong> en el lado entrerriano frente a la costa rosarina.<\/p>\n<p><strong>\u2002Mientras siguen ardiendo los pastizales \u00a0en el Delta del Paran\u00e1, las autoridades buscan ponerle un freno al tr\u00e1nsito de embarcaciones por el cauce del r\u00edo<\/strong>.<\/p>\n<p>El municipio de <strong>Victoria suspendi\u00f3 por diez d\u00edas corridos todo tipo de actividad l\u00fadica y recreativa y lo argumenta a partir del pico empinado de contagios de coronavirus<\/strong>.<br \/>\nLa restricci\u00f3n, ya notificada a Prefectura Naval, es para \u00a0kayaks, piraguas, botes, lanchas, veleros y otras embarcaciones con amarra en Rosario y que concurren a la zona de las islas entrerrianas.<\/p>\n<p><strong>Pero adem\u00e1s esta decisi\u00f3n involucra a los deportes n\u00e1uticos como windsurf, canotaje, remo, vela, stand up paddle, nataci\u00f3n de aguas abiertas y pesca deportiva.<\/strong><\/p>\n<p><strong>\u2002\u201cLa prohibici\u00f3n no ser\u00eda para cuidar a los navegantes y la hab\u00edamos acordado dentro del comit\u00e9 de emergencia para hacerlo en forma conjunta con Entre R\u00edos y Buenos Aires. No sabemos por qu\u00e9 Victoria tom\u00f3 esta decisi\u00f3n. Pero si la situaci\u00f3n se agrava est\u00e1 pensada la restricci\u00f3n entre Puerto Gaboto a Villa Constituci\u00f3n; Buenos Aires lo pens\u00f3 para San Nicol\u00e1s y San Pedro y Entre R\u00edos no tenemos precisiones. La idea siempre fue hacerlo en forma coordinada\u201d,<\/strong> apunt\u00f3 la ministra de Ambiente y Cambio Clim\u00e1tico santafesina, Erika Gonnet.<\/p>\n<p>&nbsp;<\/p>\n<\/div>\n<\/article>\n<\/div>\n<p><\/main><\/p>\n<div class=\"banner\"><\/div>\n<div class=\"banner\"><\/div>\n","protected":false},"excerpt":{"rendered":"<p>&nbsp; Santa Fe \u00a0analiza prohibir la navegaci\u00f3n en todo el Delta del Paran\u00e1 Victoria ya suspendi\u00f3 toda la actividad n\u00e1utica recreativa en el lado entrerriano del r\u00edo y lo justific\u00f3 en el auge de contagios de coronavirus Santa Fe eval\u00faa si emite un decreto por el cual se proh\u00edbe la actividad n\u00e1utica recreativa en toda [&hellip;]<\/p>\n","protected":false},"author":3,"featured_media":29963,"comment_status":"closed","ping_status":"closed","sticky":false,"template":"","format":"standard","meta":{"_jetpack_memberships_contains_paid_content":false,"footnotes":""},"categories":[83],"tags":[1184,1610],"class_list":{"0":"post-52992","1":"post","2":"type-post","3":"status-publish","4":"format-standard","5":"has-post-thumbnail","7":"category-actualidad-nautica","8":"tag-delta-del-parana","9":"tag-navegacion"},"jetpack_featured_media_url":"","jetpack_sharing_enabled":true,"jetpack-related-posts":[],"_links":{"self":[{"href":"https:\/\/nautica.news\/es\/wp-json\/wp\/v2\/posts\/52992","targetHints":{"allow":["GET"]}}],"collection":[{"href":"https:\/\/nautica.news\/es\/wp-json\/wp\/v2\/posts"}],"about":[{"href":"https:\/\/nautica.news\/es\/wp-json\/wp\/v2\/types\/post"}],"author":[{"embeddable":true,"href":"https:\/\/nautica.news\/es\/wp-json\/wp\/v2\/users\/3"}],"replies":[{"embeddable":true,"href":"https:\/\/nautica.news\/es\/wp-json\/wp\/v2\/comments?post=52992"}],"version-history":[{"count":0,"href":"https:\/\/nautica.news\/es\/wp-json\/wp\/v2\/posts\/52992\/revisions"}],"wp:featuredmedia":[{"embeddable":true,"href":"https:\/\/nautica.news\/es\/wp-json\/"}],"wp:attachment":[{"href":"https:\/\/nautica.news\/es\/wp-json\/wp\/v2\/media?parent=52992"}],"wp:term":[{"taxonomy":"category","embeddable":true,"href":"https:\/\/nautica.news\/es\/wp-json\/wp\/v2\/categories?post=52992"},{"taxonomy":"post_tag","embeddable":true,"href":"https:\/\/nautica.news\/es\/wp-json\/wp\/v2\/tags?post=52992"}],"curies":[{"name":"wp","href":"https:\/\/api.w.org\/{rel}","templated":true}]}}