{"id":52979,"date":"2020-08-22T10:14:13","date_gmt":"2020-08-22T13:14:13","guid":{"rendered":"http:\/\/nautic.wnpower.host\/?p=29819"},"modified":"2020-08-22T10:14:13","modified_gmt":"2020-08-22T13:14:13","slug":"se-cae-el-campeonato-europeo-de-470-2","status":"publish","type":"post","link":"https:\/\/nautica.news\/es\/se-cae-el-campeonato-europeo-de-470-2\/","title":{"rendered":"Se cae el Campeonato Europeo de 470"},"content":{"rendered":"<div class=\"td-post-header td-container\">\n<div class=\"td-post-header-holder td-image-gradient\">\n<header class=\"td-post-title\">\n<h1 class=\"entry-title\">Se cae el Campeonato Europeo de 470<\/h1>\n<p class=\"td-post-sub-title\">Este anuncio se une al de la cancelaci\u00f3n del Mundial de 470 y la Finn Gold Cup que deb\u00eda celebrarse en aguas de S&#8217;Arenal<br \/>\nEl Club N\u00e0utic S\u2019Arenal ten\u00eda prevista una de las temporadas completas con la celebraci\u00f3n del Trofeo Princesa Sof\u00eda Iberostar \u2013la regata de clases ol\u00edmpicas m\u00e1s importante del mundo- y la Finn Gold Cup y el Mundial y Europeo de 470. Pues bien, el COVID-19 ha dado al traste con todo.<\/p>\n<\/header>\n<\/div>\n<\/div>\n<div class=\"td-container\">\n<div class=\"td-pb-row\">\n<div class=\"td-pb-span8 td-main-content\" role=\"main\">\n<div class=\"td-ss-main-content\">\n<div class=\"td-post-sharing-top\">\n<div id=\"td_social_sharing_article_top\" class=\"td-post-sharing td-ps-bg td-ps-notext td-post-sharing-style1 \">\n<div class=\"td-post-sharing-visible\">\n<div class=\"td-post-content tagdiv-type\">\n<p>La primera en fueron el Mundial y Europeo de 470 que estaban apunto de empezar la primera semana de marzo y que le pill\u00f3 a los regatistas pr\u00e1cticamente el d\u00eda antes con el inicio de la pandemia y el inmediato estado de alarma. Y a continuaci\u00f3n estaba previsto que se celebrara el Trofeo Princesa Sof\u00eda Ibertostar con 1500 regatistas participantes, y que evidentemente tambi\u00e9n se suspendi\u00f3 y se cancel\u00f3 definitivamente. Luego ven\u00eda la Finn Gold Cup en el mes de mayo, pero evidentemente corri\u00f3 la misma suerte.<\/p>\n<p>El Sof\u00eda se hab\u00eda cancelado, pero los Mundiales y Europeos de 470 y la <a href=\"https:\/\/bit.ly\/3gc7I52\" rel=\"noopener\">Finn Gold Cup<\/a> se pasaron al mes de octubre, pensando que lo peor pasar\u00eda y que se podr\u00eda celebrar. Pero nada m\u00e1s lejos de la realidad, los \u00faltimos rebrotes de COVID-19 han provocado que tanto las clases internacionales de 470 y Finn, hayan desistido y anunciado que todos estos campeonatos no se celebrar\u00edan en 2020, con lo que todo el trabajo previo de organizadores y entrenamientos de regatistas, ha sido en balde, al menos pensando en estos campeonatos.<\/p>\n<p>Veremos c\u00f3mo sigue evolucionando la pandemia, pero si el rebrote ya est\u00e1 siendo en pleno verano, a ver c\u00f3mo est\u00e1n las cosas en oto\u00f1o, pero visto lo visto, no pintan del todo bien.<\/p>\n<\/div>\n<\/div>\n<\/div>\n<\/div>\n<\/div>\n<\/div>\n<\/div>\n<\/div>\n","protected":false},"excerpt":{"rendered":"<p>Se cae el Campeonato Europeo de 470 Este anuncio se une al de la cancelaci\u00f3n del Mundial de 470 y la Finn Gold Cup que deb\u00eda celebrarse en aguas de S&#8217;Arenal El Club N\u00e0utic S\u2019Arenal ten\u00eda prevista una de las temporadas completas con la celebraci\u00f3n del Trofeo Princesa Sof\u00eda Iberostar \u2013la regata de clases ol\u00edmpicas [&hellip;]<\/p>\n","protected":false},"author":1,"featured_media":29820,"comment_status":"closed","ping_status":"closed","sticky":false,"template":"","format":"standard","meta":{"_jetpack_memberships_contains_paid_content":false,"footnotes":""},"categories":[85],"tags":[651],"class_list":{"0":"post-52979","1":"post","2":"type-post","3":"status-publish","4":"format-standard","5":"has-post-thumbnail","7":"category-vela-noticias-torneos-copas","8":"tag-651"},"jetpack_featured_media_url":"","jetpack_sharing_enabled":true,"jetpack-related-posts":[],"_links":{"self":[{"href":"https:\/\/nautica.news\/es\/wp-json\/wp\/v2\/posts\/52979","targetHints":{"allow":["GET"]}}],"collection":[{"href":"https:\/\/nautica.news\/es\/wp-json\/wp\/v2\/posts"}],"about":[{"href":"https:\/\/nautica.news\/es\/wp-json\/wp\/v2\/types\/post"}],"author":[{"embeddable":true,"href":"https:\/\/nautica.news\/es\/wp-json\/wp\/v2\/users\/1"}],"replies":[{"embeddable":true,"href":"https:\/\/nautica.news\/es\/wp-json\/wp\/v2\/comments?post=52979"}],"version-history":[{"count":0,"href":"https:\/\/nautica.news\/es\/wp-json\/wp\/v2\/posts\/52979\/revisions"}],"wp:featuredmedia":[{"embeddable":true,"href":"https:\/\/nautica.news\/es\/wp-json\/"}],"wp:attachment":[{"href":"https:\/\/nautica.news\/es\/wp-json\/wp\/v2\/media?parent=52979"}],"wp:term":[{"taxonomy":"category","embeddable":true,"href":"https:\/\/nautica.news\/es\/wp-json\/wp\/v2\/categories?post=52979"},{"taxonomy":"post_tag","embeddable":true,"href":"https:\/\/nautica.news\/es\/wp-json\/wp\/v2\/tags?post=52979"}],"curies":[{"name":"wp","href":"https:\/\/api.w.org\/{rel}","templated":true}]}}