{"id":52977,"date":"2020-08-21T14:16:23","date_gmt":"2020-08-21T17:16:23","guid":{"rendered":"http:\/\/nautic.wnpower.host\/?p=29806"},"modified":"2020-08-21T14:16:23","modified_gmt":"2020-08-21T17:16:23","slug":"cannes-yachting-festival-cancelado-2","status":"publish","type":"post","link":"https:\/\/nautica.news\/es\/cannes-yachting-festival-cancelado-2\/","title":{"rendered":"Se cancel\u00f3 el Cannes Yachting Festival"},"content":{"rendered":"<p><strong>Cannes Yachting Festival Cancelado.<\/strong><\/p>\n<p><span><br \/>\nReed Exposition, la empresa que organiza el Cannes Yachting Festival, de acuerdo con las autoridades locales de la localidad francesa, ha cancelado oficialmente la edici\u00f3n 2020 de uno de los salones n\u00e1uticos m\u00e1s importantes y esperados de Europa. y el mundo.<\/span><\/p>\n<p><span> La elecci\u00f3n respecto al evento, el primer sal\u00f3n n\u00e1utico del a\u00f1o n\u00e1utico 2021, que arranca el 1 de septiembre, ciertamente no llega como un rayo, sobre todo porque los n\u00fameros de la pandemia han vuelto a correr, pr\u00e1cticamente en todo el mundo.<\/span><\/p>\n<p><span>Precisamente por esto, el gobierno franc\u00e9s extendi\u00f3 hace unos d\u00edas la prohibici\u00f3n de organizar manifestaciones con la participaci\u00f3n de m\u00e1s de 5.000 personas hasta finales de octubre. Un movimiento que se combina con todas las diversas medidas de seguridad que todo el mundo est\u00e1 levantando lentamente para evitar una nueva ola de Covid-19.<br \/>\nEl prefecto que tiene jurisdicci\u00f3n sobre Cannes ha sido inamovible precisamente en este punto: es imposible traspasar el umbral de las 5.000 admisiones. Dado que ya son alrededor de 3.000 los iniciados que participan en el Festival N\u00e1utico de Cannes cada a\u00f1o, aqu\u00ed es donde han cesado todas las hip\u00f3tesis de realizaci\u00f3n del evento.<\/span><\/p>\n<div class=\"pm-adv-intermediate p-relative\">\n<p class=\"pm-adv-announce-text\"><img loading=\"lazy\" decoding=\"async\" src=\"https:\/\/adv.awcloud.it\/live\/www\/delivery\/lg.php?bannerid=1063&amp;campaignid=493&amp;zoneid=24&amp;source=press-mare&amp;loc=https%3A%2F%2Fwww.pressmare.it%2Fit%2Fcomunicazione%2Fpress-mare%2F2020-08-21%2Fcannes-yachting-festival-2020-annullato-scelta-di-buon-senso-27621&amp;referer=https%3A%2F%2Fwww.pressmare.it%2F&amp;cb=e8c7eb5623\" alt=\"\" width=\"0\" height=\"0\" title=\"\"><span>La\u00a0<\/span>cancelaci\u00f3n oficial del Festival N\u00e1utico de Cannes 2020 es una muestra de sentido com\u00fan y respeto por todos los operadores del sector y por entusiastas de la navegaci\u00f3n.<\/p>\n<\/div>\n<p>&nbsp;<\/p>\n","protected":false},"excerpt":{"rendered":"<p>Cannes Yachting Festival Cancelado. Reed Exposition, la empresa que organiza el Cannes Yachting Festival, de acuerdo con las autoridades locales de la localidad francesa, ha cancelado oficialmente la edici\u00f3n 2020 de uno de los salones n\u00e1uticos m\u00e1s importantes y esperados de Europa. y el mundo. La elecci\u00f3n respecto al evento, el primer sal\u00f3n n\u00e1utico del [&hellip;]<\/p>\n","protected":false},"author":1,"featured_media":29807,"comment_status":"closed","ping_status":"closed","sticky":false,"template":"","format":"standard","meta":{"_jetpack_memberships_contains_paid_content":false,"footnotes":""},"categories":[83],"tags":[1855,1856],"class_list":{"0":"post-52977","1":"post","2":"type-post","3":"status-publish","4":"format-standard","5":"has-post-thumbnail","7":"category-actualidad-nautica","8":"tag-cannes","9":"tag-yachting-festival"},"jetpack_featured_media_url":"","jetpack_sharing_enabled":true,"jetpack-related-posts":[],"_links":{"self":[{"href":"https:\/\/nautica.news\/es\/wp-json\/wp\/v2\/posts\/52977","targetHints":{"allow":["GET"]}}],"collection":[{"href":"https:\/\/nautica.news\/es\/wp-json\/wp\/v2\/posts"}],"about":[{"href":"https:\/\/nautica.news\/es\/wp-json\/wp\/v2\/types\/post"}],"author":[{"embeddable":true,"href":"https:\/\/nautica.news\/es\/wp-json\/wp\/v2\/users\/1"}],"replies":[{"embeddable":true,"href":"https:\/\/nautica.news\/es\/wp-json\/wp\/v2\/comments?post=52977"}],"version-history":[{"count":0,"href":"https:\/\/nautica.news\/es\/wp-json\/wp\/v2\/posts\/52977\/revisions"}],"wp:featuredmedia":[{"embeddable":true,"href":"https:\/\/nautica.news\/es\/wp-json\/"}],"wp:attachment":[{"href":"https:\/\/nautica.news\/es\/wp-json\/wp\/v2\/media?parent=52977"}],"wp:term":[{"taxonomy":"category","embeddable":true,"href":"https:\/\/nautica.news\/es\/wp-json\/wp\/v2\/categories?post=52977"},{"taxonomy":"post_tag","embeddable":true,"href":"https:\/\/nautica.news\/es\/wp-json\/wp\/v2\/tags?post=52977"}],"curies":[{"name":"wp","href":"https:\/\/api.w.org\/{rel}","templated":true}]}}