{"id":52909,"date":"2020-08-05T09:45:29","date_gmt":"2020-08-05T12:45:29","guid":{"rendered":"http:\/\/nautic.wnpower.host\/?p=29324"},"modified":"2020-08-05T09:45:29","modified_gmt":"2020-08-05T12:45:29","slug":"el-rio-parana-vuelve-a-bajar-y-descubre-paisajes-increibles-2","status":"publish","type":"post","link":"https:\/\/nautica.news\/es\/el-rio-parana-vuelve-a-bajar-y-descubre-paisajes-increibles-2\/","title":{"rendered":"El r\u00edo Paran\u00e1 vuelve a bajar y descubre paisajes incre\u00edbles."},"content":{"rendered":"<header>\n<div>\n<h1>El r\u00edo Paran\u00e1 vuelve a bajar y descubre paisajes incre\u00edbles desde el aire<\/h1>\n<\/div>\n<div>\n<p>Fuente: <a href=\"http:\/\/Radiodos.com.ar\" rel=\"noopener\">#LaDos<\/a><\/p>\n<p>El hidr\u00f3metro de Corrientes se posicion\u00f3 en un metro, altura que no se registradaba desde el 9 de mayo. En Paso de la Patria, zona de grandes pedregales y bancos de arena, las im\u00e1genes a\u00e9reas dejan entrever la importancia de la bajante.<\/p>\n<\/div>\n<\/header>\n<section class=\"body\">\n<section class=\"content\">\n<div class=\"main-text\">\n<div class=\"social\">\n<div class=\"share\"><\/div>\n<\/div>\n<p>El r\u00edo Paran\u00e1 fue noticia durante todo el a\u00f1o por la hist\u00f3rica bajante que atraviesa y descubre postales que sobresalen de la superficie pocas veces vista.<\/p>\n<div class=\"center large m_image\">\n<figure><img decoding=\"async\" class=\"large\" src=\"https:\/\/www.radiodos.com.ar\/content\/bucket\/4\/89524w980h1800.jpg\" alt=\"Bajante rio parana paso de la patria\" title=\"\"><figcaption><span class=\"credit\">Foto: Leopoldo Bayol especial para La Dos<\/span><\/figcaption><\/figure>\n<\/div>\n<p>Uno de esos lugares es Paso de la Patria, localidad caracterizada por sus grandes piedras, cuevas hechas a medida como escondite de los grandes dorados.<\/p>\n<div class=\"center large m_image\">\n<figure><img decoding=\"async\" class=\"large\" src=\"https:\/\/www.radiodos.com.ar\/content\/bucket\/5\/89525w980h1800.jpg\" alt=\"Bajante rio parana paso de la patria 1\" title=\"\"><figcaption><span class=\"credit\">Foto: Leopoldo Bayol especial para La Dos<\/span><\/figcaption><\/figure>\n<\/div>\n<p>Bajo el lente del fot\u00f3grafo Leopoldo Bayol, las im\u00e1genes son elocuentes: el hidr\u00f3metro se posicion\u00f3 en 1.17, abriendo el paso a pedregales y bancos de arena que a su vez restringen la navegaci\u00f3n en zonas por donde normalmente cruzan cientos de embarcaciones por d\u00eda.<\/p>\n<div class=\"center large m_image\">\n<figure><img decoding=\"async\" class=\"large\" src=\"https:\/\/www.radiodos.com.ar\/content\/bucket\/2\/89522w980h1800.jpg\" alt=\"Bajante rio parana paso de la patria 1\" title=\"\"><figcaption><span class=\"credit\">Foto: Leopoldo Bayol especial para La Dos<\/span><\/figcaption><\/figure>\n<\/div>\n<p>El Instituto Nacional del Agua prev\u00e9 un repunte para mediados de agosto debido a la probabilidad de precipitaciones para la cuenca del Paran\u00e1 en Brasil.<\/p>\n<p>En este contexto, desde la Entidad Nacional Yacyret\u00e1 para el trimestre agosto, septiembre y octubre de 2020,\u00a0 indica una mayor probabilidad de ocurrencia de precipitaciones normales, para la porci\u00f3n argentina de la cuenca del Paran\u00e1 de aporte a la represa, de acuerdo a los datos suminstrados por el SMN.<\/p>\n<\/div>\n<\/section>\n<\/section>\n","protected":false},"excerpt":{"rendered":"<p>El r\u00edo Paran\u00e1 vuelve a bajar y descubre paisajes incre\u00edbles desde el aire Fuente: #LaDos El hidr\u00f3metro de Corrientes se posicion\u00f3 en un metro, altura que no se registradaba desde el 9 de mayo. En Paso de la Patria, zona de grandes pedregales y bancos de arena, las im\u00e1genes a\u00e9reas dejan entrever la importancia de [&hellip;]<\/p>\n","protected":false},"author":3,"featured_media":29325,"comment_status":"closed","ping_status":"closed","sticky":false,"template":"","format":"standard","meta":{"_jetpack_memberships_contains_paid_content":false,"footnotes":""},"categories":[83],"tags":[249,190],"class_list":{"0":"post-52909","1":"post","2":"type-post","3":"status-publish","4":"format-standard","5":"has-post-thumbnail","7":"category-actualidad-nautica","8":"tag-bajante-del-rio","9":"tag-rio-parana"},"jetpack_featured_media_url":"","jetpack_sharing_enabled":true,"jetpack-related-posts":[],"_links":{"self":[{"href":"https:\/\/nautica.news\/es\/wp-json\/wp\/v2\/posts\/52909","targetHints":{"allow":["GET"]}}],"collection":[{"href":"https:\/\/nautica.news\/es\/wp-json\/wp\/v2\/posts"}],"about":[{"href":"https:\/\/nautica.news\/es\/wp-json\/wp\/v2\/types\/post"}],"author":[{"embeddable":true,"href":"https:\/\/nautica.news\/es\/wp-json\/wp\/v2\/users\/3"}],"replies":[{"embeddable":true,"href":"https:\/\/nautica.news\/es\/wp-json\/wp\/v2\/comments?post=52909"}],"version-history":[{"count":0,"href":"https:\/\/nautica.news\/es\/wp-json\/wp\/v2\/posts\/52909\/revisions"}],"wp:featuredmedia":[{"embeddable":true,"href":"https:\/\/nautica.news\/es\/wp-json\/"}],"wp:attachment":[{"href":"https:\/\/nautica.news\/es\/wp-json\/wp\/v2\/media?parent=52909"}],"wp:term":[{"taxonomy":"category","embeddable":true,"href":"https:\/\/nautica.news\/es\/wp-json\/wp\/v2\/categories?post=52909"},{"taxonomy":"post_tag","embeddable":true,"href":"https:\/\/nautica.news\/es\/wp-json\/wp\/v2\/tags?post=52909"}],"curies":[{"name":"wp","href":"https:\/\/api.w.org\/{rel}","templated":true}]}}