{"id":52752,"date":"2020-06-30T08:58:25","date_gmt":"2020-06-30T11:58:25","guid":{"rendered":"http:\/\/nautic.wnpower.host\/?p=28258"},"modified":"2020-06-30T08:58:25","modified_gmt":"2020-06-30T11:58:25","slug":"un-swan-56-vence-en-la-volta-a-mallorca-a3-2","status":"publish","type":"post","link":"https:\/\/nautica.news\/es\/un-swan-56-vence-en-la-volta-a-mallorca-a3-2\/","title":{"rendered":"Un Swan 56 vence en la Volta a Mallorca A3"},"content":{"rendered":"<p><strong>El Clem Primero logra una trabajada victoria en la Volta a Mallorca A3<\/strong><\/p>\n<p>El RCN Palma retoma la competici\u00f3n con una traves\u00eda en la que la falta de viento ha puesto a prueba la paciencia a las tripulaciones de las m\u00e1s de 30 embarcaciones participantes<\/p>\n<p>El Clem Primero del armador Jaime Olaz\u00e1bal se ha llevado el triunfo en la s\u00e9ptima edici\u00f3n de la Volta a Mallorca A3.<\/p>\n<p>El Swan 56, que ha contado con el regatista oce\u00e1nico Guillermo Altadill en su tripulaci\u00f3n, ha sido el m\u00e1s r\u00e1pido de una prueba que ha resultado m\u00e1s complicada de lo esperado por la falta de viento.<\/p>\n<p>El Real Club N\u00e1utico de Palma ha retomado este fin de semana la organizaci\u00f3n de regatas tras tres meses de par\u00f3n forzoso por la pandemia del Covid-19 y lo ha hecho de la mejor manera, con una fant\u00e1stica participaci\u00f3n y con una traves\u00eda alrededor de la isla que ha tenido un importante componente t\u00e1ctico.<\/p>\n<p>Un total de 33 embarcaciones de crucero tomaron la salida el pasado viernes de la Volta a Mallorca A3.. En esta ocasi\u00f3n, la organizaci\u00f3n opt\u00f3 por realizar el recorrido en el sentido contrario a las aguas del reloj. De esta forma, tras una larga ce\u00f1ida por la Bah\u00eda de Palma, los participantes pusieron rumbo a Cabo Salinas.<\/p>\n<p>La mayor parte de la traves\u00eda se ha realizado a un ritmo aceptable y el Nadir y el Clem Primero han liderado la flota desde los primeros compases. Sin embargo, cuando los barcos afrontaban la costa norte de Mallorca el viento ha desaparecido por completo. Una encalmada a la altura de S\u00f3ller ha dejado a las embarcaciones totalmente paradas.<\/p>\n<p>El Smerit ha sido el primero en anunciar su retirada, despu\u00e9s lo han hecho el Minimon, el Yabadaba y el Noctiluca. En total m\u00e1s de una docena de unidades ha decidido encender el motor y poner rumbo a puerto ante la imposibilidad de avanzar en medio de un fuerte calor.<\/p>\n<p>Los m\u00e1s tenaces han esperado al viento y han podido avanzar con ligeras brisas. El Clem Primero ha llegado en cabeza a la l\u00ednea de meta tras m\u00e1s de 31 horas de regata. Tras \u00e9l lo ha hecho el Nadir de Pedro Vaquer, que ha cruzado la l\u00ednea de llegada ubicada en la Bah\u00eda de Palma una hora y media despu\u00e9s.<\/p>\n<p>El resto de la flota ha conseguido completar la traves\u00eda a lo largo de la noche del s\u00e1bado y la ma\u00f1ana de este domingo. L\u2019esquitx de Felipe Poblador, uno de los barcos de menor eslora, ha sido el \u00faltimo en terminar la prueba y ha necesitado casi 46 horas y media.<\/p>\n<p>Una vez compensados los tiempos, se ha confirmado la victoria del Clem Primero en el grupo ORC 0-2. La segunda posici\u00f3n ha sido para el Mestral Fast de Morell &amp; Manresa, mientras que el Blue Flag de Neus Poncell ha ocupado la tercera plaza. Adem\u00e1s, la embarcaci\u00f3n de Jaime Olaz\u00e1bal ha ganado en la clasificaci\u00f3n general conjunta.<\/p>\n<p>Por lo que respecta a la categor\u00eda ORC 3-4, se ha impuesto el Pelikanos del medallista ol\u00edmpico Iker Mart\u00ednez, el Blaumarina de Miquel Ense\u00f1at ha logrado el segundo puesto y el Atila de Mark Sadler ha finalizado en tercer lugar.<\/p>\n","protected":false},"excerpt":{"rendered":"<p>El Clem Primero logra una trabajada victoria en la Volta a Mallorca A3 El RCN Palma retoma la competici\u00f3n con una traves\u00eda en la que la falta de viento ha puesto a prueba la paciencia a las tripulaciones de las m\u00e1s de 30 embarcaciones participantes El Clem Primero del armador Jaime Olaz\u00e1bal se ha llevado [&hellip;]<\/p>\n","protected":false},"author":1,"featured_media":28259,"comment_status":"closed","ping_status":"closed","sticky":false,"template":"","format":"standard","meta":{"_jetpack_memberships_contains_paid_content":false,"footnotes":""},"categories":[85],"tags":[329,1644],"class_list":{"0":"post-52752","1":"post","2":"type-post","3":"status-publish","4":"format-standard","5":"has-post-thumbnail","7":"category-vela-noticias-torneos-copas","8":"tag-swan","9":"tag-volta-a-mallorca"},"jetpack_featured_media_url":"","jetpack_sharing_enabled":true,"jetpack-related-posts":[],"_links":{"self":[{"href":"https:\/\/nautica.news\/es\/wp-json\/wp\/v2\/posts\/52752","targetHints":{"allow":["GET"]}}],"collection":[{"href":"https:\/\/nautica.news\/es\/wp-json\/wp\/v2\/posts"}],"about":[{"href":"https:\/\/nautica.news\/es\/wp-json\/wp\/v2\/types\/post"}],"author":[{"embeddable":true,"href":"https:\/\/nautica.news\/es\/wp-json\/wp\/v2\/users\/1"}],"replies":[{"embeddable":true,"href":"https:\/\/nautica.news\/es\/wp-json\/wp\/v2\/comments?post=52752"}],"version-history":[{"count":0,"href":"https:\/\/nautica.news\/es\/wp-json\/wp\/v2\/posts\/52752\/revisions"}],"wp:featuredmedia":[{"embeddable":true,"href":"https:\/\/nautica.news\/es\/wp-json\/"}],"wp:attachment":[{"href":"https:\/\/nautica.news\/es\/wp-json\/wp\/v2\/media?parent=52752"}],"wp:term":[{"taxonomy":"category","embeddable":true,"href":"https:\/\/nautica.news\/es\/wp-json\/wp\/v2\/categories?post=52752"},{"taxonomy":"post_tag","embeddable":true,"href":"https:\/\/nautica.news\/es\/wp-json\/wp\/v2\/tags?post=52752"}],"curies":[{"name":"wp","href":"https:\/\/api.w.org\/{rel}","templated":true}]}}