{"id":51666,"date":"2024-04-19T18:37:15","date_gmt":"2024-04-19T21:37:15","guid":{"rendered":"http:\/\/nautic.wnpower.host\/?p=51666"},"modified":"2024-04-19T18:37:15","modified_gmt":"2024-04-19T21:37:15","slug":"el-camino-a-vela-2024-con-200-peregrinos","status":"publish","type":"post","link":"https:\/\/nautica.news\/es\/el-camino-a-vela-2024-con-200-peregrinos\/","title":{"rendered":"El CAMINO A VELA 2024  CON 200 PEREGRINOS"},"content":{"rendered":"<p><strong>El Camino a vela 2024, la experiencia n\u00e1utica sostenible que realiza el Camino de Santiago en su ruta mar\u00edtima, partir\u00e1 del puerto franc\u00e9s de La Rochelle el 6 de junio y finalizar\u00e1 el 30 de junio en Santiago de Compostela, 24 jornadas de navegaci\u00f3n y recorrido por la costa del cant\u00e1brico y las r\u00edas gallegas.<\/strong><\/p>\n<p>Son ya una veintena de veleros y cerca de 200 peregrinos los que se han inscrito para realizar la 9\u00ba edici\u00f3n de <a href=\"https:\/\/elcaminoavela.com\/\" rel=\"noopener\"><em>El Camino a vela<\/em><\/a>, la experiencia n\u00e1utica de turismo azul que reproduce el Camino de Santiago por mar y que cada a\u00f1o atrae a navegantes -amantes de la vela- de m\u00e1s pa\u00edses.<\/p>\n<p>\u201c<em>Este a\u00f1o sumaremos de nuevo navegantes de diferentes nacionalidades: espa\u00f1oles, franceses, que ya representan un tercio de la flotilla, belgas y argentinos.\u00a0 Es una gran satisfacci\u00f3n ver el entusiasmo y las ganas con las que el grupo de peregrinos por mar espera cada a\u00f1o la Traves\u00eda. Y ya son nueve ediciones en las que contamos con la confianza de peregrinos que repiten la experiencia y adem\u00e1s de nuevos que quieren conocer y disfrutar esta experiencia de navegaci\u00f3n y convivencia que combina cultura y espiritualidad, deporte y gastronom\u00eda, todo ello aderezado con mucha diversi\u00f3n<\/em>\u201d, asegura Patricia Alcubilla, coordinadora de <em>El Camino a vela<\/em>.<\/p>\n<p>A la vista de que <em>El Camino a vela<\/em> apetece cada a\u00f1o a m\u00e1s navegantes que se embarcan, los organizadores han incorporado a la flotilla tres veleros con plazas individuales en ch\u00e1rter (alquiler) para sumarse a la experiencia sin disponer de barco propio. Porque la Traves\u00eda ofrece diferentes formas de unirse a esta aventura: con barco propio, alquilando un velero y compartiendo los gastos y tareas a bordo con otros navegantes, o como tripulante en barcos que ofertan plaza a plaza, en definitiva, todo el que tenga ganas de experienciar una forma diferente de hacer el Camino de Santiago por mar, puede hacerlo.<\/p>\n<p><strong>La ruta mar\u00edtima de la edici\u00f3n 2024 del Camino de Santiago a vela<\/strong><\/p>\n<p>La Traves\u00eda que partir\u00e1 un a\u00f1o m\u00e1s desde el puerto franc\u00e9s de La Rochelle el pr\u00f3ximo 6 de junio, se extender\u00e1 durante tres semanas que comprenden 15 etapas de navegaci\u00f3n por mar y 9 d\u00edas de descanso y visitas tur\u00edsticas en las localidades de Hondarribia, Bermeo y Santurtzi en Euskadi; Laredo y Santander, en Cantabria; Gij\u00f3n en Asturias, y Ribadeo, Cedeira, A Coru\u00f1a, Mux\u00eda, Muros, Ribeira y Vilagarc\u00eda de Arousa (puerto final de la navegaci\u00f3n a vela), en Galicia. Finalizada la navegaci\u00f3n por mar, los peregrinos realizar\u00e1n la ruta de la <em>Traslatio<\/em> remontando el r\u00edo Ulla y la \u00faltima etapa del Camino a pie desde Padr\u00f3n a la Plaza del Obradoiro en Santiago.<\/p>\n<p><strong>Una oportunidad para visibilizar las \u201cprofesiones azules\u201d<\/strong><\/p>\n<p>Las <strong><em>\u201cProfesiones azules\u201d <\/em><\/strong>marcar\u00e1n el rumbo de El Camino a vela 2024. En su novena edici\u00f3n, la Traves\u00eda afronta un nuevo reto: dar visibilidad a todas las profesiones relacionadas con el mar y dar a conocer a la sociedad, especialmente a los j\u00f3venes, las oportunidades de empleo, emprendimiento y desarrollo de carreras profesionales en sectores como la n\u00e1utica, el naval, la pesca, etc.<\/p>\n<p>Para ello, unos 80 invitados, profesionales vinculados al sector del mar: marineros, pilotos y capitanes; pescadores, rederas y neskatillas; armadores, bi\u00f3logas marinas, ingenieros navales, ocean\u00f3grafas, t\u00e9cnicos de acuicultura, mec\u00e1nicos, carpinteros de ribera, guardacostas y pilotos de salvamento mar\u00edtimo, entre otros, se embarcar\u00e1n como parte de las distintas tripulaciones en las recaladas en los puertos de las localidades en los que la Traves\u00eda tiene previsto realizar actividades culturales.<\/p>\n<p>Adem\u00e1s, se organizar\u00e1n actividades relacionadas con el mar para involucrar a los participantes.<\/p>\n<p>La 9\u00ba edici\u00f3n de El Camino de Santiago a Vela cuenta con el impulso institucional del <a href=\"https:\/\/www.ime.es\/\" rel=\"noopener\">Instituto Mar\u00edtimo Espa\u00f1ol<\/a> (IME) y de la <a href=\"https:\/\/www.anen.es\/\" rel=\"noopener\">Asociaci\u00f3n Nacional de Empresas N\u00e1uticas<\/a> (ANEN) y de la Asociaci\u00f3n Educaci\u00f3n Azul, como embajador.<\/p>\n<p>Cuenta, asimismo, con fondos Next Generation a trav\u00e9s de la colaboraci\u00f3n con la <a href=\"https:\/\/mancomunidadedosalnes.com\/\" rel=\"noopener\">Mancomunidad O Saln\u00e9s<\/a> (Galicia).<\/p>\n<p>Como sponsors se suman a la Traves\u00eda 2024: <a href=\"https:\/\/www.repsol.com\/es\/index.cshtml\" rel=\"noopener\">Repsol<\/a> y <a href=\"https:\/\/www.quironsalud.com\/\" rel=\"noopener\">Quironsalud<\/a>, como patrocinadores principales; <a href=\"https:\/\/www.aqualia.com\/\" rel=\"noopener\">Aqualia<\/a>, <a href=\"https:\/\/www.mercurymarine.com\/es\/es\" rel=\"noopener\">Mercury AVATOR<\/a>, <a href=\"https:\/\/www.mapfre.es\/particulares\/\" rel=\"noopener\">Mapfre<\/a> y <a href=\"https:\/\/nauterra.com\/\" rel=\"noopener\">Nauterra<\/a>, como patrocinadores.<\/p>\n","protected":false},"excerpt":{"rendered":"<p>El Camino a vela 2024, la experiencia n\u00e1utica sostenible que realiza el Camino de Santiago en su ruta mar\u00edtima, partir\u00e1 del puerto franc\u00e9s de La Rochelle el 6 de junio y finalizar\u00e1 el 30 de junio en Santiago de Compostela, 24 jornadas de navegaci\u00f3n y recorrido por la costa del cant\u00e1brico y las r\u00edas gallegas. [&hellip;]<\/p>\n","protected":false},"author":1,"featured_media":51667,"comment_status":"open","ping_status":"open","sticky":false,"template":"","format":"standard","meta":{"_jetpack_memberships_contains_paid_content":false,"footnotes":""},"categories":[83],"tags":[3595],"class_list":{"0":"post-51666","1":"post","2":"type-post","3":"status-publish","4":"format-standard","5":"has-post-thumbnail","7":"category-actualidad-nautica","8":"tag-el-camino-a-vela"},"jetpack_featured_media_url":"","jetpack_sharing_enabled":true,"jetpack-related-posts":[],"_links":{"self":[{"href":"https:\/\/nautica.news\/es\/wp-json\/wp\/v2\/posts\/51666","targetHints":{"allow":["GET"]}}],"collection":[{"href":"https:\/\/nautica.news\/es\/wp-json\/wp\/v2\/posts"}],"about":[{"href":"https:\/\/nautica.news\/es\/wp-json\/wp\/v2\/types\/post"}],"author":[{"embeddable":true,"href":"https:\/\/nautica.news\/es\/wp-json\/wp\/v2\/users\/1"}],"replies":[{"embeddable":true,"href":"https:\/\/nautica.news\/es\/wp-json\/wp\/v2\/comments?post=51666"}],"version-history":[{"count":0,"href":"https:\/\/nautica.news\/es\/wp-json\/wp\/v2\/posts\/51666\/revisions"}],"wp:featuredmedia":[{"embeddable":true,"href":"https:\/\/nautica.news\/es\/wp-json\/"}],"wp:attachment":[{"href":"https:\/\/nautica.news\/es\/wp-json\/wp\/v2\/media?parent=51666"}],"wp:term":[{"taxonomy":"category","embeddable":true,"href":"https:\/\/nautica.news\/es\/wp-json\/wp\/v2\/categories?post=51666"},{"taxonomy":"post_tag","embeddable":true,"href":"https:\/\/nautica.news\/es\/wp-json\/wp\/v2\/tags?post=51666"}],"curies":[{"name":"wp","href":"https:\/\/api.w.org\/{rel}","templated":true}]}}