{"id":51445,"date":"2024-03-30T11:24:29","date_gmt":"2024-03-30T14:24:29","guid":{"rendered":"http:\/\/nautic.wnpower.host\/?p=51445"},"modified":"2024-03-30T11:24:29","modified_gmt":"2024-03-30T14:24:29","slug":"tercera-jornada-del-campeonato-de-espana-de-optimist","status":"publish","type":"post","link":"https:\/\/nautica.news\/es\/tercera-jornada-del-campeonato-de-espana-de-optimist\/","title":{"rendered":"Tercera jornada del Campeonato de Espa\u00f1a de Optimist"},"content":{"rendered":"<h4><b><span data-removefontsize=\"true\" data-originalcomputedfontsize=\"24\">Tercera jornada del Campeonato de Espa\u00f1a de Optimist con victorias catalanas y lideratos canarios<\/span><\/b><\/h4>\n<p><span style=\"font-size: large\">El canario Gustavo del Castillo (RCN Gran Canaria) es el nuevo l\u00edder en solitario del Campeonato de Espa\u00f1a de Optimist tras la tercera jornada de regatas, en la que s\u00f3lo se pudo disputar una prueba. El catal\u00e1n Iker M\u00fagica (CN Cambrils) ha escalado hasta la segunda posici\u00f3n y el alicantino Mateo Carbonell (CN J\u00e1vea) se mantiene intacto en la tercera plaza de la general. La primera f\u00e9mina es la canaria Marta Mansito (RCN Gran Canaria).<\/span><\/p>\n<p><span style=\"font-size: large\"><span data-removefontsize=\"true\" data-originalcomputedfontsize=\"18\">D\u00eda largo en el Campeonato de Espa\u00f1a de Optimist que se disputa hasta ma\u00f1ana s\u00e1bado en Alicante, despu\u00e9s de que la flota estuviera m\u00e1s de seis horas en el agua debido, primero a la poca intensidad y poca consistencia del viento del este y una vez rol\u00f3 a sur-sureste sub\u00eda hasta los 15 nudos, y se pudio dar salida a una prueba a cada uno de los grupos, que servir\u00eda para cerrar las Series de Clasificaci\u00f3n para dar paso a la Serie Final, donde los 78 primeros pasar\u00e1n a competir en el grupo Oro.<\/span><\/span><\/p>\n<p><span style=\"font-size: large\"><b><span data-removefontsize=\"true\" data-originalcomputedfontsize=\"18\">El Comit\u00e9 de Regatas, presidido por Antonio Lamadrid<\/span><\/b><span data-removefontsize=\"true\" data-originalcomputedfontsize=\"18\">, mand\u00f3 a los barcos al agua a las 10,30 con la intenci\u00f3n de poder dar una salida una hora m\u00e1s tarde, pero no fue posible. A partir de ah\u00ed la flota estuvo esperando hasta que se entabl\u00f3 el viento y se pudieron dar las primeras salidas.<\/span><\/span><\/p>\n<p><span style=\"font-size: large\"><span data-removefontsize=\"true\" data-originalcomputedfontsize=\"18\">La s\u00e9ptima prueba se pon\u00eda en marcha <b data-removefontsize=\"true\" data-originalcomputedfontsize=\"18\">para el grupo amarillo en la que el catal\u00e1n Iker M\u00fagica (CN Cambrils) se impon\u00eda<\/b>, lo mismo que hac\u00eda su compa\u00f1ero de club, <b data-removefontsize=\"true\" data-originalcomputedfontsize=\"18\">Joan Domingo que ganaba en el grupo amarillo<\/b>, siendo ambos ganadores de la jornada.\u00a0<\/span><\/span><\/p>\n<p><span style=\"font-size: large\"><span data-removefontsize=\"true\" data-originalcomputedfontsize=\"18\">Esto hac\u00eda que <b data-removefontsize=\"true\" data-originalcomputedfontsize=\"18\">M\u00fagica<\/b> escalara hasta la segunda posici\u00f3n a tres puntos del l\u00edder, <b data-removefontsize=\"true\" data-originalcomputedfontsize=\"18\">Gustavo del Castillo<\/b>, que era tercero en esta prueba. Empatado a 22 puntos con el catal\u00e1n, en la tercera plaza se encuentra <b data-removefontsize=\"true\" data-originalcomputedfontsize=\"18\">Mateo Carbonell<\/b>, con lo que despu\u00e9s de esta tercera jornada, son los tres mejor posicionados de cara al t\u00edtulo de campe\u00f3n de Espa\u00f1a.\u00a0<\/span><\/span><\/p>\n<p><span style=\"font-size: large\"><span data-removefontsize=\"true\" data-originalcomputedfontsize=\"18\">A las puertas del podio se encuentra el que fuera primer l\u00edder del campeonato, <b data-removefontsize=\"true\" data-originalcomputedfontsize=\"18\">el andaluz Leo Zabell<\/b> (CM Benalm\u00e1dena), que est\u00e1 en cuarta posici\u00f3n a cinco puntos del podio a falta de tres pruebas, y que tambi\u00e9n tiene sus opciones.<\/span><\/span><\/p>\n<p><span style=\"font-size: large\"><b><span data-removefontsize=\"true\" data-originalcomputedfontsize=\"18\">La quinta en la general y primera femenina es la canaria Marta Mansito<\/span><\/b><span data-removefontsize=\"true\" data-originalcomputedfontsize=\"18\">, que recupera el primer puesto y la lucha por el t\u00edtulo nacional en su categor\u00eda. Mansito realiz\u00f3 un segundo puesto que la a\u00fapa en cabeza entre las chicas. La hasta ayer l\u00edder de la general y femenina, la balear <b data-removefontsize=\"true\" data-originalcomputedfontsize=\"18\">Laia Serena Mattos (RCNSP-Can Pastilla)<\/b>, que hizo un 33 y cae hasta la d\u00e9cima posici\u00f3n de la general. La tercera f\u00e9mina es la balear <b data-removefontsize=\"true\" data-originalcomputedfontsize=\"18\">Amalia Coll (CN S\u2019Arenal).<\/b><\/span><\/span><\/p>\n<p><span style=\"font-size: large\"><span data-removefontsize=\"true\" data-originalcomputedfontsize=\"18\">Este s\u00e1bado est\u00e1n programadas tres pruebas a partir de las 11 de la ma\u00f1ana de la que saldr\u00e1n los nuevos campeones de Espa\u00f1a en el Real Club de Regatas de Alicante.<\/span><\/span><\/p>\n","protected":false},"excerpt":{"rendered":"<p>Tercera jornada del Campeonato de Espa\u00f1a de Optimist con victorias catalanas y lideratos canarios El canario Gustavo del Castillo (RCN Gran Canaria) es el nuevo l\u00edder en solitario del Campeonato de Espa\u00f1a de Optimist tras la tercera jornada de regatas, en la que s\u00f3lo se pudo disputar una prueba. El catal\u00e1n Iker M\u00fagica (CN Cambrils) [&hellip;]<\/p>\n","protected":false},"author":1,"featured_media":51446,"comment_status":"open","ping_status":"open","sticky":false,"template":"","format":"standard","meta":{"_jetpack_memberships_contains_paid_content":false,"footnotes":""},"categories":[83],"tags":[311],"class_list":{"0":"post-51445","1":"post","2":"type-post","3":"status-publish","4":"format-standard","5":"has-post-thumbnail","7":"category-actualidad-nautica","8":"tag-optimist"},"jetpack_featured_media_url":"https:\/\/nautica.news\/es\/wp-content\/uploads\/sites\/2\/2024\/03\/IMG_6776-scaled-1.jpeg","jetpack_sharing_enabled":true,"jetpack-related-posts":[],"_links":{"self":[{"href":"https:\/\/nautica.news\/es\/wp-json\/wp\/v2\/posts\/51445","targetHints":{"allow":["GET"]}}],"collection":[{"href":"https:\/\/nautica.news\/es\/wp-json\/wp\/v2\/posts"}],"about":[{"href":"https:\/\/nautica.news\/es\/wp-json\/wp\/v2\/types\/post"}],"author":[{"embeddable":true,"href":"https:\/\/nautica.news\/es\/wp-json\/wp\/v2\/users\/1"}],"replies":[{"embeddable":true,"href":"https:\/\/nautica.news\/es\/wp-json\/wp\/v2\/comments?post=51445"}],"version-history":[{"count":0,"href":"https:\/\/nautica.news\/es\/wp-json\/wp\/v2\/posts\/51445\/revisions"}],"wp:featuredmedia":[{"embeddable":true,"href":"https:\/\/nautica.news\/es\/wp-json\/wp\/v2\/media\/51446"}],"wp:attachment":[{"href":"https:\/\/nautica.news\/es\/wp-json\/wp\/v2\/media?parent=51445"}],"wp:term":[{"taxonomy":"category","embeddable":true,"href":"https:\/\/nautica.news\/es\/wp-json\/wp\/v2\/categories?post=51445"},{"taxonomy":"post_tag","embeddable":true,"href":"https:\/\/nautica.news\/es\/wp-json\/wp\/v2\/tags?post=51445"}],"curies":[{"name":"wp","href":"https:\/\/api.w.org\/{rel}","templated":true}]}}