{"id":50771,"date":"2024-02-11T09:15:12","date_gmt":"2024-02-11T12:15:12","guid":{"rendered":"http:\/\/nautic.wnpower.host\/?p=50771"},"modified":"2024-02-11T09:15:12","modified_gmt":"2024-02-11T12:15:12","slug":"gonzalo-suarez-en-cabeza-del-campeonato-de-espana-de-ilca-7-y-la-olympic-week","status":"publish","type":"post","link":"https:\/\/nautica.news\/es\/gonzalo-suarez-en-cabeza-del-campeonato-de-espana-de-ilca-7-y-la-olympic-week\/","title":{"rendered":"Gonzalo Su\u00e1rez  en cabeza del Campeonato de Espa\u00f1a de ILCA 7 y la Olympic Week"},"content":{"rendered":"<p lang=\"es-ES\" align=\"justify\"><strong><span style=\"font-size: small\"><span style=\"color: #55575d\"><span style=\"font-family: Calibri, sans-serif\"><span style=\"font-size: medium\">La tercera jornada del <\/span><\/span><\/span><span style=\"color: #55575d\"><span style=\"font-family: Calibri, sans-serif\"><span style=\"font-size: medium\">Campeonato de Espa\u00f1a de ILCA 7<\/span><\/span><\/span><span style=\"color: #55575d\"><span style=\"font-family: Calibri, sans-serif\"><span style=\"font-size: medium\">, incluido dentro de la Olympic Week fue dura, con <\/span><\/span><\/span><span style=\"color: #55575d\"><span style=\"font-family: Calibri, sans-serif\"><span style=\"font-size: medium\">vientos que llegaron a soplar con rachas de m\u00e1s de 30 nudos<\/span><\/span><\/span><span style=\"color: #55575d\"><span style=\"font-family: Calibri, sans-serif\"><span style=\"font-size: medium\"> y que se contraponen con la anterior, donde la calma fue la protagonista.<\/span><\/span><\/span><\/span><\/strong><\/p>\n<p lang=\"es-ES\"><span style=\"color: #55575d\"><span style=\"font-family: Calibri, sans-serif\"><span style=\"font-size: medium\" data-originalfontsize=\"12pt\" data-originalcomputedfontsize=\"16\"><b data-removefontsize=\"true\" data-originalcomputedfontsize=\"16\">Tras la misma el alicantino Gonzalo Su\u00e1rez (CN Altea)<\/b> se pone en cabeza del Campeonato de Espa\u00f1a de ILCA 7 y de la Olympic Week, despu\u00e9s de saber aprovechar como el que m\u00e1s las condiciones de fuerte viento y ganar las dos pruebas del d\u00eda. <b data-removefontsize=\"true\" data-originalcomputedfontsize=\"16\">El primer protagonista de la semana, el alem\u00e1n Ole Schweckendiek<\/b> baja a la segunda plaza despu\u00e9s de realizar un octavo y un d\u00e9cimo primero y la tercera plaza es <b data-removefontsize=\"true\" data-originalcomputedfontsize=\"16\">para el balear Mario Plomer (CV Port d\u2019Andratx)<\/b>, que se marc\u00f3 dos terceros. <\/span><\/span><\/span><\/p>\n<p lang=\"es-ES\"><span style=\"color: #55575d\"><span style=\"font-family: Calibri, sans-serif\"><span style=\"font-size: medium\" data-originalfontsize=\"12pt\" data-originalcomputedfontsize=\"16\">El tambi\u00e9n balear <b data-removefontsize=\"true\" data-originalcomputedfontsize=\"16\">David Ponseti (RCN Palma) es cuarto en la general y primer Sub21<\/b>. Entr\u00f3 tambi\u00e9n un descarte, tras la celebraci\u00f3n de la cuarta manga.<\/span><\/span><\/span><\/p>\n<p lang=\"es-ES\"><span style=\"color: #55575d\"><span style=\"font-family: Calibri, sans-serif\"><span style=\"font-size: medium\" data-originalfontsize=\"12pt\" data-originalcomputedfontsize=\"16\">Su\u00e1rez ha abierto una brecha de cuatro puntos sobre Schweckendiek y 17 sobre Plomer, con el siguiente espa\u00f1ol, lo que se le pone muy de cara el t\u00edtulo nacional a falta de la celebraci\u00f3n de la \u00faltima jornada este domingo.<\/span><\/span><\/span><\/p>\n<p lang=\"es-ES\"><span style=\"color: #55575d\"><span style=\"font-family: Calibri, sans-serif\"><span style=\"font-size: medium\" data-originalfontsize=\"12pt\" data-originalcomputedfontsize=\"16\">Desde primera hora ya se vio que ser\u00eda un d\u00eda complicado con vientos superiores a los 22 nudos y subiendo, lo que hizo que el Comit\u00e9 de Regatas izara un primer aplazamiento en tierra. Sobre mediod\u00eda baj\u00f3 a los 18-20 con lo que se mand\u00f3 a la flota al agua, pero cuando ya se encontraba buena parte de ella en mitad de la bah\u00eda volvi\u00f3 a subir, con lo que se mand\u00f3 de nuevo a tierra. <b data-removefontsize=\"true\" data-originalcomputedfontsize=\"16\">Pasado el mediod\u00eda baj\u00f3 a los 18-22 nudos, con lo que el Comit\u00e9 estuvo \u00e1gil <\/b>y pudo dar dos mangas, aunque los roles y las rachas dieron m\u00e1s de un quebradero de cabeza a organizadores y participantes.<\/span><\/span><\/span><\/p>\n<p lang=\"es-ES\"><span style=\"color: #55575d\"><span style=\"font-family: Calibri, sans-serif\"><span style=\"font-size: medium\" data-originalfontsize=\"12pt\" data-originalcomputedfontsize=\"16\">De cara a la jornada final, est\u00e1 prevista la celebraci\u00f3n de tres pruebas, teniendo como tiempo l\u00edmite las 16,30 horas.<\/span><\/span><\/span><\/p>\n","protected":false},"excerpt":{"rendered":"<p>La tercera jornada del Campeonato de Espa\u00f1a de ILCA 7, incluido dentro de la Olympic Week fue dura, con vientos que llegaron a soplar con rachas de m\u00e1s de 30 nudos y que se contraponen con la anterior, donde la calma fue la protagonista. Tras la misma el alicantino Gonzalo Su\u00e1rez (CN Altea) se pone [&hellip;]<\/p>\n","protected":false},"author":1,"featured_media":50772,"comment_status":"open","ping_status":"open","sticky":false,"template":"","format":"standard","meta":{"_jetpack_memberships_contains_paid_content":false,"footnotes":""},"categories":[83],"tags":[3563,3125,3564],"class_list":{"0":"post-50771","1":"post","2":"type-post","3":"status-publish","4":"format-standard","5":"has-post-thumbnail","7":"category-actualidad-nautica","8":"tag-gonzalo-suarez","9":"tag-ilca-7","10":"tag-olympic-week"},"jetpack_featured_media_url":"https:\/\/nautica.news\/es\/wp-content\/uploads\/sites\/2\/2024\/02\/IMG_6286.jpeg","jetpack_sharing_enabled":true,"jetpack-related-posts":[],"_links":{"self":[{"href":"https:\/\/nautica.news\/es\/wp-json\/wp\/v2\/posts\/50771","targetHints":{"allow":["GET"]}}],"collection":[{"href":"https:\/\/nautica.news\/es\/wp-json\/wp\/v2\/posts"}],"about":[{"href":"https:\/\/nautica.news\/es\/wp-json\/wp\/v2\/types\/post"}],"author":[{"embeddable":true,"href":"https:\/\/nautica.news\/es\/wp-json\/wp\/v2\/users\/1"}],"replies":[{"embeddable":true,"href":"https:\/\/nautica.news\/es\/wp-json\/wp\/v2\/comments?post=50771"}],"version-history":[{"count":0,"href":"https:\/\/nautica.news\/es\/wp-json\/wp\/v2\/posts\/50771\/revisions"}],"wp:featuredmedia":[{"embeddable":true,"href":"https:\/\/nautica.news\/es\/wp-json\/wp\/v2\/media\/50772"}],"wp:attachment":[{"href":"https:\/\/nautica.news\/es\/wp-json\/wp\/v2\/media?parent=50771"}],"wp:term":[{"taxonomy":"category","embeddable":true,"href":"https:\/\/nautica.news\/es\/wp-json\/wp\/v2\/categories?post=50771"},{"taxonomy":"post_tag","embeddable":true,"href":"https:\/\/nautica.news\/es\/wp-json\/wp\/v2\/tags?post=50771"}],"curies":[{"name":"wp","href":"https:\/\/api.w.org\/{rel}","templated":true}]}}