{"id":50239,"date":"2023-12-20T09:05:38","date_gmt":"2023-12-20T12:05:38","guid":{"rendered":"http:\/\/nautic.wnpower.host\/?p=50239"},"modified":"2023-12-20T09:05:38","modified_gmt":"2023-12-20T12:05:38","slug":"el-real-club-nautico-de-valencia-presenta-la-candidatura-de-espana-para-ser-la-sede-del-proximo-mundial-de-clases-olimpicas-de-la-world-sailing","status":"publish","type":"post","link":"https:\/\/nautica.news\/es\/el-real-club-nautico-de-valencia-presenta-la-candidatura-de-espana-para-ser-la-sede-del-proximo-mundial-de-clases-olimpicas-de-la-world-sailing\/","title":{"rendered":"Espa\u00f1a candidata para sede de clases ol\u00edmpicas World Sailing"},"content":{"rendered":"<h4><span data-originalfontsize=\"20.5pt\" data-originalcomputedfontsize=\"27.333334\">El Real Club N\u00e1utico de Valencia presenta la candidatura de Espa\u00f1a para ser la sede del pr\u00f3ximo mundial de clases ol\u00edmpicas de la World Sailing<\/span><\/h4>\n<p><strong>La regata de clases ol\u00edmpicas, la m\u00e1s importante de cuantas se celebran, se disputar\u00eda entre los meses de agosto y octubre si Valencia es elegida\u00a0<\/strong><\/p>\n<p class=\"m_3187825455048954137text-build-content\">El Real Club N\u00e1utico de Valencia trabaja de manera intensa y determinada, con paso firme para ser la sede del campeonato del Mundo de la World Sailing en 2026-2027.<\/p>\n<p class=\"m_3187825455048954137text-build-content\"><span data-originalfontsize=\"10.5pt\" data-originalcomputedfontsize=\"14\">El Club ha presentado sus credenciales para acoger la cita de clases ol\u00edmpicas m\u00e1s importantes para la vela, incluso m\u00e1s que los propios Juegos Ol\u00edmpicos, tal y como as\u00ed afirma David Graham, CEO de la World Sailing, destacando que \u201ces un evento \u00fanico con m\u00e1s de 1.400 atletas bajo la bandera de 80 pa\u00edses, la profundidad de la competici\u00f3n es mayor que los Juegos Ol\u00edmpicos\u201d.<\/span><u><\/u><u><\/u><\/p>\n<p class=\"m_3187825455048954137text-build-content\"><span data-originalfontsize=\"10.5pt\" data-originalcomputedfontsize=\"14\">El pasado mes de noviembre, una comitiva del Real Club N\u00e1utico de Valencia, encabezada por su presidente: Marisa Arlandis, acompa\u00f1ada por Carlos de Beltr\u00e1n , Gerente, y Pedro Quiroga, Director Deportivo, as\u00ed como de la Federaci\u00f3n de Vela de la Comunitat Valenciana, representada por Miguel S\u00e1nchez, Gerente, se reunieron con Graham para mostrar el inter\u00e9s personalmente del proyecto del RCN de Valencia y de la ciudad para esa gran cita. Con ello, cumpl\u00edan con el primer paso que marcaba la World Sailing dentro del camino hacia la presentaci\u00f3n de la candidatura, que en el caso de que Valencia fuese la sede escogida se celebrar\u00eda entre los meses de agosto y octubre.<\/span><u><\/u><u><\/u><\/p>\n<p class=\"m_3187825455048954137text-build-content\"><span data-originalfontsize=\"10.5pt\" data-originalcomputedfontsize=\"14\">Un ambicioso proyecto que tiene como objetivos principales: convertir al RCNV en la primera base fija de regatas del mundo para la vela ligera. Clasificar a Espa\u00f1a en todas las clases ol\u00edmpicas para los JJOO 2028, conseguir clasificar a los deportistas del RCNV y de la Comunidad Valenciana en el m\u00e1ximo de clases. Todo ello para generar un legado asociado al deporte y a la calidad de vida tanto en la Comunidad Valenciana como en Espa\u00f1a. \u00a0Adem\u00e1s, es la gran oportunidad de acercar el deporte n\u00e1utico a la ciudadan\u00eda, pero de una manera masiva y global. Un evento que aporta gran valor desestacionalizador a la actividad n\u00e1utico-deportiva, y que har\u00e1 que se consolide a nivel internacional como sede entrenamiento de equipos de competici\u00f3n. Con un retorno deportivo directo que abarcar\u00e1 m\u00e1s de tres a\u00f1os. Con cerca de 1.400 regatistas de 80 pa\u00edses, por tratarse del evento en el que se clasifican los pa\u00edses en cada una de las clases ol\u00edmpicas para asistir a las pr\u00f3ximas olimpiadas, en este caso ser\u00edan los JJOO del 2028 en Los \u00c1ngeles. Por ello, la proyecci\u00f3n y retorno, tanto econ\u00f3mico como el medi\u00e1tico va mucho m\u00e1s all\u00e1 del que aportan los Juegos Ol\u00edmpicos.<\/span><u><\/u><u><\/u><\/p>\n<p class=\"m_3187825455048954137text-build-content\"><span data-originalfontsize=\"10.5pt\" data-originalcomputedfontsize=\"14\">Todo ello, ha calado en las instituciones p\u00fablicas de manera positiva, al tratarse de una candidatura \u00fanica para Espa\u00f1a que la convierte en un proyecto nacional que sale del Club y de la ciudad de Valencia, valorado el gran potencial del evento a efectos econ\u00f3micos, sociales, tur\u00edsticos y deportivos.<\/span><u><\/u><u><\/u><\/p>\n<p class=\"m_3187825455048954137text-build-content\"><span data-originalfontsize=\"10.5pt\" data-originalcomputedfontsize=\"14\">Unas buenas sensaciones que se transmiten de manera clara y directa en los apoyos expresos recibidos tanto de las Instituciones P\u00fablicas entre los que destacamos: \u00a0el Ayuntamiento de Valencia, Generalitat Valenciana, Autoridad Portuaria de Valencia y Universidad Polit\u00e9cnica de Valencia, \u00a0como de aquellas tambi\u00e9n solicitadas y que siguen llegando poco a poco a sumarse para participar\u00e1n directa o indirectamente en este gran evento, que es la candidatura de Espa\u00f1a.<\/span><u><\/u><u><\/u><\/p>\n<p class=\"m_3187825455048954137text-build-content\"><span data-originalfontsize=\"10.5pt\" data-originalcomputedfontsize=\"14\">Tambi\u00e9n han mostrado su apoyo entidades privadas sobre todo deportivas, que van desde las federaciones nacionales: la Real Federaci\u00f3n Espa\u00f1ola de Vela, as\u00ed como la Federaci\u00f3n de Vela de la Comunidad Valenciana con las que estamos trabajando estrechamente. Adem\u00e1s, la Asociaci\u00f3n Espa\u00f1ola de Clubes N\u00e1uticos, m\u00faltiples clubes a t\u00edtulo individual, grandes deportistas tanto ol\u00edmpicos como mundialistas, la Fundaci\u00f3n Trinidad Alfonso y muchos profesionales de reconocido prestigio que, conociendo internacionalmente el sector, con sus comentarios y descripciones ponen de manifiesto los grandes valores diferenciales que tenemos en Valencia. Debemos hablar tambi\u00e9n del apoyo masivo de los medios de comunicaci\u00f3n especializados y tambi\u00e9n de todo \u00e1mbito. Queremos destacar, la televisi\u00f3n p\u00fablica nacional RTVE y la auton\u00f3mica RTVV entre otros.<\/span><u><\/u><u><\/u><\/p>\n<p class=\"m_3187825455048954137text-build-content\"><span data-originalfontsize=\"10.5pt\" data-originalcomputedfontsize=\"14\">El \u00e1rea de regatas, en el Golfo de Valencia, es otro de los puntos a favor de la candidatura espa\u00f1ola, siendo calificada por todos los grandes regatistas como uno de los mejores del mundo. Todo ello, unido a los grandes espacios e infraestructuras deportivas con las que cuenta actualmente el RCN Valencia, que tiene adem\u00e1s 10 \u00e1reas de restauraci\u00f3n, con una oferta bien diversificada y de gran calidad, abiertas durante todo el a\u00f1o, es en s\u00ed mismo es una ventaja diferencial frente a cualquier otro espacio n\u00e1utico-deportivo. \u00a0Unos valores, que tanto el RCNV y como la ciudad de Valencia, esperan que sean claves para pasar el primer filtro de la selecci\u00f3n de pa\u00edses cuya fecha l\u00edmite de presentaci\u00f3n era el 15 de diciembre. El Comit\u00e9 de Valoraci\u00f3n de World Sailing dar\u00e1 a conocer en los pr\u00f3ximos d\u00edas qu\u00e9 candidaturas han pasado el corte y trabajar\u00e1n durante los pr\u00f3ximos meses hasta que se d\u00e9 a conocer la candidatura elegida a finales del primer semestre de 2024.<\/span><u><\/u><u><\/u><\/p>\n<p class=\"m_3187825455048954137text-build-content\"><span data-originalfontsize=\"10.5pt\" data-originalcomputedfontsize=\"14\">El Club se embarca en este proyecto con el objetivo de desestacionalizar la actividad y consolidarse como sede de entrenamiento de equipos de competici\u00f3n internacionales, que tras conocer la ciudad, sus condiciones clim\u00e1ticas, las excelentes infraestructuras del RCN de Valencia y su magn\u00edfico campo de regatas, tengan a Valencia como punto de referencia para sus futuros proyectos deportivos<\/span><u><\/u><u><\/u><\/p>\n<p class=\"m_3187825455048954137text-build-content\"><span data-originalfontsize=\"10.5pt\" data-originalcomputedfontsize=\"14\">El Real Club N\u00e1utico de Valencia, fundado en 1903 con el prop\u00f3sito de fomentar la vela y los deportes n\u00e1uticos, con 4000 socios entre los que tenemos, 818 ni\u00f1os y j\u00f3venes hasta 25 a\u00f1os, es el club m\u00e1s antiguo de la ciudad de Valencia a la vez que uno de los m\u00e1s antiguos de Espa\u00f1a, siendo adem\u00e1s la mayor infraestructura n\u00e1utico-portuaria, \u00a0integrado en la zona sur del Puerto de Valencia (puerto de inter\u00e9s general) con un punto geoestrat\u00e9gico que lo posiciona como puerto de inter\u00e9s a todos los niveles de tr\u00e1nsito mar\u00edtimo, ocio y comercial. Tiene tambi\u00e9n, la mayor y mejor dotada base fija de vela ligera del mundo dentro de sus instalaciones, por la que han pasado miles de alumnos durante los m\u00e1s de 60 a\u00f1os de escuela. Con m\u00faltiples zonas de acceso directo al mar, dentro y fuera de las d\u00e1rsenas, lo que la hace accesible desde todos los puntos de vista.<\/span><\/p>\n","protected":false},"excerpt":{"rendered":"<p>El Real Club N\u00e1utico de Valencia presenta la candidatura de Espa\u00f1a para ser la sede del pr\u00f3ximo mundial de clases ol\u00edmpicas de la World Sailing La regata de clases ol\u00edmpicas, la m\u00e1s importante de cuantas se celebran, se disputar\u00eda entre los meses de agosto y octubre si Valencia es elegida\u00a0 El Real Club N\u00e1utico de [&hellip;]<\/p>\n","protected":false},"author":1,"featured_media":50241,"comment_status":"open","ping_status":"open","sticky":false,"template":"","format":"standard","meta":{"_jetpack_memberships_contains_paid_content":false,"footnotes":""},"categories":[86],"tags":[3547,191],"class_list":{"0":"post-50239","1":"post","2":"type-post","3":"status-publish","4":"format-standard","5":"has-post-thumbnail","7":"category-interes","8":"tag-club-nautico-de-valencia","9":"tag-world-sailing"},"jetpack_featured_media_url":"","jetpack_sharing_enabled":true,"jetpack-related-posts":[],"_links":{"self":[{"href":"https:\/\/nautica.news\/es\/wp-json\/wp\/v2\/posts\/50239","targetHints":{"allow":["GET"]}}],"collection":[{"href":"https:\/\/nautica.news\/es\/wp-json\/wp\/v2\/posts"}],"about":[{"href":"https:\/\/nautica.news\/es\/wp-json\/wp\/v2\/types\/post"}],"author":[{"embeddable":true,"href":"https:\/\/nautica.news\/es\/wp-json\/wp\/v2\/users\/1"}],"replies":[{"embeddable":true,"href":"https:\/\/nautica.news\/es\/wp-json\/wp\/v2\/comments?post=50239"}],"version-history":[{"count":0,"href":"https:\/\/nautica.news\/es\/wp-json\/wp\/v2\/posts\/50239\/revisions"}],"wp:featuredmedia":[{"embeddable":true,"href":"https:\/\/nautica.news\/es\/wp-json\/"}],"wp:attachment":[{"href":"https:\/\/nautica.news\/es\/wp-json\/wp\/v2\/media?parent=50239"}],"wp:term":[{"taxonomy":"category","embeddable":true,"href":"https:\/\/nautica.news\/es\/wp-json\/wp\/v2\/categories?post=50239"},{"taxonomy":"post_tag","embeddable":true,"href":"https:\/\/nautica.news\/es\/wp-json\/wp\/v2\/tags?post=50239"}],"curies":[{"name":"wp","href":"https:\/\/api.w.org\/{rel}","templated":true}]}}