{"id":49904,"date":"2023-11-21T08:05:04","date_gmt":"2023-11-21T11:05:04","guid":{"rendered":"http:\/\/nautic.wnpower.host\/?p=49904"},"modified":"2023-11-21T08:05:04","modified_gmt":"2023-11-21T11:05:04","slug":"valencia-mar-lista-para-celebrar-una-prueba-internacional-de-windsurf","status":"publish","type":"post","link":"https:\/\/nautica.news\/es\/valencia-mar-lista-para-celebrar-una-prueba-internacional-de-windsurf\/","title":{"rendered":"Valencia Mar lista para celebrar una prueba internacional de windsurf"},"content":{"rendered":"<p><b><span data-originalfontsize=\"13pt\" data-originalcomputedfontsize=\"17.333334\">Del 24 al 26 de noviembre Valencia Mar ser\u00e1 sede de una regata internacional con m\u00e1s de 60 participantes de todo el mundo<\/span><\/b><\/p>\n<p style=\"font-weight: 400\"><span data-originalfontsize=\"13pt\" data-originalcomputedfontsize=\"17.333334\">El pr\u00f3ximo fin de semana Valencia Mar se convierte en el centro mundial del windsurf. M\u00e1s de 60 participantes de diferentes lugares del mundo se dar\u00e1n cita en la capital del Turia en la segunda edici\u00f3n del Windsurfer Valencia Mar Festival (24-26 noviembre). La prueba que contin\u00faa creciendo en n\u00famero de inscritos, tambi\u00e9n lo har\u00e1 con una nueva categor\u00eda juvenil que se suma a la femenina y masculina. Entre los participantes encontramos al italiano Andrea Marchesi, el campe\u00f3n de la pasada edici\u00f3n celebrada en Valencia Mar y campe\u00f3n de Italia y de Europa en 2022, en categor\u00eda light, el franc\u00e9s Eric Belot campe\u00f3n del mundo en 2022 o Fernando Lamadrid, campe\u00f3n de Europa en 2022 en la categor\u00eda heavy, entre muchos otros.<\/span><\/p>\n<p style=\"font-weight: 400\"><span data-originalfontsize=\"13pt\" data-originalcomputedfontsize=\"17.333334\">Participantes de Argentina, Rep\u00fablica Checa, Dinamarca, Francia, Italia, Holanda y por supuesto Espa\u00f1a se dar\u00e1n cita en Valencia para diputar esta regata internacional. Tambi\u00e9n hay que destacar la presencia de Francisco Garc\u00eda y Jes\u00fas Clavero, miembros del Club de Vela de Valencia Mar que gracias a la disputa de esta competici\u00f3n est\u00e1 creciendo en n\u00famero de deportistas dedicados a esta clase. <\/span><\/p>\n<p style=\"font-weight: 400\"><span data-originalfontsize=\"13pt\" data-originalcomputedfontsize=\"17.333334\">El Club de Vela Valencia Mar con la colaboraci\u00f3n de la Federaci\u00f3n Valenciana de Vela, la Real Federaci\u00f3n Espa\u00f1ola de Vela y la International Windsurfer Class Association (IWCA) ser\u00e1 los encargados de organizar esta prueba internacional en aguas valencianas del pr\u00f3ximo 24 al 26 de noviembre.<\/span><\/p>\n<p style=\"font-weight: 400\"><span data-originalfontsize=\"13pt\" data-originalcomputedfontsize=\"17.333334\">Valencia Mar, el puerto deportivo privado de la ciudad y que ser\u00e1 sede de este festival de windsurf, est\u00e1 situado a pocos metros de la playa y a tan solo 10 minutos del centro de la ciudad. Es una marina gestionada por una de las empresas m\u00e1s destacadas del sector, responsable de la gesti\u00f3n de puertos deportivos de referencia en el Mediterr\u00e1neo espa\u00f1ol como Puerto Portals en Mallorca, Marina Vela en Barcelona o Marina Formentera. Actualmente se encuentra con una ocupaci\u00f3n total de sus amarres y con una lista de espera de m\u00e1s de 100 embarcaciones.<\/span><\/p>\n<p><span style=\"font-weight: 400\" data-originalfontsize=\"13pt\" data-originalcomputedfontsize=\"17.333334\">Entre sus servicios, la marina cuenta tambi\u00e9n con parking cubierto, electricidad hasta 600 amps, Wifi, Internet por cable, recogida de residuos, mariner\u00eda los siete d\u00edas de la semana, lavander\u00eda, playa artificial, bares y tiendas, que la han convertido en un espacio de moda a disposici\u00f3n de la ciudad de Valencia.<\/span><\/p>\n","protected":false},"excerpt":{"rendered":"<p>Del 24 al 26 de noviembre Valencia Mar ser\u00e1 sede de una regata internacional con m\u00e1s de 60 participantes de todo el mundo El pr\u00f3ximo fin de semana Valencia Mar se convierte en el centro mundial del windsurf. M\u00e1s de 60 participantes de diferentes lugares del mundo se dar\u00e1n cita en la capital del Turia [&hellip;]<\/p>\n","protected":false},"author":1,"featured_media":49905,"comment_status":"open","ping_status":"open","sticky":false,"template":"","format":"standard","meta":{"_jetpack_memberships_contains_paid_content":false,"footnotes":""},"categories":[83,113],"tags":[3527,277],"class_list":{"0":"post-49904","1":"post","2":"type-post","3":"status-publish","4":"format-standard","5":"has-post-thumbnail","7":"category-actualidad-nautica","8":"category-windsurf","9":"tag-valencia-mar-l","10":"tag-windsurf"},"jetpack_featured_media_url":"","jetpack_sharing_enabled":true,"jetpack-related-posts":[],"_links":{"self":[{"href":"https:\/\/nautica.news\/es\/wp-json\/wp\/v2\/posts\/49904","targetHints":{"allow":["GET"]}}],"collection":[{"href":"https:\/\/nautica.news\/es\/wp-json\/wp\/v2\/posts"}],"about":[{"href":"https:\/\/nautica.news\/es\/wp-json\/wp\/v2\/types\/post"}],"author":[{"embeddable":true,"href":"https:\/\/nautica.news\/es\/wp-json\/wp\/v2\/users\/1"}],"replies":[{"embeddable":true,"href":"https:\/\/nautica.news\/es\/wp-json\/wp\/v2\/comments?post=49904"}],"version-history":[{"count":0,"href":"https:\/\/nautica.news\/es\/wp-json\/wp\/v2\/posts\/49904\/revisions"}],"wp:featuredmedia":[{"embeddable":true,"href":"https:\/\/nautica.news\/es\/wp-json\/"}],"wp:attachment":[{"href":"https:\/\/nautica.news\/es\/wp-json\/wp\/v2\/media?parent=49904"}],"wp:term":[{"taxonomy":"category","embeddable":true,"href":"https:\/\/nautica.news\/es\/wp-json\/wp\/v2\/categories?post=49904"},{"taxonomy":"post_tag","embeddable":true,"href":"https:\/\/nautica.news\/es\/wp-json\/wp\/v2\/tags?post=49904"}],"curies":[{"name":"wp","href":"https:\/\/api.w.org\/{rel}","templated":true}]}}