{"id":49813,"date":"2023-11-14T08:02:00","date_gmt":"2023-11-14T11:02:00","guid":{"rendered":"http:\/\/nautic.wnpower.host\/?p=49813"},"modified":"2023-11-14T08:02:00","modified_gmt":"2023-11-14T11:02:00","slug":"echegoyen-y-barcelo-medalla-de-bronce-en-el-europeo-de-49er-fx","status":"publish","type":"post","link":"https:\/\/nautica.news\/es\/echegoyen-y-barcelo-medalla-de-bronce-en-el-europeo-de-49er-fx\/","title":{"rendered":"Echegoyen y Barcel\u00f3, medalla de bronce en el europeo de 49er FX"},"content":{"rendered":"<p>&nbsp;<\/p>\n<p><strong>Adem\u00e1s Martin y Jaime Wizner, campeones de Europa juveniles en 49er<\/strong><\/p>\n<p>Calma total en aguas de Vilamoura para cerrar el Campeonato de Europa de 49er y 49er FX, que baja el tel\u00f3n con medalla de bronce para las espa\u00f1olas T\u00e1mara Echegoyen y Paula Barcel\u00f3 en 49er FX y medalla de oro juvenil en 49er para los hermanos Wizner, 11\u00ba de la general europea, en la que Diego Bot\u00edn y Florian Trittel finalizan d\u00e9cimos.<\/p>\n<p>Tras tener que anular las pruebas de flota previstas, la espera ha sido larga para intentar celebrar las Medal Races de cada categor\u00eda. El Comit\u00e9 ha apurado al m\u00e1ximo el tiempo l\u00edmite establecido para dar por finalizado el Campeonato y como definitivos los resultados de ayer domingo.<\/p>\n<p>Para T\u00e1mara Echegoyen y Paula Barcel\u00f3 este final anticipado significaba perder todas las opciones de alcanzar la medalla de plata en 49er FX, que se queda a 14 puntos de las espa\u00f1olas en manos de las italianas Germani y Bertuzzi. El oro ha sido para las noruegas Naess y Ronningen.<\/p>\n<p>La tripulaci\u00f3n gallego-balear se lleva una medalla de bronce que sabe a mucho m\u00e1s dadas las circunstancias del Campeonato, en el que han dominado unas condiciones poco favorables para nuestras representantes ol\u00edmpicas. T\u00e1mara y Paula han sabido poner en valor todo el trabajo realizado durante los \u00faltimos meses para adaptarse a este campo de regatas, dando un gran paso en su preparaci\u00f3n para los Juegos Ol\u00edmpicos. Las espa\u00f1olas se estrenaron en el d\u00e9cimo puesto de la general y asaltaron el podio en la segunda jornada de competici\u00f3n, flirteando con las medallas desde el siguiente d\u00eda.<\/p>\n<p>T\u00e1mara Echegoyen celebraba estar en el podio y se\u00f1alaba que \u201c\u00e9sta ha sido una semana de la que hemos sacado much\u00edsimo provecho, con condiciones de muy poco viento todos los d\u00edas. Muchos aprendizajes y una medalla que sabe a oro\u201d.<\/p>\n<p>Para Paula Barcel\u00f3 ha sido \u201cuna semana dura pero estamos muy contentas con el resultado y, sobre todo, con lo aprendido que al final es lo m\u00e1s importante. Hemos cumplido todos los objetivos y nos llevamos una medalla a casa\u201d.<\/p>\n<p>Las canarias Alicia Fras y Elena Barrio finalizaron en el puesto 49, y las baleares Paula van Wieringen y Claudia Sobral en el 53.<\/p>\n<p>En 49er, 14 puntos separaban ayer a Diego Bot\u00edn y Florian Trittel del ansiado TOP10, 15 a Martin y Jaime Wizner. La \u00faltima prueba de flota programada para hoy en el grupo Oro ten\u00eda la llave para que los espa\u00f1oles accedieran al TOP10 de la Medal Race.<\/p>\n<p>Con la anulaci\u00f3n de la \u00faltima regata, los hermanos Wizner celebraban su posici\u00f3n de mejores juveniles colg\u00e1ndose la medalla de oro europea en esta categor\u00eda, con el puesto 11 de la general continental, 14\u00ba de la clasificaci\u00f3n Open. Diego Bot\u00edn y Florian Trittel cierran el TOP10 europeo y son 13\u00ba en la general.<\/p>\n<p>Martin y Jaime Wizner han sido la gran revelaci\u00f3n de este Campeonato, manteni\u00e9ndose durante dos jornadas en el podio provisional y code\u00e1ndose durante los cinco d\u00edas de regatas con la flor y nata de la \u00e9lite internacional. Los regatistas gallegos han hecho valer su perfil antropom\u00e9trico y su buen hacer ante las condiciones reinantes, despuntando entre las tripulaciones favoritas de cara a los Juegos Ol\u00edmpicos de 2028.<\/p>\n<p>Diego Bot\u00edn y Florian Trittel cierran uno de sus campeonatos m\u00e1s duros, en el que su adaptaci\u00f3n y aprendizaje en condiciones de viento d\u00e9bil conforman el mayor activo de su balance. El t\u00e1ndem c\u00e1ntabro-catal\u00e1n ha protagonizado una gran remontada en la clasificaci\u00f3n para finalizar en el TOP10 europeo. El oro ha sido para los franceses Rual y Amoros, seguido de los polacos Buksak y Wierzbicki.<\/p>\n<p>Los baleares Albert Torres y El\u00edas Aretz finalizan en el puesto 33, los catalanes Pol Marsans y Juan Manuel Ruiz en el 48, y los tambi\u00e9n baleares Conrad Konitzer y Antonio Torrado en el 85.<\/p>\n<p>La pr\u00f3xima cita en el calendario de 49er, 49er y Nacra 17 ser\u00e1 en Lanzarote la primera semana de marzo para disputar el Campeonato del Mundo 2024.<\/p>\n","protected":false},"excerpt":{"rendered":"<p>&nbsp; Adem\u00e1s Martin y Jaime Wizner, campeones de Europa juveniles en 49er Calma total en aguas de Vilamoura para cerrar el Campeonato de Europa de 49er y 49er FX, que baja el tel\u00f3n con medalla de bronce para las espa\u00f1olas T\u00e1mara Echegoyen y Paula Barcel\u00f3 en 49er FX y medalla de oro juvenil en 49er [&hellip;]<\/p>\n","protected":false},"author":1,"featured_media":49814,"comment_status":"open","ping_status":"open","sticky":false,"template":"","format":"standard","meta":{"_jetpack_memberships_contains_paid_content":false,"footnotes":""},"categories":[2571],"tags":[3517,3518,3519],"class_list":{"0":"post-49813","1":"post","2":"type-post","3":"status-publish","4":"format-standard","5":"has-post-thumbnail","7":"category-49er","8":"tag-49-fx","9":"tag-paula-barcelo","10":"tag-tamara-echegoyen"},"jetpack_featured_media_url":"","jetpack_sharing_enabled":true,"jetpack-related-posts":[],"_links":{"self":[{"href":"https:\/\/nautica.news\/es\/wp-json\/wp\/v2\/posts\/49813","targetHints":{"allow":["GET"]}}],"collection":[{"href":"https:\/\/nautica.news\/es\/wp-json\/wp\/v2\/posts"}],"about":[{"href":"https:\/\/nautica.news\/es\/wp-json\/wp\/v2\/types\/post"}],"author":[{"embeddable":true,"href":"https:\/\/nautica.news\/es\/wp-json\/wp\/v2\/users\/1"}],"replies":[{"embeddable":true,"href":"https:\/\/nautica.news\/es\/wp-json\/wp\/v2\/comments?post=49813"}],"version-history":[{"count":0,"href":"https:\/\/nautica.news\/es\/wp-json\/wp\/v2\/posts\/49813\/revisions"}],"wp:featuredmedia":[{"embeddable":true,"href":"https:\/\/nautica.news\/es\/wp-json\/"}],"wp:attachment":[{"href":"https:\/\/nautica.news\/es\/wp-json\/wp\/v2\/media?parent=49813"}],"wp:term":[{"taxonomy":"category","embeddable":true,"href":"https:\/\/nautica.news\/es\/wp-json\/wp\/v2\/categories?post=49813"},{"taxonomy":"post_tag","embeddable":true,"href":"https:\/\/nautica.news\/es\/wp-json\/wp\/v2\/tags?post=49813"}],"curies":[{"name":"wp","href":"https:\/\/api.w.org\/{rel}","templated":true}]}}