{"id":48266,"date":"2023-07-08T12:18:40","date_gmt":"2023-07-08T15:18:40","guid":{"rendered":"http:\/\/nautic.wnpower.host\/?p=48266"},"modified":"2023-07-08T12:18:40","modified_gmt":"2023-07-08T15:18:40","slug":"el-canario-liam-dunkerbeck-se-corona-en-sub20-en-pozo-izquierdo","status":"publish","type":"post","link":"https:\/\/nautica.news\/es\/el-canario-liam-dunkerbeck-se-corona-en-sub20-en-pozo-izquierdo\/","title":{"rendered":"El canario Liam Dunkerbeck se corona en sub20 en Pozo Izquierdo"},"content":{"rendered":"<p class=\"s6\">\n<div class=\"s10\"><span class=\"s7\">\u27a2 <\/span><strong><span class=\"s8\">El <\/span><span class=\"s9\">rider <\/span><span class=\"s8\">grancanario<\/span><span class=\"s8\">, n\u00famero 20 del <\/span><span class=\"s9\">ranking <\/span><span class=\"s8\">mundial, derrot\u00f3 en la final al dan\u00e9s Tobias Bjornaa<\/span><\/strong><\/div>\n<div class=\"s10\"><strong><span class=\"s7\">\u27a2 <\/span><span class=\"s8\">El brit\u00e1nico Ben Proffitt se sube a lo m\u00e1s alto del p\u00f3dium en la categor\u00eda M\u00e1ster, seguido de la leyenda local de Pozo, Dar\u00edo Ojeda<\/span><\/strong><\/div>\n<div><\/div>\n<p class=\"s14\"><span class=\"s12\">Con rachas de 30 nudos y poca ola, Pozo Izquierdo ha puesto a prueba este viernes a los <\/span><span class=\"s13\">windsurfistas <\/span><span class=\"s12\">de la categor\u00eda sub 20 masculina en Olas, precisamente, por la falta de estas.<br \/>\nSin embargo, el grancanario Liam Dunkerbeck parec\u00eda encontrar rampa en cualquier manga, lo que le ha llevado a volver a coronarse en sub20 por segundo a\u00f1o consecutivo en Pozo Izquierdo, tras derrotar en una final emocionante al dan\u00e9s <\/span><span class=\"s12\">Tobias Bjornaa. \u201cDurante la final tuve que cambiar de vela porque hab\u00eda poco viento, pero al final pude encontrar rampa y, pues, ganar en casa dos a\u00f1os consecutivos siempre sabe bien\u201d, declar\u00f3 el<\/span><span class=\"s13\"> rider <\/span><span class=\"s12\">original de Maspalomas tras bajar de lo m\u00e1s alto del p\u00f3dium.<\/span><\/p>\n<p class=\"s15\"><span class=\"s12\">Dunkerbeck, actual n\u00famero 20 del <\/span><span class=\"s13\">ranking<\/span><span class=\"s12\"> mundial en Olas, se mantuvo surfeando de manera s\u00f3lida en todas sus mangas, aunque durante la final le cost\u00f3 aterrizar los saltos. Aun as\u00ed, el salto que le daba la victoria era <\/span><span class=\"s13\">foot backloop <\/span><span class=\"s12\">(salto hacia atr\u00e1s en el aire, girando su cuerpo y la tabla al mismo tiempo, con el a\u00f1adido de poner un pie fuera, lo que suma puntos). El tercer puesto de la clase fue para el griego <\/span><span class=\"s12\">Lennart Neubauer, quien expres\u00f3 \u201cestar contento de estar en el p\u00f3dium en Pozo\u201d, detr\u00e1s de \u00a0Bjornaa, quien afirm\u00f3 \u201cestar pensando ya en el siguiente a\u00f1o\u201d. <\/span><\/p>\n<p class=\"s15\">\n<p class=\"s15\"><span class=\"s12\">Para su padre, Bj\u00f6rn Dunkerbeck, organizador del Mundial y leyenda del<\/span><span class=\"s13\"> windsurf,<\/span><span class=\"s12\"> \u201cver a tu hijo en el p\u00f3dium siempre te hace sentir contento\u201d. En su opini\u00f3n, \u201csi hubi\u00e9ramos tenido olas m\u00e1s grandes, hubiera sido m\u00e1s divertido\u201d. Asimismo, el organizador destac\u00f3 el hecho de que los M\u00e1ster hayan tenido tambi\u00e9n una oportunidad para competir, aunque solo ha habido una categor\u00eda M\u00e1ster masculina en la que han competido los mayores de 40 a\u00f1os.<\/span><\/p>\n<p class=\"s14\"><span class=\"s11\">Ben Proffitt (GBR) triunfa en M\u00e1ster surfeando hasta las rocas<\/span><\/p>\n<p class=\"s15\"><span class=\"s12\">Tras vivir la final emocionante de la clase sub20, los <\/span><span class=\"s13\">riders senior <\/span><span class=\"s12\">tambi\u00e9n han dado mucho juego en Pozo Izquierdo, sobre todo durante una final de infarto muy ajustada en puntos entre la leyenda local de Pozo Izquierdo, Dar\u00edo Ojeda, y el brit\u00e1nico Ben Proffitt, quien lograba vencer gracias a las surfeadas que \u201cllevaba hasta las rocas\u201d, seg\u00fan los comentaristas. De hecho, el brit\u00e1nico tuvo que salir incluso a cambiar de tabla.<\/span><\/p>\n<p class=\"s15\">\n<p class=\"s15\"><span class=\"s12\">Para el brit\u00e1nico, Dar\u00edo Ojeda es \u201cuna leyenda local, llegando a estar en el <\/span><span class=\"s13\">top 3 <\/span><span class=\"s12\">varias veces en Pozo, por lo que ganarle es incre\u00edble\u201d. En sus palabras, la final ha sido \u201cbastante complicada y la manga no ha ido muy bien, llegando a estar en las rocas en alg\u00fan momento\u201d, no ha sido hasta los \u00faltimos diez segundos que consegu\u00eda aterrizar una maniobra, \u201cquiz\u00e1s por eso gan\u00e9 la manga, as\u00ed que estoy muy feliz\u201d, coment\u00f3 Proffitt, quien es, adem\u00e1s, el comentarista oficial de la PWA. <\/span><\/p>\n<p class=\"s15\">\n<p class=\"s15\"><span class=\"s12\">Por su parte, el conocido<\/span><span class=\"s13\"> rider <\/span><span class=\"s12\">local, Dar\u00edo Ojeda, manifest\u00f3 \u201cestar motivado y especialmente contento de que tengamos la categor\u00eda M\u00e1ster, me sent\u00ed bien en la primera manga, pero en la segunda me falt\u00f3 surfear\u201d. Hay que tener en cuenta que la \u00faltima vez que Ojeda compiti\u00f3 en Pozo Izquierdo fue hace cinco a\u00f1os en la disciplina de Olas masculina con los mejores del mundo, entre los que siempre estaba en e<\/span><span class=\"s12\">l <\/span><span class=\"s13\">top 10.<\/span><span class=\"s12\"> Siguiendo al<\/span><span class=\"s13\"> rider <\/span><span class=\"s12\">local, <\/span><span class=\"s12\">otro espa\u00f1ol, Toni Pijoan, se hizo con el tercer puesto entre los M\u00e1ster<\/span><\/p>\n","protected":false},"excerpt":{"rendered":"<p>\u27a2 El rider grancanario, n\u00famero 20 del ranking mundial, derrot\u00f3 en la final al dan\u00e9s Tobias Bjornaa \u27a2 El brit\u00e1nico Ben Proffitt se sube a lo m\u00e1s alto del p\u00f3dium en la categor\u00eda M\u00e1ster, seguido de la leyenda local de Pozo, Dar\u00edo Ojeda Con rachas de 30 nudos y poca ola, Pozo Izquierdo ha puesto [&hellip;]<\/p>\n","protected":false},"author":1,"featured_media":48267,"comment_status":"open","ping_status":"open","sticky":false,"template":"","format":"standard","meta":{"_jetpack_memberships_contains_paid_content":false,"footnotes":""},"categories":[83],"tags":[277],"class_list":{"0":"post-48266","1":"post","2":"type-post","3":"status-publish","4":"format-standard","5":"has-post-thumbnail","7":"category-actualidad-nautica","8":"tag-windsurf"},"jetpack_featured_media_url":"","jetpack_sharing_enabled":true,"jetpack-related-posts":[],"_links":{"self":[{"href":"https:\/\/nautica.news\/es\/wp-json\/wp\/v2\/posts\/48266","targetHints":{"allow":["GET"]}}],"collection":[{"href":"https:\/\/nautica.news\/es\/wp-json\/wp\/v2\/posts"}],"about":[{"href":"https:\/\/nautica.news\/es\/wp-json\/wp\/v2\/types\/post"}],"author":[{"embeddable":true,"href":"https:\/\/nautica.news\/es\/wp-json\/wp\/v2\/users\/1"}],"replies":[{"embeddable":true,"href":"https:\/\/nautica.news\/es\/wp-json\/wp\/v2\/comments?post=48266"}],"version-history":[{"count":0,"href":"https:\/\/nautica.news\/es\/wp-json\/wp\/v2\/posts\/48266\/revisions"}],"wp:featuredmedia":[{"embeddable":true,"href":"https:\/\/nautica.news\/es\/wp-json\/"}],"wp:attachment":[{"href":"https:\/\/nautica.news\/es\/wp-json\/wp\/v2\/media?parent=48266"}],"wp:term":[{"taxonomy":"category","embeddable":true,"href":"https:\/\/nautica.news\/es\/wp-json\/wp\/v2\/categories?post=48266"},{"taxonomy":"post_tag","embeddable":true,"href":"https:\/\/nautica.news\/es\/wp-json\/wp\/v2\/tags?post=48266"}],"curies":[{"name":"wp","href":"https:\/\/api.w.org\/{rel}","templated":true}]}}