{"id":48094,"date":"2023-06-26T09:58:30","date_gmt":"2023-06-26T12:58:30","guid":{"rendered":"http:\/\/nautic.wnpower.host\/?p=48094"},"modified":"2023-06-26T09:58:30","modified_gmt":"2023-06-26T12:58:30","slug":"semirigido-z6-by-zonda-group","status":"publish","type":"post","link":"https:\/\/nautica.news\/es\/semirigido-z6-by-zonda-group\/","title":{"rendered":"NUEVO SEMIR\u00cdGIDO Z6 BY ZONDA GROUP"},"content":{"rendered":"<p><strong>El nuevo semirr\u00edgido con Z6 prestaciones hasta ahora nunca alcanzadas en el mercado local, desde <\/strong><strong>\u00a0la calidad de sus terminaciones, materiales, y el novedoso dise\u00f1o de carena , con ampl\u00edsima cubierta.<\/strong><\/p>\n<p><img loading=\"lazy\" decoding=\"async\" class=\"alignnone size-full wp-image-48099\" src=\"https:\/\/nautispots.com\/wp-content\/uploads\/2023\/06\/IMG_3676.jpeg\" alt=\"\" width=\"900\" height=\"516\" title=\"\"><\/p>\n<p><strong>Su carena<\/strong>: desarrollada con un V profunda en proa nos brinda un andar suave y c\u00f3modo.<br \/>\nHacia popa de la misma, hemos incorporado dos escalones transversales para obtener un planeo m\u00e1s eficiente con mejor trimado y menor consumo de combustible.<br \/>\nEl tercio de popa del fondo es plano, consiguiendo un planeo m\u00e1s r\u00e1pido con menor consumo de energ\u00eda.<\/p>\n<p><img loading=\"lazy\" decoding=\"async\" class=\"alignnone size-full wp-image-48100\" src=\"https:\/\/nautispots.com\/wp-content\/uploads\/2023\/06\/IMG_3675.jpeg\" alt=\"\" width=\"900\" height=\"464\" title=\"\"><\/p>\n<p>Hacia las bandas, se introdujeron semi-t\u00faneles de estabilidad lateral a altas velocidades. En las pruebas de navegaci\u00f3n, ha sorprendido su excelente maniobrabilidad, virajes de alta velocidad sin deriva ni vicios, junto con la impresi\u00f3n de seguridad que posibilita disfrutar de todas las sensaciones de la velocidad.<br \/>\n<strong>R\u00e1pidos planeos sin movimientos laterales ni vibraciones.<\/strong><\/p>\n<p><img loading=\"lazy\" decoding=\"async\" class=\"alignnone size-full wp-image-48098\" src=\"https:\/\/nautispots.com\/wp-content\/uploads\/2023\/06\/IMG_3677.jpeg\" alt=\"\" width=\"900\" height=\"409\" title=\"\"><\/p>\n<p><strong>La cubierta <\/strong>\u00a0de gran manga \u00fatil, se puede transitar con comodidad y dar m\u00faltiples usos a tan generoso espacio. Con una timonera central con asiento biplaza. Esta posici\u00f3n de conducci\u00f3n confiere gran visibilidad y cuida la distribuci\u00f3n de pesos. Debajo de la timonera y el asiento del timonel, hay un buen espacio de estiba para elementos de seguridad y todo tipo de accesorios de viaje.<\/p>\n<p><img loading=\"lazy\" decoding=\"async\" class=\"alignnone size-full wp-image-48097\" src=\"https:\/\/nautispots.com\/wp-content\/uploads\/2023\/06\/IMG_3678.jpeg\" alt=\"\" width=\"900\" height=\"656\" title=\"\"><\/p>\n<p>En proa, bajo la colchoneta de solarium se emplaza un dep\u00f3sito de gran volumen.<\/p>\n<p>La caja de fondeo la encontramos debajo de esta tapa y sobre un bastidor se instala el fondeo con su respectiva cadena y o cabo. Bajo de los pisos del cockpit, cuarteles centrales ofrecen a\u00fan mayor lugar de guarda o c\u00f3modo espacio para limpieza de sentina.<\/p>\n<p><img loading=\"lazy\" decoding=\"async\" class=\"alignnone size-full wp-image-48096\" src=\"https:\/\/nautispots.com\/wp-content\/uploads\/2023\/06\/IMG_3679.jpeg\" alt=\"\" width=\"900\" height=\"425\" title=\"\"><br \/>\n<strong>La construcci\u00f3n es \u00edntegramente en PRFV<\/strong>, con fibras de primera calidad y resinas isoft\u00e1licas, se utiliz\u00f3 espumas de sandwich en cubierta y de alta densidad en zonas de golpe . Los gelcoat empleados son isoft\u00e1licos de primera calidad, con filtro solar para asegurar largas temporadas de brillo.<br \/>\nLos tubos son de PVC alemanes , soldado y pegado a la cubierta. El di\u00e1metro es de 50 cm y tres c\u00e1maras por banda.<br \/>\nLa potencia con la que se puede equipar este semirr\u00edgido va desde los 70 HP hasta los 115 HP. La velocidad m\u00e1xima en las pruebas con este \u00faltimo motor fue de 43 nudos y 3 personas a bordo.<br \/>\nLas primeras 5 unidades fueron exportadas con muy buenos resultados, se equiparon con motores de 70 HP. La unidad descripta \u00a0es la versi\u00f3n est\u00e1ndar, pudiendo alistar opcionales para lograr un bell\u00edsimo semirr\u00edgido de gran tama\u00f1o para toda la familia.<\/p>\n<h4><strong>Caracter\u00edsticas T\u00e9cnicas<\/strong><\/h4>\n<p>Eslora total:<strong> 5,92 m<\/strong><\/p>\n<hr \/>\n<p>Puntal: <strong>0,91 m<\/strong><\/p>\n<hr \/>\n<p>Di\u00e1metro de tubos: <strong>0,5 m<\/strong><\/p>\n<hr \/>\n<p>Material de tubos: <strong>PVC soldado<\/strong><\/p>\n<hr \/>\n<p>Potencia m\u00e1xima:<strong> 115 HP<\/strong><\/p>\n<hr \/>\n<p>Velocidad m\u00e1xima (115 HP):<strong> 42 nudos (80 km\/h)<\/strong><\/p>\n<hr \/>\n<p>Peso sin motor:<strong> 250 kg<\/strong><\/p>\n<hr \/>\n<p>Capacidad m\u00e1xima: <strong>7 personas<\/strong><\/p>\n<hr \/>\n<p>Carga m\u00e1xima: <strong>665 kg<\/strong><\/p>\n<p><strong>Contacto:<\/strong><\/p>\n<p><a href=\"http:\/\/spars.zonda-group.com\" rel=\"noopener\"><strong>spars.zonda-group.com<\/strong><\/a><br \/>\n<strong>info@zondagroup.com.ar<\/strong><br \/>\n<strong>Servetto 361, San Fernando<\/strong><br \/>\n<strong>+54 (11) 4725.0965<\/strong><\/p>\n","protected":false},"excerpt":{"rendered":"<p>El nuevo semirr\u00edgido con Z6 prestaciones hasta ahora nunca alcanzadas en el mercado local, desde \u00a0la calidad de sus terminaciones, materiales, y el novedoso dise\u00f1o de carena , con ampl\u00edsima cubierta. Su carena: desarrollada con un V profunda en proa nos brinda un andar suave y c\u00f3modo. Hacia popa de la misma, hemos incorporado dos [&hellip;]<\/p>\n","protected":false},"author":1,"featured_media":48095,"comment_status":"open","ping_status":"open","sticky":false,"template":"","format":"standard","meta":{"_jetpack_memberships_contains_paid_content":false,"footnotes":""},"categories":[84],"tags":[595,3405],"class_list":{"0":"post-48094","1":"post","2":"type-post","3":"status-publish","4":"format-standard","5":"has-post-thumbnail","7":"category-barcos-veleros-lanchas-yachts","8":"tag-semirigido","9":"tag-zonda-group"},"jetpack_featured_media_url":"","jetpack_sharing_enabled":true,"jetpack-related-posts":[],"_links":{"self":[{"href":"https:\/\/nautica.news\/es\/wp-json\/wp\/v2\/posts\/48094","targetHints":{"allow":["GET"]}}],"collection":[{"href":"https:\/\/nautica.news\/es\/wp-json\/wp\/v2\/posts"}],"about":[{"href":"https:\/\/nautica.news\/es\/wp-json\/wp\/v2\/types\/post"}],"author":[{"embeddable":true,"href":"https:\/\/nautica.news\/es\/wp-json\/wp\/v2\/users\/1"}],"replies":[{"embeddable":true,"href":"https:\/\/nautica.news\/es\/wp-json\/wp\/v2\/comments?post=48094"}],"version-history":[{"count":0,"href":"https:\/\/nautica.news\/es\/wp-json\/wp\/v2\/posts\/48094\/revisions"}],"wp:featuredmedia":[{"embeddable":true,"href":"https:\/\/nautica.news\/es\/wp-json\/"}],"wp:attachment":[{"href":"https:\/\/nautica.news\/es\/wp-json\/wp\/v2\/media?parent=48094"}],"wp:term":[{"taxonomy":"category","embeddable":true,"href":"https:\/\/nautica.news\/es\/wp-json\/wp\/v2\/categories?post=48094"},{"taxonomy":"post_tag","embeddable":true,"href":"https:\/\/nautica.news\/es\/wp-json\/wp\/v2\/tags?post=48094"}],"curies":[{"name":"wp","href":"https:\/\/api.w.org\/{rel}","templated":true}]}}