{"id":47567,"date":"2023-05-04T17:45:08","date_gmt":"2023-05-04T20:45:08","guid":{"rendered":"http:\/\/nautic.wnpower.host\/?p=47567"},"modified":"2023-05-04T17:45:08","modified_gmt":"2023-05-04T20:45:08","slug":"la-palmavela-estrena-los-maxis","status":"publish","type":"post","link":"https:\/\/nautica.news\/es\/la-palmavela-estrena-los-maxis\/","title":{"rendered":"La PalmaVela estrena  los Maxis"},"content":{"rendered":"<p><strong>La 19\u00aa PalmaVela estrena sus casilleros con la disputa de la primera costera para los Maxis<\/strong><\/p>\n<p>Las dos divisiones de Maxi inauguraron este jueves la clasificaci\u00f3n con el \u201cGalateia\u201d el \u201cStromvogel\u201d convirti\u00e9ndose en los primeros l\u00edderes de la cita.<\/p>\n<p>Este \u00a0viernes, segunda jornada de regata con doce de las catorce categor\u00edas compitiendo en la bah\u00eda de Palma.<\/p>\n<p><iframe loading=\"lazy\" title=\"La primera costera de los Maxis inaugura la 19\u00aa PalmaVela\" width=\"696\" height=\"392\" src=\"https:\/\/www.youtube.com\/embed\/oQ1GVw0YZLE?feature=oembed\" frameborder=\"0\" allow=\"accelerometer; autoplay; clipboard-write; encrypted-media; gyroscope; picture-in-picture; web-share\" allowfullscreen><\/iframe><\/p>\n<p>Gran primera jornada de la 19\u00aa PalmaVela. La flota de Maxi, compuesta por nueve unidades divididas en dos categor\u00edas, ha sido la encargada de inaugurar la cita que organiza el Real Club N\u00e1utico de Palma (RCNP), y lo ha hecho completando la primera prueba costera en la que han resultado vencedores el \u201cGalateia\u201d y el \u201cStormvogel\u201d, convirti\u00e9ndose en los primeros l\u00edderes de la competici\u00f3n.<\/p>\n<p>Con un viento de componente sur-suroeste y una intensidad de entre diez y doce nudos, el Comit\u00e9 de Regatas dio el bocinazo de salida pasadas las 13:00 horas en el centro de la bah\u00eda de Palma. Por delante, un recorrido de 30 millas para la clase Maxi A y 25 para el los equipos que compiten dentro del grupo B.<\/p>\n<p>En la divisi\u00f3n A, el Wallycento \u201cGalateia\u201d patroneado por David M. Leuschen fue el m\u00e1s r\u00e1pido de la jornada, completando la prueba en dos horas y 29 minutos, logrando una distancia suficiente para sellar la victoria parcial con tres minutos y cuatro segundos de ventaja en tiempo compensado sobre el segundo clasificado.<\/p>\n<p>El regatista c\u00e1ntabro Pablo Arrarte, que compite a bordo del \u201cGalateia\u201d, explicaba al t\u00e9rmino de la jornada que \u201cla regata de hoy es un cl\u00e1sico de Palma, con m\u00e1s presi\u00f3n en la izquierda. Sab\u00edamos que la salida ser\u00eda la parte m\u00e1s importante de la regata y especialmente en la costera, en la que al final el segundo sigue al l\u00edder. Kelvin y David [Leuschen], el armador, hicieron un gran trabajo en la salida y pudimos salir por la izquierda, por el pin, y a partir de ah\u00ed fue rodado. El barco fue r\u00e1pido y pudimos mantener al \u2018Magic Carpet\u2019 en nuestra popa, que es nuestro objetivo\u201d.<\/p>\n<p>Por detr\u00e1s del \u201cGalateia\u201d, el \u201cVera\u201d que patronea Nicol\u00e1s Gonz\u00e1lez inaugur\u00f3 su marcador con el segundo puesto de la tabla, mientras que el otro Wallycento participante en la cita, el \u201cMagic Carpet 3\u201d de Sir Lindsay Owen, cierra por el momento el podio provisional.<\/p>\n<p>Por su parte, en la clase Maxi B, la primera victoria de la PalmaVela se la anotaba este jueves el legendario Maxi de 1961, el \u201cStormvogel\u201d, protagonista de la pel\u00edcula \u201cDead Calm\u201d. El equipo que patronea Ermanno Traverso fue el segundo en completar el recorrido, pero con el tiempo corregido lograba convertirse en el primer l\u00edder provisional por delante del \u201cAtalante\u201d de Romain Mouchel.<\/p>\n<p>La tercera posici\u00f3n del grupo B de los Maxis la ocup\u00f3 en esta primera jornada el \u201cAnima II\u201d de Christian Hentschel.<\/p>\n<p>Ma\u00f1ana, diez nuevas divisiones e inauguraci\u00f3n del Circuito Mediterr\u00e1neo de Vela 2023<br \/>\nDe los 110 barcos participantes este a\u00f1o en la PalmaVela, ma\u00f1ana viernes ser\u00e1n ya 96 los que se den cita en la bah\u00eda de Palma para pelear por el t\u00edtulo de la d\u00e9cimo novena edici\u00f3n de la cita mallorquina. A las dos divisiones de Maxi que se estrenaron este jueves en el campo de regatas se unir\u00e1n los monotipos -J80, 6 Metros y Drag\u00f3n-, \u00c9poca, Esp\u00edritu de Tradici\u00f3n y cinco divisiones de ORC -0-1, 2, 3, 4-5 y Sportboat-.<\/p>\n<p>Ser\u00e1, adem\u00e1s, la inauguraci\u00f3n del Circuito Mediterr\u00e1neo de Vela 2023, una iniciativa conjunta del RCNP, el Real Club N\u00e1utico de Barcelona y el Real Club N\u00e1utico de Valencia para incentivar la participaci\u00f3n de sus embarcaciones en pruebas ORC de fuera de su comunidad de origen.<\/p>\n<p>El bocinazo de salida ser\u00e1 de nuevo a las 13:00 horas para todas las clases, y todo a punta a que las condiciones de viento ser\u00e1n similares a las de hoy.<\/p>\n<p>PODIO PROVISIONAL<br \/>\n(Posici\u00f3n\/Barco\/Patr\u00f3n\/Puestos\/Puntos)<\/p>\n<p>MAXI A<br \/>\n1. Galateia, David M. Leuschen, 1 punto<br \/>\n2. Vera, Nicol\u00e1s Gonz\u00e1lez, 2 puntos<br \/>\n3. Magic Carpet 3, Sir Lindsay Owen-Jones, 3 puntos<\/p>\n<p>MAXI B<br \/>\n1. Stormvogel, Ermanno Traverso, 1 punto<br \/>\n2. Atalante, Romain Mouchel, 2 puntos<br \/>\n3. Anima II, Christian Hentschel, 3 puntos<\/p>\n","protected":false},"excerpt":{"rendered":"<p>La 19\u00aa PalmaVela estrena sus casilleros con la disputa de la primera costera para los Maxis Las dos divisiones de Maxi inauguraron este jueves la clasificaci\u00f3n con el \u201cGalateia\u201d el \u201cStromvogel\u201d convirti\u00e9ndose en los primeros l\u00edderes de la cita. Este \u00a0viernes, segunda jornada de regata con doce de las catorce categor\u00edas compitiendo en la bah\u00eda [&hellip;]<\/p>\n","protected":false},"author":1,"featured_media":47568,"comment_status":"open","ping_status":"open","sticky":false,"template":"","format":"standard","meta":{"_jetpack_memberships_contains_paid_content":false,"footnotes":""},"categories":[83],"tags":[3375,650],"class_list":{"0":"post-47567","1":"post","2":"type-post","3":"status-publish","4":"format-standard","5":"has-post-thumbnail","7":"category-actualidad-nautica","8":"tag-maxis","9":"tag-palmavela"},"jetpack_featured_media_url":"","jetpack_sharing_enabled":true,"jetpack-related-posts":[],"_links":{"self":[{"href":"https:\/\/nautica.news\/es\/wp-json\/wp\/v2\/posts\/47567","targetHints":{"allow":["GET"]}}],"collection":[{"href":"https:\/\/nautica.news\/es\/wp-json\/wp\/v2\/posts"}],"about":[{"href":"https:\/\/nautica.news\/es\/wp-json\/wp\/v2\/types\/post"}],"author":[{"embeddable":true,"href":"https:\/\/nautica.news\/es\/wp-json\/wp\/v2\/users\/1"}],"replies":[{"embeddable":true,"href":"https:\/\/nautica.news\/es\/wp-json\/wp\/v2\/comments?post=47567"}],"version-history":[{"count":0,"href":"https:\/\/nautica.news\/es\/wp-json\/wp\/v2\/posts\/47567\/revisions"}],"wp:featuredmedia":[{"embeddable":true,"href":"https:\/\/nautica.news\/es\/wp-json\/"}],"wp:attachment":[{"href":"https:\/\/nautica.news\/es\/wp-json\/wp\/v2\/media?parent=47567"}],"wp:term":[{"taxonomy":"category","embeddable":true,"href":"https:\/\/nautica.news\/es\/wp-json\/wp\/v2\/categories?post=47567"},{"taxonomy":"post_tag","embeddable":true,"href":"https:\/\/nautica.news\/es\/wp-json\/wp\/v2\/tags?post=47567"}],"curies":[{"name":"wp","href":"https:\/\/api.w.org\/{rel}","templated":true}]}}