{"id":47351,"date":"2023-04-18T08:42:28","date_gmt":"2023-04-18T11:42:28","guid":{"rendered":"http:\/\/nautic.wnpower.host\/?p=47351"},"modified":"2023-04-18T08:42:28","modified_gmt":"2023-04-18T11:42:28","slug":"los-barcos-voladores-de-la-69f-arrancan-su-temporada-europea-en-valencia-mar","status":"publish","type":"post","link":"https:\/\/nautica.news\/es\/los-barcos-voladores-de-la-69f-arrancan-su-temporada-europea-en-valencia-mar\/","title":{"rendered":"Los \u2018barcos voladores\u2019 de la 69F arrancan su temporada europea en Valencia Mar"},"content":{"rendered":"<p><b><span data-originalfontsize=\"16pt\" data-originalcomputedfontsize=\"21.333334\">Del 25 al 30 de abril Valencia se convierte en el epicentro de la vela<\/span><\/b><\/p>\n<p><strong>Los \u2018barcos voladores\u2019 vuelven a Valencia. Tras el \u00e9xito de la \u00faltima edici\u00f3n, Valencia Mar acoge de nuevo el inicio de la temporada europea de regatas del 69F. Del 25 al 30 de abril, se dar\u00e1n cita los mejores regatistas del mundo en esta disciplina en la Valencia Mar Sailing Week. Valencia es la primera prueba de un total de seis que se disputar\u00e1n por Europa entre las que destacan Portoroz (Eslovenia) y Cerde\u00f1a (Italia).<\/strong><\/p>\n<p style=\"font-weight: 400\"><span data-originalfontsize=\"12pt\" data-originalcomputedfontsize=\"16\">Despu\u00e9s de competir durante el invierno en aguas estadounidenses, la competici\u00f3n llega a Europa con 8 equipos que lucharan por hacerse con el preciado trofeo de campe\u00f3n. Embarcaciones de Suiza, Italia, Reino Unido, Francia, Australia, entre otros, se dar\u00e1n cita en Valencia. Este a\u00f1o, la regata tendr\u00e1 un nuevo formato de competici\u00f3n, concentrando toda la velocidad y adrenalina en una \u00fanica semana.<br \/>\n<\/span><\/p>\n<p style=\"font-weight: 400\"><span data-originalfontsize=\"12pt\" data-originalcomputedfontsize=\"16\">Las caracter\u00edsticas de las regatas 69F Cup, as\u00ed como del propio barco, hacen de la competici\u00f3n un evento deportivo \u00fanico. Se trata de una embarcaci\u00f3n de \u00faltima tecnolog\u00eda que vuela por encima del mar gracias a sus hidrofoils consiguiendo velocidades de v\u00e9rtigo y unas regatas espectaculares. El dise\u00f1o del barco es pr\u00e1cticamente id\u00e9ntico que a los actuales de Copa Am\u00e9rica pero a escala reducida.<\/span><\/p>\n<p style=\"font-weight: 400\"><span data-originalfontsize=\"12pt\" data-originalcomputedfontsize=\"16\">El formato, integrado por aut\u00e9nticos \u201cbarcos voladores\u201d, es una revoluci\u00f3n en el mundo de la vela internacional: son capaces de navegar sobre el agua al doble de la velocidad del viento gracias a los hidrofoils, que les permiten alcanzar los 35 nudos de velocidad.<br \/>\n<\/span><\/p>\n<p style=\"font-weight: 400\"><span data-originalfontsize=\"12pt\" data-originalcomputedfontsize=\"16\">Con esta competici\u00f3n, la marina privada devuelve a Valencia una competici\u00f3n de vela de alto nivel. \u201cEl formato 69F es apasionante. Son regatas y barcos muy atractivos por su espectacularidad y velocidad. Estamos muy orgullosos de volver a traer a Valencia una competici\u00f3n de vela de alto nivel\u201d, declara Gustavo Benavent, director de Valencia Mar.<\/span><\/p>\n<p style=\"font-weight: 400\"><span data-originalfontsize=\"12pt\" data-originalcomputedfontsize=\"16\">La organizaci\u00f3n dispondr\u00e1 de embarcaciones para para<\/span><span data-removefontsize=\"true\" data-originalcomputedfontsize=\"16\"> disfrutar de 4 horas de puro espect\u00e1culo el fin de semana del 29 y 30 de abril.<\/span><\/p>\n<p><span style=\"font-weight: 400\" data-removefontsize=\"true\" data-originalcomputedfontsize=\"16\">Adem\u00e1s, Silvia Sicouri se estrena este a\u00f1o como presidenta de 69F. M\u00faltiple medallista en el Campeonato Italiano 49er FX y ganadora de la Copa del Mundo de Vela ISAF durante varios a\u00f1os, represent\u00f3 a Italia en los Juegos Ol\u00edmpicos RIO 2016 en Nacra17 con Vittorio Bissaro.<\/span><\/p>\n","protected":false},"excerpt":{"rendered":"<p>Del 25 al 30 de abril Valencia se convierte en el epicentro de la vela Los \u2018barcos voladores\u2019 vuelven a Valencia. Tras el \u00e9xito de la \u00faltima edici\u00f3n, Valencia Mar acoge de nuevo el inicio de la temporada europea de regatas del 69F. Del 25 al 30 de abril, se dar\u00e1n cita los mejores regatistas [&hellip;]<\/p>\n","protected":false},"author":1,"featured_media":47352,"comment_status":"open","ping_status":"open","sticky":false,"template":"","format":"standard","meta":{"_jetpack_memberships_contains_paid_content":false,"footnotes":""},"categories":[1715,83],"tags":[3358,3323],"class_list":{"0":"post-47351","1":"post","2":"type-post","3":"status-publish","4":"format-standard","5":"has-post-thumbnail","7":"category-69f","8":"category-actualidad-nautica","9":"tag-69-f","10":"tag-valencia-mar"},"jetpack_featured_media_url":"","jetpack_sharing_enabled":true,"jetpack-related-posts":[],"_links":{"self":[{"href":"https:\/\/nautica.news\/es\/wp-json\/wp\/v2\/posts\/47351","targetHints":{"allow":["GET"]}}],"collection":[{"href":"https:\/\/nautica.news\/es\/wp-json\/wp\/v2\/posts"}],"about":[{"href":"https:\/\/nautica.news\/es\/wp-json\/wp\/v2\/types\/post"}],"author":[{"embeddable":true,"href":"https:\/\/nautica.news\/es\/wp-json\/wp\/v2\/users\/1"}],"replies":[{"embeddable":true,"href":"https:\/\/nautica.news\/es\/wp-json\/wp\/v2\/comments?post=47351"}],"version-history":[{"count":0,"href":"https:\/\/nautica.news\/es\/wp-json\/wp\/v2\/posts\/47351\/revisions"}],"wp:featuredmedia":[{"embeddable":true,"href":"https:\/\/nautica.news\/es\/wp-json\/"}],"wp:attachment":[{"href":"https:\/\/nautica.news\/es\/wp-json\/wp\/v2\/media?parent=47351"}],"wp:term":[{"taxonomy":"category","embeddable":true,"href":"https:\/\/nautica.news\/es\/wp-json\/wp\/v2\/categories?post=47351"},{"taxonomy":"post_tag","embeddable":true,"href":"https:\/\/nautica.news\/es\/wp-json\/wp\/v2\/tags?post=47351"}],"curies":[{"name":"wp","href":"https:\/\/api.w.org\/{rel}","templated":true}]}}