{"id":46006,"date":"2023-01-10T19:00:54","date_gmt":"2023-01-10T22:00:54","guid":{"rendered":"http:\/\/nautic.wnpower.host\/?p=46006"},"modified":"2023-01-10T19:00:54","modified_gmt":"2023-01-10T22:00:54","slug":"regata-internacional-del-rio-negro-fin-de-la-cuarta-etapa","status":"publish","type":"post","link":"https:\/\/nautica.news\/es\/regata-internacional-del-rio-negro-fin-de-la-cuarta-etapa\/","title":{"rendered":"REGATA INTERNACIONAL DEL RIO NEGRO  &#8211; Fin de la cuarta etapa."},"content":{"rendered":"<p><strong>REGATA INTERNACIONAL DEL RIO NEGRO 2023 <\/strong><\/p>\n<p><strong>\u201cFin de etapa N\u00b04 Luis Beltr\u00e1n \u2013 Choele Choel\u201d<\/strong><strong>En el d\u00eda de la fecha culmin\u00f3 la etapa 4. Luego del calor agobiante de<\/strong> <strong>los \u00faltimos d\u00edas, la llovizna trajo alivio al lanzamiento de la etapa cronometrada.<\/strong><\/p>\n<p>La llegada bajo la lluvia coron\u00f3 la \u00faltima jornada previa al descanso. Entre el resto del d\u00eda de hoy y el d\u00eda de ma\u00f1ana mi\u00e9rcoles ser\u00e1 el descanso previo a la \u00faltima parte de la competencia.<br \/>\nEl d\u00eda Jueves, se realizar\u00e1 la etapa N\u00b05 Estancia Bacciadone \u2013 Gral. Conesa. Esta etapa se disputar\u00e1 en un NUEVO HORARIO.<br \/>\nEl ingreso a la estancia es: Ruta provincial N\u00b0250 entre el km 146 y km147. El mismo se demarcar\u00e1 con fly banners.<br \/>\n<strong>Cronograma del d\u00eda Jueves 12 de Enero:<\/strong><br \/>\n&#8211; Control de flotabilidad: de 8hs hasta 9:30hs HORARIO ESTRICTO<br \/>\n&#8211; Competencia: 10Hs.<\/p>\n<p><strong>Se podr\u00e1 acceder a los tiempos de manera instant\u00e1nea en el siguiente enlace:<\/strong><br \/>\n<strong><a href=\"http:\/\/www.regatadelrionegro.com.ar\/20212\/tiempos.php\" rel=\"noopener\">http:\/\/www.regatadelrionegro.com.ar\/20212\/tiempos.php<\/a><\/strong><\/p>\n","protected":false},"excerpt":{"rendered":"<p>REGATA INTERNACIONAL DEL RIO NEGRO 2023 \u201cFin de etapa N\u00b04 Luis Beltr\u00e1n \u2013 Choele Choel\u201dEn el d\u00eda de la fecha culmin\u00f3 la etapa 4. Luego del calor agobiante de los \u00faltimos d\u00edas, la llovizna trajo alivio al lanzamiento de la etapa cronometrada. La llegada bajo la lluvia coron\u00f3 la \u00faltima jornada previa al descanso. Entre [&hellip;]<\/p>\n","protected":false},"author":1,"featured_media":46007,"comment_status":"open","ping_status":"open","sticky":false,"template":"","format":"standard","meta":{"_jetpack_memberships_contains_paid_content":false,"footnotes":""},"categories":[83,1821],"tags":[932],"class_list":{"0":"post-46006","1":"post","2":"type-post","3":"status-publish","4":"format-standard","5":"has-post-thumbnail","7":"category-actualidad-nautica","8":"category-remo","9":"tag-regata-internacional-del-rio-negro"},"jetpack_featured_media_url":"https:\/\/nautica.news\/es\/wp-content\/uploads\/sites\/2\/2023\/01\/9D96589E-AD08-4C3F-A236-5D9BAC66AA55.jpeg","jetpack_sharing_enabled":true,"jetpack-related-posts":[],"_links":{"self":[{"href":"https:\/\/nautica.news\/es\/wp-json\/wp\/v2\/posts\/46006","targetHints":{"allow":["GET"]}}],"collection":[{"href":"https:\/\/nautica.news\/es\/wp-json\/wp\/v2\/posts"}],"about":[{"href":"https:\/\/nautica.news\/es\/wp-json\/wp\/v2\/types\/post"}],"author":[{"embeddable":true,"href":"https:\/\/nautica.news\/es\/wp-json\/wp\/v2\/users\/1"}],"replies":[{"embeddable":true,"href":"https:\/\/nautica.news\/es\/wp-json\/wp\/v2\/comments?post=46006"}],"version-history":[{"count":0,"href":"https:\/\/nautica.news\/es\/wp-json\/wp\/v2\/posts\/46006\/revisions"}],"wp:featuredmedia":[{"embeddable":true,"href":"https:\/\/nautica.news\/es\/wp-json\/wp\/v2\/media\/46007"}],"wp:attachment":[{"href":"https:\/\/nautica.news\/es\/wp-json\/wp\/v2\/media?parent=46006"}],"wp:term":[{"taxonomy":"category","embeddable":true,"href":"https:\/\/nautica.news\/es\/wp-json\/wp\/v2\/categories?post=46006"},{"taxonomy":"post_tag","embeddable":true,"href":"https:\/\/nautica.news\/es\/wp-json\/wp\/v2\/tags?post=46006"}],"curies":[{"name":"wp","href":"https:\/\/api.w.org\/{rel}","templated":true}]}}