{"id":41621,"date":"2021-12-10T08:55:04","date_gmt":"2021-12-10T11:55:04","guid":{"rendered":"http:\/\/nautic.wnpower.host\/?p=41621"},"modified":"2021-12-10T08:55:04","modified_gmt":"2021-12-10T11:55:04","slug":"final-70-trofeo-ciutat-de-palma","status":"publish","type":"post","link":"https:\/\/nautica.news\/es\/final-70-trofeo-ciutat-de-palma\/","title":{"rendered":"Final del 70 Trofeo Ciutat de Palma"},"content":{"rendered":"<p><strong>El tailand\u00e9s Weka Bhanubandh gana el 70 Trofeo Ciutat de Palma<\/strong><\/p>\n<p><strong>El regatista asi\u00e1tico se ha impuesto en la clase Optimist en una jornada final en la que se registraron vientos del suroeste de escasa intensidad. Neus Garc\u00eda y Mar\u00eda Teresa Mart\u00edn han conseguido el triunfo en la categor\u00eda de 29er y Daniel Cardona, en ILCA 4<\/strong><\/p>\n<p>El regatista tailand\u00e9s Weka Bhanubandh se proclam\u00f3 hoy campe\u00f3n del 70 Trofeo Ciutat de Palma de Vela en la clase Optimist tras demostrar su maestr\u00eda en todo tipo de condiciones. El deportista asi\u00e1tico, que recorri\u00f3 9.500 kil\u00f3metros para iniciar en Mallorca su gira por distintas regatas europeas, gan\u00f3 cuatro de las seis mangas, fue segundo en la cuarta y quinto en la \u00faltima, cuando ya era matem\u00e1ticamente ganador de la competici\u00f3n organizada por el Real Club N\u00e1utico de Palma.<\/p>\n<p>El andaluz Roberto Aguilar, segundo clasificado, qued\u00f3 a un solo punto del vencedor y dej\u00f3 igualmente clara su eficacia con vientos muy duros, como los registrados en la jornada de ayer, y con las brisas medias que hoy permitieron la disputa de tres c\u00f3modas pruebas en la Bah\u00eda de Palma. La tercera plaza recay\u00f3 en el dan\u00e9s Frederik Wolff, al que una descalificaci\u00f3n por bandera negra en la quinta prueba le priv\u00f3 de luchar por el triunfo hasta el final.<\/p>\n<p>La embarcaci\u00f3n del Comit\u00e9 sali\u00f3 temprano al campo de regatas de la Bah\u00eda de Palma para comprobar las condiciones meteorol\u00f3gicas con el objetivo de exprimir al m\u00e1ximo la jornada final del 70 Trofeo Ciutat de Palma. Sin embargo, los deportistas tuvieron que esperar hasta las 11 de la ma\u00f1ana para que se entablara un suroeste de unos siete nudos que permiti\u00f3 empezar a dar salidas.<\/p>\n<p>A lo largo del d\u00eda se registraron varios roles y cambios de intensidad del viento, que oscil\u00f3 entre los seis y los doce nudos, pero la buena labor del equpo t\u00e9cnico del RCN Palma permiti\u00f3 completar dos mangas para la clase ILCA 4, tres para los Optimist y cuatro pruebas para la categor\u00eda 29er.<\/p>\n<p><strong>29ER<\/strong><\/p>\n<p>Neus Garc\u00eda y Mar\u00eda Teresa Mart\u00edn (RCN Palma) se proclamaron campeonas de 29er tras remontar la ventaja tomada por sus compa\u00f1eras de equipo Marina Conde y Melania Henke, l\u00edderes al t\u00e9rmino de la primera jornada y durante buena parte de la segunda. Garc\u00eda y Mart\u00edn hicieron valer su mayor regularidad con un registro de resultados que no inclute ning\u00fan triunfo parcial pero tampoco ninguna llegada por debajo de la tercera posici\u00f3n. La tripulaci\u00f3n del RCN Valencia formada por Sara e Isabel Momplet logr\u00f3 el tercer puesto de la general.<\/p>\n<p><strong>ILCA 4<\/strong><\/p>\n<p>La clase ILCA 4 registr\u00f3 un emocionante duelo por el triunfo de dos regatistas mallorquines. Daniel Cardona, del CN s\u2019Arenal, y Juan Tom\u00e1s Verdera, del Club Mar\u00edtimo de San Antonio de la Playa, llegaron a la manga definitiva pr\u00e1cticamente empatados en la general. El triunfo fue finalmente para Cardona por un solo punto de diferencia, tras sumar un segundo en la \u00faltima regata. El podio lo complet\u00f3 otro representante del club de can Pastilla, Alberto Talens, que termin\u00f3 en la tercera posici\u00f3n.<\/p>\n<p><strong>M\u00c1XIMO NIVEL<\/strong><\/p>\n<p>El <strong>70 Trofeo Ciutat de Palma<\/strong>, creado en 1950 y que s\u00f3lo ha faltado a la cita de 2020 debido a la pandemia, se ha confirmado un a\u00f1o m\u00e1s como una de las grandes regatas de vela de base europeas, con la participaci\u00f3n de m\u00e1s de 400 deportistas de 10 pa\u00edses.<\/p>\n<p>Biranubongse Bahnubandh, entrenador y padre del vencedor absoluto, destac\u00f3 la hospitalidad del Real Club N\u00e1utico de Palma, as\u00ed como el buen nivel y \u201cmagn\u00edfica\u201d organizaci\u00f3n de la regata: \u201cEl RCNP nos envi\u00f3 un correo hace meses y nos pregunt\u00f3 si quer\u00edamos participar. Nos pareci\u00f3 que Palma estaba muy lejos y que en ese momento era complicado por todas las restricciones, pero al final nos dimos cuenta de que este es un gran acontecimiento y que val\u00eda la pena hacer el esfuerzo. Estamos muy contentos de habernos animado a viajar desde Tailandia a Mallorca\u201d.<\/p>\n<p>Otro t\u00e9cnico, el hispano-alem\u00e1n, Riky Stadel, elogi\u00f3 la organizaci\u00f3n y las excelentes condiciones que ofrece la Bah\u00eda de Palma, incluso en diciembre: \u201cAlemanes, daneses y deportistas de otros pa\u00edses pueden llegar a Palma en dos horas y media, y aqu\u00ed, salvo el primer d\u00eda, en que hubo que suspender la jornada por exceso de viento, hemos tenido siempre un tiempo magn\u00edfico, con ese sol que all\u00ed echan tanto de menos, y todo tipo de viento. Esto nos permite entrenar en diferentes condiciones, mientras que en esos pa\u00edses hace tiempo que dejaron de navegar porque anochece muy pronto\u201d.<\/p>\n<p>La competici\u00f3n de este a\u00f1o ha constado de seis pruebas para los Optimist y cinco para las clases ILCA 4 y 29er. La jornada inicial, en efecto, tuvo que suspenderse por el exceso de viento, con rachas que alcanzaron los 20 nudos. El lunes, por fin, se pudo estrenar el 70 Trofeo Ciutat de Palma con viento duro del NO. Hoy se puso punto final a la competici\u00f3n con brisas de componente sur.<\/p>\n<p><strong>ENTREGA DE PREMIOS<\/strong><\/p>\n<p>La entrega de premios tuvo lugar esta tarde en las instalaciones del Real Club N\u00e1utico de Palma. En la ceremonia de clausura estuvieron presentes el concejal de Deportes del Ayuntamiento de Palma, Francisco Ducros; la presidenta de la Federaci\u00f3n Balear de Vela, Cati Darder; el comandante del Sector Naval en Baleares, D\u00e1maso Berenguer; el teniente coronel Garc\u00eda Hernando; el presidente del Real Club N\u00e1utico de Palma, Emerico Fuster; y el vocal de vela de la entidad, Hugo Ram\u00f3n.<\/p>\n<p><a href=\"https:\/\/www.trofeociutatdepalma.com\/resultados2021.php?ln=sp\" target=\"_blank\" rel=\"noopener\"><strong>RESULTADOS<\/strong><\/a><\/p>\n","protected":false},"excerpt":{"rendered":"<p>El tailand\u00e9s Weka Bhanubandh gana el 70 Trofeo Ciutat de Palma El regatista asi\u00e1tico se ha impuesto en la clase Optimist en una jornada final en la que se registraron vientos del suroeste de escasa intensidad. Neus Garc\u00eda y Mar\u00eda Teresa Mart\u00edn han conseguido el triunfo en la categor\u00eda de 29er y Daniel Cardona, en [&hellip;]<\/p>\n","protected":false},"author":1,"featured_media":41622,"comment_status":"open","ping_status":"open","sticky":false,"template":"","format":"standard","meta":{"_jetpack_memberships_contains_paid_content":false,"footnotes":""},"categories":[2850,3202,155,100],"tags":[430,3228,311,3212],"class_list":{"0":"post-41621","1":"post","2":"type-post","3":"status-publish","4":"format-standard","5":"has-post-thumbnail","7":"category-29er","8":"category-ilca","9":"category-optimist","10":"category-yachting","11":"tag-29er","12":"tag-ilca-4","13":"tag-optimist","14":"tag-trofeo-ciutat-de-palma"},"jetpack_featured_media_url":"","jetpack_sharing_enabled":true,"jetpack-related-posts":[],"_links":{"self":[{"href":"https:\/\/nautica.news\/es\/wp-json\/wp\/v2\/posts\/41621","targetHints":{"allow":["GET"]}}],"collection":[{"href":"https:\/\/nautica.news\/es\/wp-json\/wp\/v2\/posts"}],"about":[{"href":"https:\/\/nautica.news\/es\/wp-json\/wp\/v2\/types\/post"}],"author":[{"embeddable":true,"href":"https:\/\/nautica.news\/es\/wp-json\/wp\/v2\/users\/1"}],"replies":[{"embeddable":true,"href":"https:\/\/nautica.news\/es\/wp-json\/wp\/v2\/comments?post=41621"}],"version-history":[{"count":0,"href":"https:\/\/nautica.news\/es\/wp-json\/wp\/v2\/posts\/41621\/revisions"}],"wp:featuredmedia":[{"embeddable":true,"href":"https:\/\/nautica.news\/es\/wp-json\/"}],"wp:attachment":[{"href":"https:\/\/nautica.news\/es\/wp-json\/wp\/v2\/media?parent=41621"}],"wp:term":[{"taxonomy":"category","embeddable":true,"href":"https:\/\/nautica.news\/es\/wp-json\/wp\/v2\/categories?post=41621"},{"taxonomy":"post_tag","embeddable":true,"href":"https:\/\/nautica.news\/es\/wp-json\/wp\/v2\/tags?post=41621"}],"curies":[{"name":"wp","href":"https:\/\/api.w.org\/{rel}","templated":true}]}}