{"id":41009,"date":"2021-11-13T08:51:43","date_gmt":"2021-11-13T11:51:43","guid":{"rendered":"http:\/\/nautic.wnpower.host\/?p=41009"},"modified":"2021-11-13T08:51:43","modified_gmt":"2021-11-13T11:51:43","slug":"alex-pella-y-romain-pilliard-por-el-record-de-la-vuelta-al-mundo","status":"publish","type":"post","link":"https:\/\/nautica.news\/es\/alex-pella-y-romain-pilliard-por-el-record-de-la-vuelta-al-mundo\/","title":{"rendered":"Alex Pella y Romain Pilliard por el  r\u00e9cord de la vuelta al mundo hacia el Oeste"},"content":{"rendered":"<p><strong>Alex Pella y Romain Pilliard establecer\u00e1n en C\u00e1diz la l\u00ednea oficial de salida y meta del nuevo r\u00e9cord de la vuelta al mundo a vela hacia el Oeste<\/strong><\/p>\n<p>&#8211; El equipo entrar\u00e1 en fase \u201cstand-by\u201d en la marina de Puerto Sherry en la Bah\u00eda de C\u00e1diz, en diciembre, a la espera de las mejores condiciones para atacar el r\u00e9cord, vigente en 122 d\u00edas y 14 horas.<\/p>\n<p>&#8211; La circunnavegaci\u00f3n de Pella y Romain, a bordo de un trimar\u00e1n oce\u00e1nico 100% reciclado busca sensibilizar sobre la importancia del reciclaje, para la sostenibilidad de nuestro planeta y conmemorar el V Centenario de la 1\u00aa Vuelta al Mundo.<\/p>\n<p>&#8211; En caso de \u00e9xito, Alex Pella se convertir\u00eda en el primer y \u00fanico navegante de la toda la historia en ostentar el r\u00e9cord de la circunnavegaci\u00f3n m\u00e1s r\u00e1pida en ambos sentidos (Este y Oeste)<\/p>\n<p><strong>Alex Pella y Romain Pilliard<\/strong>, la tripulaci\u00f3n del maxi-trimar\u00e1n oce\u00e1nico apuesta por la econom\u00eda circular: \u201cUse It Again!\u201d, partir\u00e1 desde Sanl\u00facar de Barrameda en C\u00e1diz, el pr\u00f3ximo mes de diciembre, con el objetivo de batir el r\u00e9cord absoluto de la vuelta al mundo hacia el Oeste, navegando contra los vientos y las corrientes dominantes, siguiendo la estela de Magallanes y Elcano.<br \/>\nA los mandos de un maxi-trimar\u00e1n reacondicionado, el d\u00fao franco-espa\u00f1ol est\u00e1 decidido a demostrar que es posible conseguir m\u00e1xima competitividad minimizando el impacto en el planeta. \u201cNavegaremos a dos, junto a mi compa\u00f1ero Romain, en un proyecto que como dice su nombre, trata de sensibilizar sobre la importancia del reciclaje para la sostenibilidad de nuestro planeta\u201d, apunta Alex Pella.<br \/>\nRomain y Alex saldr\u00e1n de su puerto de origen en la Trinit\u00e9-sur-mer (Breta\u00f1a francesa) el pr\u00f3ximo 28 de noviembre hacia la Bah\u00eda de C\u00e1diz, donde tienen previsto instalar su base t\u00e9cnica en Puerto Sherry. All\u00ed aguardar\u00e1n la mejor ventana \u201cmeteo\u201d para lanzarse a por el r\u00e9cord homologado de la circunnavegaci\u00f3n hacia el Oeste. El tiempo a batir es de 122 d\u00edas, 14 horas y 3 minutos, marca establecida en 2004 por el navegante franc\u00e9s Jean Luc Van den Heede.<br \/>\nLa l\u00ednea oficial de salida y meta est\u00e1 situada en la desembocadura del r\u00edo Guadalquivir en la localidad gaditana de Sanl\u00facar de Barrameda, para conmemorar la expedici\u00f3n de Magallanes y Elcano que parti\u00f3 del mismo lugar hace 500 a\u00f1os.<\/p>\n<p><strong>ANDALUC\u00cdA, ORIGEN Y DESTINO<\/strong><br \/>\nUna salida desde Espa\u00f1a para celebrar el 500 aniversario de la primera vuelta al mundo de Magallanes-Elcano<br \/>\nEn 1519, Fernando Magallanes inici\u00f3 la expedici\u00f3n espa\u00f1ola en busca de una ruta mar\u00edtima hacia las islas de las especias. Una expedici\u00f3n que fue completada en 1522 por el marino vasco Juan Sebasti\u00e1n Elcano, que asumi\u00f3 el mando de la expedici\u00f3n en Filipinas; consigui\u00f3 alcanzar el objetivo de las Islas Molucas y decidi\u00f3 regresar a Espa\u00f1a, navegando siempre hacia el Oeste, demostrando as\u00ed la redondez de la tierra y cambiando la historia para siempre.<br \/>\n500 a\u00f1os despu\u00e9s, Alex Pella, a bordo del Maxi-Trimar\u00e1n \u201cUse It Again!\u201d zarpar\u00e1 \u201cdesde casa\u201d rindiendo el mejor homenaje posible a JS Elcano, en el V Centenario de la 1\u00aa Vuelta al mundo.<br \/>\nLa tripulaci\u00f3n del \u201cUse It Again!\u201d partir\u00e1 de La Trinit\u00e9-sur-Mer (Francia) el pr\u00f3ximo domingo 28 de noviembre, para realizar una etapa pr\u00f3logo de 800 millas n\u00e1uticas hasta C\u00e1diz. Esta ser\u00e1 una \u00faltima sesi\u00f3n de entrenamiento a gran escala antes de abordar el gran desaf\u00edo: una vuelta al mundo de m\u00e1s de 34.000 millas (63.000 km), pasando por el Cabo de Hornos, atravesando el Estrecho de Torres al norte de Australia y posteriormente el Cabo de Buena Esperanza, Cabo Verde y Canarias, antes de regresar a Sanl\u00facar de Barrameda, donde se parar\u00e1 el crono, para posteriormente remontar el r\u00edo Guadalquivir hasta la ciudad de Sevilla.<\/p>\n<p><strong>UN RETO: DARLE LA VUELTA AL MUNDO<\/strong><br \/>\nUn trimar\u00e1n oce\u00e1nico 100% reciclado, siguiendo los principios de la econom\u00eda circular: Reduce \u2013 Reuse \u2013 Recycle<br \/>\nConstruido en 2003, para la brit\u00e1nica Ellen MacArthur, este maxi-trimar\u00e1n oce\u00e1nico (23 metros de eslora por 16 de manga) fue renovado por el equipo de Use It Again! en 2016. El objetivo era rescatar este trimar\u00e1n y reducir al m\u00ednimo el impacto de su reparaci\u00f3n en el medio ambiente, de acuerdo con los principios de la econom\u00eda circular: Reducir \u2013 Reutilizar \u2013 Reciclar.<br \/>\nFiable y robusto, tras una Ruta del Ron en 2018 y muchas millas navegadas para promover la econom\u00eda circular, es ahora el barco ideal para emprender la Vuelta al Mundo a la inversa. Intentar el r\u00e9cord con este legendario trimar\u00e1n es un reto deportivo y t\u00e9cnico sin apenas impacto en el planeta.<br \/>\nEn este proyecto, el equipo \u201cUse It Again!\u201d, tambi\u00e9n utilizar\u00e1 las millas recorridas para apoyar el trabajo de Olivier Adam, un cient\u00edfico especializado en las emisiones sonoras de los cet\u00e1ceos y la contaminaci\u00f3n ac\u00fastica de los oc\u00e9anos. Se han instalado micr\u00f3fonos subacu\u00e1ticos en el casco central del multicasco para realizar grabaciones peri\u00f3dicas a lo largo del viaje con el objetivo de realizar tras el viaje, un mapa global de la contaminaci\u00f3n ac\u00fastica de los oc\u00e9anos.<\/p>\n<p><strong>ALEX PELLA<\/strong><br \/>\nEn febrero de 2018 Alex Pella consegu\u00eda un nuevo r\u00e9cord, al lograr hacer la Ruta del T\u00e9 en 36 d\u00edas, 2 horas, 38 minutos y dos segundos, superando el r\u00e9cord anterior en cinco d\u00edas. En enero de 2017, Alex Pella bati\u00f3 el r\u00e9cord de velocidad absoluto de vuelta al mundo a vela, a bordo del sofisticado Maxi-Trimar\u00e1n IDEC Sport, circunnavegando el planeta en 40 d\u00edas, 23 horas, 30 minutos y 30 segundos. El 16 de noviembre de 2017, Alex Pella consegu\u00eda ganar la Transat Jacques Vabre (el cruce del atl\u00e1ntico a dos) a bordo del trimar\u00e1n \u201cArkema\u201d. En 2014 logr\u00f3 la victoria en la m\u00edtica Ruta del Ron y se convirti\u00f3 en el primer espa\u00f1ol en ganar una prueba transoce\u00e1nica en solitario.<\/p>\n","protected":false},"excerpt":{"rendered":"<p>Alex Pella y Romain Pilliard establecer\u00e1n en C\u00e1diz la l\u00ednea oficial de salida y meta del nuevo r\u00e9cord de la vuelta al mundo a vela hacia el Oeste &#8211; El equipo entrar\u00e1 en fase \u201cstand-by\u201d en la marina de Puerto Sherry en la Bah\u00eda de C\u00e1diz, en diciembre, a la espera de las mejores condiciones [&hellip;]<\/p>\n","protected":false},"author":1,"featured_media":41010,"comment_status":"open","ping_status":"open","sticky":false,"template":"","format":"standard","meta":{"_jetpack_memberships_contains_paid_content":false,"footnotes":""},"categories":[83],"tags":[2919,3135,977],"class_list":{"0":"post-41009","1":"post","2":"type-post","3":"status-publish","4":"format-standard","5":"has-post-thumbnail","7":"category-actualidad-nautica","8":"tag-alex-pella","9":"tag-romain-pilliard","10":"tag-vuelta-al-mundo"},"jetpack_featured_media_url":"","jetpack_sharing_enabled":true,"jetpack-related-posts":[],"_links":{"self":[{"href":"https:\/\/nautica.news\/es\/wp-json\/wp\/v2\/posts\/41009","targetHints":{"allow":["GET"]}}],"collection":[{"href":"https:\/\/nautica.news\/es\/wp-json\/wp\/v2\/posts"}],"about":[{"href":"https:\/\/nautica.news\/es\/wp-json\/wp\/v2\/types\/post"}],"author":[{"embeddable":true,"href":"https:\/\/nautica.news\/es\/wp-json\/wp\/v2\/users\/1"}],"replies":[{"embeddable":true,"href":"https:\/\/nautica.news\/es\/wp-json\/wp\/v2\/comments?post=41009"}],"version-history":[{"count":0,"href":"https:\/\/nautica.news\/es\/wp-json\/wp\/v2\/posts\/41009\/revisions"}],"wp:featuredmedia":[{"embeddable":true,"href":"https:\/\/nautica.news\/es\/wp-json\/"}],"wp:attachment":[{"href":"https:\/\/nautica.news\/es\/wp-json\/wp\/v2\/media?parent=41009"}],"wp:term":[{"taxonomy":"category","embeddable":true,"href":"https:\/\/nautica.news\/es\/wp-json\/wp\/v2\/categories?post=41009"},{"taxonomy":"post_tag","embeddable":true,"href":"https:\/\/nautica.news\/es\/wp-json\/wp\/v2\/tags?post=41009"}],"curies":[{"name":"wp","href":"https:\/\/api.w.org\/{rel}","templated":true}]}}