{"id":40679,"date":"2021-10-28T16:07:52","date_gmt":"2021-10-28T19:07:52","guid":{"rendered":"http:\/\/nautic.wnpower.host\/?p=40679"},"modified":"2021-10-28T16:07:52","modified_gmt":"2021-10-28T19:07:52","slug":"17a-edicion-de-la-palmavela","status":"publish","type":"post","link":"https:\/\/nautica.news\/es\/17a-edicion-de-la-palmavela\/","title":{"rendered":"TODO A PUNTO PARA LA 17\u00aa EDICI\u00d3N DE LA PALMAVELA"},"content":{"rendered":"<h1>PALMAVELA<\/h1>\n<div class=\"icon-holder\"><\/div>\n<p class=\"contents\"><strong>La regata, que se ha presentado hoy en el Real Club N\u00e1utico de Palma, reunir\u00e1 desde ma\u00f1ana y hasta el domingo a una flota de 80 equipos de 22 nacionalidades divididos en once categor\u00edas.<\/strong><\/p>\n<p>Las terrazas del Real Club N\u00e1utico de Palma (RCNP) han acogido este jueves la presentaci\u00f3n oficial de la d\u00e9cimo s\u00e9ptima edici\u00f3n de la PalmaVela, prueba que regresa este 2021 a la bah\u00eda tras haberse retrasado m\u00e1s de un a\u00f1o por la pandemia del Covid-19. En total ser\u00e1n tres jornadas de competici\u00f3n desde ma\u00f1ana viernes, d\u00eda 29 de octubre, con una flota de 80 equipos de 22 nacionalidades divididas en once categor\u00edas: ORC 0, ORC 1-2, ORC 3, ORC 4-5, ORC A2, Box Rule, J80, Drag\u00f3n, Flying Fifteen, \u00c9poca y Esp\u00edritu de Tradici\u00f3n.<\/p>\n<p>El acto ha contado con la presencia de Emerico Fuster, presidente del RCNP; Rafael Navarro, gerente del Instituto Municipal de Deportes; Carles Gonyalons, director general de Deportes del Govern; D\u00e1maso Berenguer, comandante del Sector Naval de Baleares; Jorge Forteza, comodoro del RCNP; Alejandra Vanoli, directora general de Mallorca Sotheby\u00b4s y Christoph Mann, autor de las obras seleccionadas para los premios que se entregar\u00e1n este a\u00f1o a los ganadores de la PalmaVela.<\/p>\n<p>Fuster fue el encargado de dar la bienvenida a autoridades, medios de comunicaci\u00f3n y participantes afirmando que <em>\u201c<\/em><em>estamos presentando una PalmaVela sin duda excepcional por lo inusual de las fechas. Debemos agradecer el compromiso de los m\u00e1s de 80 barcos que desde ma\u00f1ana hasta el domingo competir\u00e1n en la Bah\u00eda de Palma, los cuales se suman a varios de los que ya participaron en la primera edici\u00f3n de La Larga, la regata de altura con la que hemos querido renovar nuestra apuesta por la vela de altura\u201d.<\/em><\/p>\n<p><em>\u201cPalmaVela naci\u00f3 con el esp\u00edritu de dar respuesta a las maneras diversas de navegar y de entender el mar de los aficionados a la vela. Nos mantenemos fieles a esa filosof\u00eda y estoy convencido de que todos los participantes nos ofrecer\u00e1n un magn\u00edfico espect\u00e1culo y podremos volver a contar con ellos cuando, dentro de apenas siete meses volvamos a celebrar una nueva edici\u00f3n de PalmaVela, ya dentro de sus fechas habituales\u201d,<\/em> finaliz\u00f3 afirmando el presidente del RCNP.<\/p>\n<p><strong>80 equipos, 11 categor\u00edas y m\u00e1s de 20 pa\u00edses representados<\/strong><\/p>\n<p>Es, sin duda, una de las regatas m\u00e1s importantes del Mediterr\u00e1neo y en la que se dan cita desde regatistas y equipos profesionales hasta tripulaciones amateur.<\/p>\n<p>De entre las once categor\u00edas que participan en la d\u00e9cimo s\u00e9ptima edici\u00f3n, una de las m\u00e1s competidas ser\u00e1 la <strong>Box Rule<\/strong>, que re\u00fane a la potente flota de TP52. Con un total de diez unidades inscritas, la PalmaVela ser\u00e1 la antesala del Mundial de la clase del pr\u00f3ximo mes de noviembre, por lo que todos y cada uno de los equipos afrontar\u00e1n la cita palmesana con fuerza y dispuestos a ofrecer todo un espect\u00e1culo en la bah\u00eda durante las seis pruebas programadas.<\/p>\n<p>Adem\u00e1s de Box Rule, otras tres clases monotipo competir\u00e1n en tiempo real por el t\u00edtulo de la PalmaVela: <strong>J80<\/strong>, <strong>Flying Fifteen<\/strong> y <strong>Drag\u00f3n<\/strong>. El programa de pruebas para las tres categor\u00edas contempla un m\u00e1ximo de nueve mangas de formato barlovento-sotavento. Para la categor\u00eda Drag\u00f3n, adem\u00e1s, la cita decidir\u00e1 a los nuevos campeones de la Copa de Espa\u00f1a de la clase.<\/p>\n<p>Por su parte, la flota de ORC contar\u00e1 con 38 barcos en la l\u00ednea de salida y se dividir\u00e1n en cinco categor\u00edas: <strong>ORC 0<\/strong>, <strong>ORC 1-2<\/strong>, <strong>ORC 3<\/strong>, <strong>ORC 4-5<\/strong> y <strong>ORC A2<\/strong>. \u201cAifos 500\u201d, \u201cPelotari Project\u201d y \u201cLeaps &amp; Bounds 2\u201d en la divisi\u00f3n 0; \u201cHydra\u201d y \u201cNadir\u201d en la 1-2 o \u201cL\u00b4Immens \u2013 Laplaza Assesors\u201d\u00a0en clase 3 son algunos de los equipos que apuntan a estar entre los puestos altos de la tabla.<\/p>\n<p>El Comit\u00e9 de Regatas cuenta con completar para los ORC un total de cinco pruebas, excepto para la flota de A2 que cuenta con un m\u00e1ximo de tres en su programa.<\/p>\n<p>La vela cl\u00e1sica, como no pod\u00eda ser de otra manera, volver\u00e1 a contar con espacio propio en la cita mallorquina con un total de siete barcos divididos en las categor\u00edas de Esp\u00edritu de <strong>Tradici\u00f3n<\/strong> y <strong>\u00c9poca<\/strong>. El \u201cSo Fong\u201d, uno de los m\u00e1s fuertes de la flota, el \u201cMarigan\u201d de 1898 y el \u201cLegolas\u201d no faltar\u00e1n en la l\u00ednea de salida para las tres regatas costeras programadas durante el fin de semana.<\/p>\n<p><strong>Fusi\u00f3n de arte y deporte en la 17\u00aa PalmaVela<\/strong><\/p>\n<p>Fue en 2013 cuando la PalmaVela estren\u00f3 su primera colecci\u00f3n de premios para los ganadores de la regata. El objetivo era otorgar un valor especial a los trofeos que se entregan a los protagonistas de cada edici\u00f3n y dar visibilidad al trabajo de artistas vinculados al mar y el deporte de la vela. En esta ocasi\u00f3n, Christoph Mann es el autor de las obras seleccionadas para la colecci\u00f3n de la d\u00e9cimo s\u00e9ptima edici\u00f3n de la regata.<\/p>\n<p><em>\u201cComo miembro del club es un honor para m\u00ed hacer mi aportaci\u00f3n al evento a trav\u00e9s de estos cuadros. Siempre me ha gustado mucho el mar y la gastronom\u00eda, y los he unido en estas piezas mostrando motivos mar\u00edtimos desde el punto de vista culinario. Espero que a la gente y a los vencedores les gusten\u201d,<\/em> afirm\u00f3 Mann.<\/p>\n<p>Ma\u00f1ana viernes, a partir de las 13:00 horas, comienza la competici\u00f3n en la bah\u00eda de Palma.<\/p>\n","protected":false},"excerpt":{"rendered":"<p>PALMAVELA La regata, que se ha presentado hoy en el Real Club N\u00e1utico de Palma, reunir\u00e1 desde ma\u00f1ana y hasta el domingo a una flota de 80 equipos de 22 nacionalidades divididos en once categor\u00edas. Las terrazas del Real Club N\u00e1utico de Palma (RCNP) han acogido este jueves la presentaci\u00f3n oficial de la d\u00e9cimo s\u00e9ptima [&hellip;]<\/p>\n","protected":false},"author":1,"featured_media":40680,"comment_status":"open","ping_status":"open","sticky":false,"template":"","format":"standard","meta":{"_jetpack_memberships_contains_paid_content":false,"footnotes":""},"categories":[83],"tags":[650],"class_list":{"0":"post-40679","1":"post","2":"type-post","3":"status-publish","4":"format-standard","5":"has-post-thumbnail","7":"category-actualidad-nautica","8":"tag-palmavela"},"jetpack_featured_media_url":"","jetpack_sharing_enabled":true,"jetpack-related-posts":[],"_links":{"self":[{"href":"https:\/\/nautica.news\/es\/wp-json\/wp\/v2\/posts\/40679","targetHints":{"allow":["GET"]}}],"collection":[{"href":"https:\/\/nautica.news\/es\/wp-json\/wp\/v2\/posts"}],"about":[{"href":"https:\/\/nautica.news\/es\/wp-json\/wp\/v2\/types\/post"}],"author":[{"embeddable":true,"href":"https:\/\/nautica.news\/es\/wp-json\/wp\/v2\/users\/1"}],"replies":[{"embeddable":true,"href":"https:\/\/nautica.news\/es\/wp-json\/wp\/v2\/comments?post=40679"}],"version-history":[{"count":0,"href":"https:\/\/nautica.news\/es\/wp-json\/wp\/v2\/posts\/40679\/revisions"}],"wp:featuredmedia":[{"embeddable":true,"href":"https:\/\/nautica.news\/es\/wp-json\/"}],"wp:attachment":[{"href":"https:\/\/nautica.news\/es\/wp-json\/wp\/v2\/media?parent=40679"}],"wp:term":[{"taxonomy":"category","embeddable":true,"href":"https:\/\/nautica.news\/es\/wp-json\/wp\/v2\/categories?post=40679"},{"taxonomy":"post_tag","embeddable":true,"href":"https:\/\/nautica.news\/es\/wp-json\/wp\/v2\/tags?post=40679"}],"curies":[{"name":"wp","href":"https:\/\/api.w.org\/{rel}","templated":true}]}}