{"id":40486,"date":"2021-10-22T09:21:20","date_gmt":"2021-10-22T12:21:20","guid":{"rendered":"http:\/\/nautic.wnpower.host\/?p=40486"},"modified":"2021-10-22T09:21:20","modified_gmt":"2021-10-22T12:21:20","slug":"jack-ma-y-su-superyacht-zen-en-mallorca","status":"publish","type":"post","link":"https:\/\/nautica.news\/es\/jack-ma-y-su-superyacht-zen-en-mallorca\/","title":{"rendered":"Jack Ma y su  superyacht Zen  en  Mallorca"},"content":{"rendered":"<p><strong>El fundador de Alibaba Group, Jack Ma, estuvo en Mallorca, anclado en su super yate Zen<\/strong><\/p>\n<p><img loading=\"lazy\" decoding=\"async\" class=\"alignnone size-large wp-image-40489\" src=\"https:\/\/nautispots.com\/wp-content\/uploads\/2021\/10\/663E1D0C-FE80-4D10-A827-3AD15DB9F932-1024x576.jpeg\" alt=\"\" width=\"696\" height=\"392\" title=\"\"><\/p>\n<p>El multimillonario chino ha estado en gran parte fuera de la vista del p\u00fablico desde que critic\u00f3 p\u00fablicamente el sistema regulatorio de China en un discurso el a\u00f1o pasado.<\/p>\n<p><img loading=\"lazy\" decoding=\"async\" class=\"alignnone size-full wp-image-40490\" src=\"https:\/\/nautispots.com\/wp-content\/uploads\/2021\/10\/10D57197-1193-4FA0-92B3-B6678BA439DF.png\" alt=\"\" width=\"1000\" height=\"563\" title=\"\"><\/p>\n<p>Un diario \u00a0de Mallorca dijo que <strong>Ma<\/strong> fue visto el martes en el puerto de <strong>Andratx<\/strong> de compras \u00a0en una tienda local.<\/p>\n<p><iframe loading=\"lazy\" title=\"Alibaba&#039;s Jack Ma seen in Spain on a rare yacht tour, his first public appearance in over a year\" width=\"696\" height=\"392\" src=\"https:\/\/www.youtube.com\/embed\/DKROqjotx9A?feature=oembed\" frameborder=\"0\" allow=\"accelerometer; autoplay; clipboard-write; encrypted-media; gyroscope; picture-in-picture\" allowfullscreen><\/iframe><\/p>\n<p>El<strong> superyate Zen<\/strong> sha estado a lo largo de la costa noroeste de <strong>Mallorca<\/strong> durante los \u00faltimos d\u00edas y en <strong>Andratx<\/strong> el martes.<\/p>\n<p><strong>Jack Ma<\/strong> ha estado visitando las Islas Baleares de Espa\u00f1a desde el s\u00e1bado, acompa\u00f1ado de varios empresarios chinos y su equipo de seguridad.<\/p>\n<p><img loading=\"lazy\" decoding=\"async\" class=\"alignnone size-medium wp-image-40494\" src=\"https:\/\/nautispots.com\/wp-content\/uploads\/2021\/10\/ACCE2F21-EC3E-4804-94E3-08664ABD6A25-300x200.png\" alt=\"\" width=\"300\" height=\"200\" title=\"\"><img loading=\"lazy\" decoding=\"async\" class=\"alignnone size-full wp-image-40488\" src=\"https:\/\/nautispots.com\/wp-content\/uploads\/2021\/10\/2019F4AD-6D15-4D6D-904F-BE7733E9B26E.png\" alt=\"\" width=\"259\" height=\"194\" title=\"\"><\/p>\n<p>El <strong>superyate Zen<\/strong> dispone de cinco cubiertas con proa vertical, que mide 88 metros (289 pies), puede acomodar hasta 16 invitados y una tripulaci\u00f3n de 25, y fu\u00e9 construido en Holanda<\/p>\n","protected":false},"excerpt":{"rendered":"<p>El fundador de Alibaba Group, Jack Ma, estuvo en Mallorca, anclado en su super yate Zen El multimillonario chino ha estado en gran parte fuera de la vista del p\u00fablico desde que critic\u00f3 p\u00fablicamente el sistema regulatorio de China en un discurso el a\u00f1o pasado. Un diario \u00a0de Mallorca dijo que Ma fue visto el [&hellip;]<\/p>\n","protected":false},"author":1,"featured_media":40487,"comment_status":"open","ping_status":"open","sticky":false,"template":"","format":"standard","meta":{"_jetpack_memberships_contains_paid_content":false,"footnotes":""},"categories":[83],"tags":[3074,3036,3075],"class_list":{"0":"post-40486","1":"post","2":"type-post","3":"status-publish","4":"format-standard","5":"has-post-thumbnail","7":"category-actualidad-nautica","8":"tag-jack-ma","9":"tag-mallorca","10":"tag-sen"},"jetpack_featured_media_url":"","jetpack_sharing_enabled":true,"jetpack-related-posts":[],"_links":{"self":[{"href":"https:\/\/nautica.news\/es\/wp-json\/wp\/v2\/posts\/40486","targetHints":{"allow":["GET"]}}],"collection":[{"href":"https:\/\/nautica.news\/es\/wp-json\/wp\/v2\/posts"}],"about":[{"href":"https:\/\/nautica.news\/es\/wp-json\/wp\/v2\/types\/post"}],"author":[{"embeddable":true,"href":"https:\/\/nautica.news\/es\/wp-json\/wp\/v2\/users\/1"}],"replies":[{"embeddable":true,"href":"https:\/\/nautica.news\/es\/wp-json\/wp\/v2\/comments?post=40486"}],"version-history":[{"count":0,"href":"https:\/\/nautica.news\/es\/wp-json\/wp\/v2\/posts\/40486\/revisions"}],"wp:featuredmedia":[{"embeddable":true,"href":"https:\/\/nautica.news\/es\/wp-json\/"}],"wp:attachment":[{"href":"https:\/\/nautica.news\/es\/wp-json\/wp\/v2\/media?parent=40486"}],"wp:term":[{"taxonomy":"category","embeddable":true,"href":"https:\/\/nautica.news\/es\/wp-json\/wp\/v2\/categories?post=40486"},{"taxonomy":"post_tag","embeddable":true,"href":"https:\/\/nautica.news\/es\/wp-json\/wp\/v2\/tags?post=40486"}],"curies":[{"name":"wp","href":"https:\/\/api.w.org\/{rel}","templated":true}]}}