{"id":39807,"date":"2021-09-25T13:40:41","date_gmt":"2021-09-25T16:40:41","guid":{"rendered":"http:\/\/nautic.wnpower.host\/?p=39807"},"modified":"2021-09-25T13:40:41","modified_gmt":"2021-09-25T16:40:41","slug":"lanzarote-wacaf-air-se-pone-segundo-en-la-liga-europea-de-vela","status":"publish","type":"post","link":"https:\/\/nautica.news\/es\/lanzarote-wacaf-air-se-pone-segundo-en-la-liga-europea-de-vela\/","title":{"rendered":"\u201cLanzarote &#8211; Wacaf Air\u201d se pone segundo en la Liga Europea de Vela"},"content":{"rendered":"<h2 class=\"s3\"><span class=\"s2\">Liga Europea de Vela.<\/span><\/h2>\n<div class=\"s6\"><span class=\"s4\">\u2022 <\/span><span class=\"s5\">La tripulaci<\/span><span class=\"s5\">\u00f3<\/span><span class=\"s5\">n del RCN Arrecife (Lanzarote) escala hasta la segunda plaza de la clasificaci<\/span><span class=\"s5\">\u00f3<\/span><span class=\"s5\">n provisional a tan s<\/span><span class=\"s5\">\u00f3<\/span><span class=\"s5\">lo un punto del l<\/span><span class=\"s5\">\u00ed<\/span><span class=\"s5\">der. <\/span><\/div>\n<div class=\"s6\"><span class=\"s4\">\u2022 <\/span><span class=\"s5\">Hoy domingo se decidir<\/span><span class=\"s5\">\u00e1 <\/span><span class=\"s5\">el campeonato con una gran competitividad e igualdad entre todos los participantes.<\/span><\/div>\n<div class=\"s6\"><span class=\"s4\">\u2022 <\/span><span class=\"s5\">Las fr<\/span><span class=\"s5\">\u00ed<\/span><span class=\"s5\">as temperaturas, lluvia y complicadas condiciones del viento no impiden que se hayan disputado ya 32 mangas.<\/span><\/div>\n<div class=\"s3\"><\/div>\n<p class=\"s3\"><span class=\"s9\">Hoy domingo conoceremos los ganadores de la semifinal de la <\/span><span class=\"s9\">Sailing Champions League, o Liga Europea de Vela<\/span><span class=\"s9\">, que se viene celebrando este fin de semana en las fr<\/span><span class=\"s9\">\u00ed<\/span><span class=\"s9\">as aguas de San Petersburgo (Rusia). Ayer s<\/span><span class=\"s9\">\u00e1<\/span><span class=\"s9\">bado, los <\/span><span class=\"s9\">\u00fa<\/span><span class=\"s9\">nicos espa<\/span><span class=\"s9\">\u00f1<\/span><span class=\"s9\">oles participantes <\/span><span class=\"s10\">\u201c<\/span><span class=\"s9\">Lanzarote European Sports Destination &#8211; Wacaf Air<\/span><span class=\"s9\">\u201d <\/span><span class=\"s9\">consiguieron escalar en la clasificaci<\/span><span class=\"s9\">\u00f3<\/span><span class=\"s9\">n hasta el segundo caj<\/span><span class=\"s9\">\u00f3<\/span><span class=\"s9\">n del podio provisional y muy cerca de los l<\/span><span class=\"s9\">\u00ed<\/span><span class=\"s9\">deres, el equipo ruso <\/span><span class=\"s9\">\u201c<\/span><span class=\"s9\">Lord of Sail &#8211; Windy Girls<\/span><span class=\"s9\">\u201d<\/span><span class=\"s9\">. La clasificaci<\/span><span class=\"s9\">\u00f3<\/span><span class=\"s9\">n est<\/span><span class=\"s9\">\u00e1 <\/span><span class=\"s9\">muy apretada y cada puesto se diferencian por un punto en los 6 primeros equipos. As<\/span><span class=\"s9\">\u00ed <\/span><span class=\"s9\">que la emoci<\/span><span class=\"s9\">\u00f3<\/span><span class=\"s9\">n est<\/span><span class=\"s9\">\u00e1 <\/span><span class=\"s9\">garantizada para la jornada de hoy.<\/span><\/p>\n<p class=\"s3\"><span class=\"s9\">El formato de esta Salilng Champions League es tremendamente atractivo. En los dos d<\/span><span class=\"s9\">\u00ed<\/span><span class=\"s9\">as de regatas se han disputado ya un total de 32 mangas y cada equipo ha competido en 16 ocasiones. Los barcos son todos exactamente iguales y se sortean entre los participantes. Las tripulaciones van rotando de embarcaciones y descansando. De manera que al finalizar el evento, si las condiciones meteorol<\/span><span class=\"s9\">\u00f3<\/span><span class=\"s9\">gicas lo permiten, se habr<\/span><span class=\"s9\">\u00e1<\/span><span class=\"s9\">n disputado un total de 36 mangas en la fase previa m<\/span><span class=\"s9\">\u00e1<\/span><span class=\"s9\">s un m<\/span><span class=\"s9\">\u00e1<\/span><span class=\"s9\">ximo de 5 en la fase final. Son regatas muy cortas de unos 12-15 minutos y recorridos barlovento &#8211; sotavento con dos vueltas, con una gran intensidad, con juicio directo en el agua y una igualdad muy grande. <\/span><\/p>\n<p class=\"s3\"><span class=\"s9\">A San Petersburgo han acudido un total de 14 equipos rusos, uno alem<\/span><span class=\"s9\">\u00e1<\/span><span class=\"s9\">n, otro suizo y un espa<\/span><span class=\"s9\">\u00f1<\/span><span class=\"s9\">ol. Los 17 participantes cuenta con un alt<\/span><span class=\"s9\">\u00ed<\/span><span class=\"s9\">simo nivel, lo que hace mucho m<\/span><span class=\"s9\">\u00e1<\/span><span class=\"s9\">s emocionante la competici<\/span><span class=\"s9\">\u00f3<\/span><span class=\"s9\">n. Cuando termine hoy el campeonato conoceremos no s<\/span><span class=\"s9\">\u00f3<\/span><span class=\"s9\">lo a los ganadores de este evento sino tambi<\/span><span class=\"s9\">\u00e9<\/span><span class=\"s9\">n a los equipos que habr<\/span><span class=\"s9\">\u00e1<\/span><span class=\"s9\">n conseguido su plaza para la gran final de la Liga Europea de Vela que se disputa este pr<\/span><span class=\"s9\">\u00f3<\/span><span class=\"s9\">ximo mes de octubre en aguas de Porte Cervo (Italia).<\/span><\/p>\n<p class=\"s3\"><span class=\"s9\">El equipo espa<\/span><span class=\"s9\">\u00f1<\/span><span class=\"s9\">ol <\/span><span class=\"s10\">\u201c<\/span><span class=\"s9\">Lanzarote European Sports Destination &#8211; Wacaf Air<\/span><span class=\"s9\">\u201d<\/span><span class=\"s9\"> , acude a Rusia desde Canarias y est<\/span><span class=\"s9\">\u00e1 <\/span><span class=\"s9\">formado por Nano Negr<\/span><span class=\"s9\">\u00ed<\/span><span class=\"s9\">n a la ca<\/span><span class=\"s9\">\u00f1<\/span><span class=\"s9\">a, Gonzalo Morales y Ricardo Terrades al trimming y Rafa Lasso a la proa. Todos los regatistas son del Real Club N<\/span><span class=\"s9\">\u00e1<\/span><span class=\"s9\">utico de Arrecife, club que contin<\/span><span class=\"s9\">\u00fa<\/span><span class=\"s9\">a apoyando esta competici<\/span><span class=\"s9\">\u00f3<\/span><span class=\"s9\">n desde sus inicios en Espa<\/span><span class=\"s9\">\u00f1<\/span><span class=\"s9\">a, participando siempre en la Liga Espa<\/span><span class=\"s9\">\u00f1<\/span><span class=\"s9\">ola de Vela.<\/span><\/p>\n<p class=\"s3\"><span class=\"s9\">El patr<\/span><span class=\"s9\">\u00f3<\/span><span class=\"s9\">n del equipo del RCN de Arrecife, <\/span><span class=\"s8\">Nano Negr<\/span><span class=\"s8\">\u00ed<\/span><span class=\"s8\">n<\/span><span class=\"s9\">, comentaba <\/span><span class=\"s9\">\u201c<\/span><span class=\"s9\">que la experiencia est<\/span><span class=\"s9\">\u00e1 <\/span><span class=\"s9\">siendo muy positiva. hemos venido con un buen equipo y hemos sabido adaptarnos bien a las fr<\/span><span class=\"s9\">\u00ed<\/span><span class=\"s9\">as temperaturas. Estamos haciendo nuestro trabajo y esperamos seguir navegando as<\/span><span class=\"s9\">\u00ed <\/span><span class=\"s9\">con el objetivo de calificar a nuestro club para la final de Porto Cervo<\/span><span class=\"s9\">\u201d<\/span><\/p>\n","protected":false},"excerpt":{"rendered":"<p>Liga Europea de Vela. \u2022 La tripulaci\u00f3n del RCN Arrecife (Lanzarote) escala hasta la segunda plaza de la clasificaci\u00f3n provisional a tan s\u00f3lo un punto del l\u00edder. \u2022 Hoy domingo se decidir\u00e1 el campeonato con una gran competitividad e igualdad entre todos los participantes. \u2022 Las fr\u00edas temperaturas, lluvia y complicadas condiciones del viento no [&hellip;]<\/p>\n","protected":false},"author":1,"featured_media":39808,"comment_status":"open","ping_status":"open","sticky":false,"template":"","format":"standard","meta":{"_jetpack_memberships_contains_paid_content":false,"footnotes":""},"categories":[100],"tags":[2979],"class_list":{"0":"post-39807","1":"post","2":"type-post","3":"status-publish","4":"format-standard","5":"has-post-thumbnail","7":"category-yachting","8":"tag-liga-europea-de-vela"},"jetpack_featured_media_url":"","jetpack_sharing_enabled":true,"jetpack-related-posts":[],"_links":{"self":[{"href":"https:\/\/nautica.news\/es\/wp-json\/wp\/v2\/posts\/39807","targetHints":{"allow":["GET"]}}],"collection":[{"href":"https:\/\/nautica.news\/es\/wp-json\/wp\/v2\/posts"}],"about":[{"href":"https:\/\/nautica.news\/es\/wp-json\/wp\/v2\/types\/post"}],"author":[{"embeddable":true,"href":"https:\/\/nautica.news\/es\/wp-json\/wp\/v2\/users\/1"}],"replies":[{"embeddable":true,"href":"https:\/\/nautica.news\/es\/wp-json\/wp\/v2\/comments?post=39807"}],"version-history":[{"count":0,"href":"https:\/\/nautica.news\/es\/wp-json\/wp\/v2\/posts\/39807\/revisions"}],"wp:featuredmedia":[{"embeddable":true,"href":"https:\/\/nautica.news\/es\/wp-json\/"}],"wp:attachment":[{"href":"https:\/\/nautica.news\/es\/wp-json\/wp\/v2\/media?parent=39807"}],"wp:term":[{"taxonomy":"category","embeddable":true,"href":"https:\/\/nautica.news\/es\/wp-json\/wp\/v2\/categories?post=39807"},{"taxonomy":"post_tag","embeddable":true,"href":"https:\/\/nautica.news\/es\/wp-json\/wp\/v2\/tags?post=39807"}],"curies":[{"name":"wp","href":"https:\/\/api.w.org\/{rel}","templated":true}]}}