{"id":39130,"date":"2021-09-01T09:12:27","date_gmt":"2021-09-01T12:12:27","guid":{"rendered":"http:\/\/nautic.wnpower.host\/?p=39130"},"modified":"2021-09-01T09:12:27","modified_gmt":"2021-09-01T12:12:27","slug":"moth-world-championship-2021","status":"publish","type":"post","link":"https:\/\/nautica.news\/es\/moth-world-championship-2021\/","title":{"rendered":"Moth World Championship 2021 en el Lago de Garda."},"content":{"rendered":"<p><strong>Campeonato del Mundo de Moth 2021 \u00a0\u201cRedoro Frantoi Veneti\u201d.<\/strong><\/p>\n<p>Del 1 al 7 de septiembre los mejores regatistas de <strong>Moth<\/strong> del mundo se enfrentar\u00e1n en la Fraglia Vela Malcesine para coronar al pr\u00f3ximo Campe\u00f3n del Mundo.<\/p>\n<p>Despu\u00e9s de Australia 2019 e Inglaterra 2020, cancelados por Covid, el esperado evento llega a Malcesine a orillas del lago de Garda.<\/p>\n<p>Con una trayectoria de m\u00e1s de 70 a\u00f1os de regatas y una ubicaci\u00f3n excepcional mundialmente famosa por sus vientos, la Fraglia Vela Malcesine est\u00e1 lista para albergar la edici\u00f3n 2021 del Campeonato del Mundo con un n\u00famero r\u00e9cord de inscripciones tambi\u00e9n de pa\u00edses tan lejanos como Australia, Argentina. y Nueva Zelanda.<\/p>\n<p>Del 1 al 7 de septiembre, m\u00e1s de 150 atletas de 24 naciones y 4 continentes dar\u00e1n vida a emocionantes regatas para coronar al Campe\u00f3n del Mundo de la clase <strong>Moth<\/strong> 2021 en Malcesine en las aguas del <strong>Lago de Garda.<\/strong><\/p>\n<p>&nbsp;<\/p>\n","protected":false},"excerpt":{"rendered":"<p>Campeonato del Mundo de Moth 2021 \u00a0\u201cRedoro Frantoi Veneti\u201d. Del 1 al 7 de septiembre los mejores regatistas de Moth del mundo se enfrentar\u00e1n en la Fraglia Vela Malcesine para coronar al pr\u00f3ximo Campe\u00f3n del Mundo. Despu\u00e9s de Australia 2019 e Inglaterra 2020, cancelados por Covid, el esperado evento llega a Malcesine a orillas del [&hellip;]<\/p>\n","protected":false},"author":1,"featured_media":39131,"comment_status":"open","ping_status":"open","sticky":false,"template":"","format":"standard","meta":{"_jetpack_memberships_contains_paid_content":false,"footnotes":""},"categories":[90,100],"tags":[2614,1026],"class_list":{"0":"post-39130","1":"post","2":"type-post","3":"status-publish","4":"format-standard","5":"has-post-thumbnail","7":"category-moth","8":"category-yachting","9":"tag-garda","10":"tag-moth"},"jetpack_featured_media_url":"","jetpack_sharing_enabled":true,"jetpack-related-posts":[],"_links":{"self":[{"href":"https:\/\/nautica.news\/es\/wp-json\/wp\/v2\/posts\/39130","targetHints":{"allow":["GET"]}}],"collection":[{"href":"https:\/\/nautica.news\/es\/wp-json\/wp\/v2\/posts"}],"about":[{"href":"https:\/\/nautica.news\/es\/wp-json\/wp\/v2\/types\/post"}],"author":[{"embeddable":true,"href":"https:\/\/nautica.news\/es\/wp-json\/wp\/v2\/users\/1"}],"replies":[{"embeddable":true,"href":"https:\/\/nautica.news\/es\/wp-json\/wp\/v2\/comments?post=39130"}],"version-history":[{"count":0,"href":"https:\/\/nautica.news\/es\/wp-json\/wp\/v2\/posts\/39130\/revisions"}],"wp:featuredmedia":[{"embeddable":true,"href":"https:\/\/nautica.news\/es\/wp-json\/"}],"wp:attachment":[{"href":"https:\/\/nautica.news\/es\/wp-json\/wp\/v2\/media?parent=39130"}],"wp:term":[{"taxonomy":"category","embeddable":true,"href":"https:\/\/nautica.news\/es\/wp-json\/wp\/v2\/categories?post=39130"},{"taxonomy":"post_tag","embeddable":true,"href":"https:\/\/nautica.news\/es\/wp-json\/wp\/v2\/tags?post=39130"}],"curies":[{"name":"wp","href":"https:\/\/api.w.org\/{rel}","templated":true}]}}