{"id":38465,"date":"2021-08-07T09:01:07","date_gmt":"2021-08-07T12:01:07","guid":{"rendered":"http:\/\/nautic.wnpower.host\/?p=38465"},"modified":"2021-08-07T09:01:07","modified_gmt":"2021-08-07T12:01:07","slug":"barcolana-ravenna-trieste","status":"publish","type":"post","link":"https:\/\/nautica.news\/es\/barcolana-ravenna-trieste\/","title":{"rendered":"Barcolana: el 7 de octubre arranca la primera edici\u00f3n del Ravenna-Trieste"},"content":{"rendered":"<h1>BARCOLANA<\/h1>\n<p>Ser\u00e1 una regata de aproximaci\u00f3n a Trieste para participar en la regata m\u00e1s grande del mundo. Una prueba costa afuera de 95 millas nacida de la <strong>colaboraci\u00f3n entre el Circolo Velico Ravennate y la Societ\u00e0 Velica Barcola e Grignano<\/strong> .<\/p>\n<p>En torno a la Barcolana, la tradicional regata que se celebra cada segundo domingo de octubre desde hace 53 a\u00f1os y que ya ha superado todos los r\u00e9cords de participaci\u00f3n, crecen los eventos que enriquecen su contenido y sobre todo la diversi\u00f3n para los propietarios. Para acercar la flota del Adri\u00e1tico central, haciendo m\u00e1s interesante la llegada a Trieste, Societ\u00e0 Velica Barcola y Grignano e Il Circolo Velico Ravennate han firmado un acuerdo para transformar el traslado en una regata.<\/p>\n<p>La primera edici\u00f3n comenzar\u00e1 el <strong>jueves 7 de octubre<\/strong>a \u00faltima hora de la tarde, para llegar a Trieste el viernes. Podr\u00e1n participar todas las embarcaciones de altura superior a 8,46 m que componen la clasificaci\u00f3n Barcolana, divididas en las mismas clases. Adem\u00e1s, se otorgar\u00e1 un premio por orden de llegada mediante la aplicaci\u00f3n de tarifas ORC. Los barcos procedentes del sur del Adri\u00e1tico podr\u00e1n concentrarse en Ravenna, uno de los puertos m\u00e1s seguros y accesibles en todas las condiciones meteorol\u00f3gicas, a partir del fin de semana anterior. Las inscripciones estar\u00e1n abiertas a partir del 6 de septiembre, \u00fanica condici\u00f3n para estar inscrito en la Barcolana: por este motivo los propietarios recibir\u00e1n un \u00fanico n\u00famero de mascone que les acompa\u00f1ar\u00e1 tanto en esta prueba de aproximaci\u00f3n como durante la prueba de Trieste.<\/p>\n<p>\u201c <em>Una nueva ruta se suma a las muchas presentes este a\u00f1o en Barcolana<\/em><strong>&#8211; coment\u00f3 el presidente de SVBG Mitja Gialuz &#8211;<\/strong><em>y es una ruta que estamos muy contentos de activar. El concepto de \u201cGo To Barcolana\u201d naci\u00f3 hace seis a\u00f1os, con el objetivo de transformar los traslados a la Barcolana en oportunidades de navegaci\u00f3n colectiva y regatas. La ruta Ravenna-Trieste es muy importante para Barcolana, que junto con el Circolo Velico Ravennate har\u00e1 que las tripulaciones del Adri\u00e1tico central y sur sean protagonistas: daremos la bienvenida a los participantes en Ravenna-Barcolana con todos los honores y nuestro cari\u00f1o, lo haremos cuenta sus historias de mar y las celebraremos una vez que lleguemos a Trieste, con el esp\u00edritu m\u00e1s pleno que distingue a Barcolana. Detr\u00e1s de la regata podemos leer la voluntad com\u00fan de SVBG y CVR, el deseo de colaborar desde un punto de vista deportivo y crear juntos nuevas iniciativas que promuevan y potencien nuestro deporte,<\/em>&#8220;.<\/p>\n<p>\u201cEs <em>un evento que une ciudades y clubes con grandes tradiciones de navegaci\u00f3n deportiva <\/em><strong><em>&#8211; dice el vicepresidente de la CVR Matteo Plazzi &#8211;<\/em><\/strong><em> y el Alto Adri\u00e1tico tiene una tradici\u00f3n muy fuerte de regatas con \u00e1reas de captaci\u00f3n que no siempre se mezclan, dando vida a grandes eventos. Creemos en el desarrollo de un movimiento renovado de embarcaciones en alta mar y tambi\u00e9n tenemos un proyecto m\u00e1s amplio para que muchos aficionados vuelvan a las regatas ya alta mar<\/em> \u201d.<\/p>\n<p>\u201c <em>Navegaci\u00f3n <\/em><strong><em>en<\/em><\/strong><em> alta mar <\/em><strong><em>&#8211; coment\u00f3<\/em><\/strong><em> el <\/em><strong><em>director de deportes de<\/em><\/strong><em> alta mar de <\/em><strong><em>SVBG, Dean Bassi<\/em><\/strong><em>&#8211; est\u00e1 teniendo cada vez m\u00e1s \u00e9xito en Italia, y esta nueva regata es una prueba de ello: es sin duda un evento divertido y desafiante para las tripulaciones que eligen subir al Adri\u00e1tico, una oportunidad para ponerse a prueba y vivir juntos la ruta que lleva en Trieste<\/em>&#8220;. <strong>Giovanni Ceccarelli, director de la CVR en alta mar,<\/strong><\/p>\n<p>dice : \u201c <em>Cada a\u00f1o, unas cincuenta embarcaciones en alta mar salen de nuestros muelles hacia el Barcolana. <\/em><em>Queremos darle forma de regata a este traspaso y tambi\u00e9n dar una referencia al resto de clubes de la costa. <\/em><em>Adem\u00e1s, las dos ciudades tienen importantes realidades empresariales en embarcaciones de recreo que deben ser apoyadas<\/em> \u201d. Toda la informaci\u00f3n de la regata estar\u00e1 disponible en la web del <a href=\"https:\/\/barcolana.it\/\" target=\"_blank\" rel=\"noopener\">Barcolana<\/a> y el<\/p>\n<p><a href=\"https:\/\/www.cvr.ra.it\/\" target=\"_blank\" rel=\"noopener\">Club de vela de Ravenna<\/a> .<\/p>\n","protected":false},"excerpt":{"rendered":"<p>BARCOLANA Ser\u00e1 una regata de aproximaci\u00f3n a Trieste para participar en la regata m\u00e1s grande del mundo. Una prueba costa afuera de 95 millas nacida de la colaboraci\u00f3n entre el Circolo Velico Ravennate y la Societ\u00e0 Velica Barcola e Grignano . En torno a la Barcolana, la tradicional regata que se celebra cada segundo domingo [&hellip;]<\/p>\n","protected":false},"author":1,"featured_media":38466,"comment_status":"open","ping_status":"open","sticky":false,"template":"","format":"standard","meta":{"_jetpack_memberships_contains_paid_content":false,"footnotes":""},"categories":[100],"tags":[375],"class_list":{"0":"post-38465","1":"post","2":"type-post","3":"status-publish","4":"format-standard","5":"has-post-thumbnail","7":"category-yachting","8":"tag-barcolana"},"jetpack_featured_media_url":"","jetpack_sharing_enabled":true,"jetpack-related-posts":[],"_links":{"self":[{"href":"https:\/\/nautica.news\/es\/wp-json\/wp\/v2\/posts\/38465","targetHints":{"allow":["GET"]}}],"collection":[{"href":"https:\/\/nautica.news\/es\/wp-json\/wp\/v2\/posts"}],"about":[{"href":"https:\/\/nautica.news\/es\/wp-json\/wp\/v2\/types\/post"}],"author":[{"embeddable":true,"href":"https:\/\/nautica.news\/es\/wp-json\/wp\/v2\/users\/1"}],"replies":[{"embeddable":true,"href":"https:\/\/nautica.news\/es\/wp-json\/wp\/v2\/comments?post=38465"}],"version-history":[{"count":0,"href":"https:\/\/nautica.news\/es\/wp-json\/wp\/v2\/posts\/38465\/revisions"}],"wp:featuredmedia":[{"embeddable":true,"href":"https:\/\/nautica.news\/es\/wp-json\/"}],"wp:attachment":[{"href":"https:\/\/nautica.news\/es\/wp-json\/wp\/v2\/media?parent=38465"}],"wp:term":[{"taxonomy":"category","embeddable":true,"href":"https:\/\/nautica.news\/es\/wp-json\/wp\/v2\/categories?post=38465"},{"taxonomy":"post_tag","embeddable":true,"href":"https:\/\/nautica.news\/es\/wp-json\/wp\/v2\/tags?post=38465"}],"curies":[{"name":"wp","href":"https:\/\/api.w.org\/{rel}","templated":true}]}}