{"id":37915,"date":"2021-07-14T08:57:46","date_gmt":"2021-07-14T11:57:46","guid":{"rendered":"http:\/\/nautic.wnpower.host\/?p=37915"},"modified":"2021-07-14T08:57:46","modified_gmt":"2021-07-14T11:57:46","slug":"regata-puig-vela-classica-barcelona","status":"publish","type":"post","link":"https:\/\/nautica.news\/es\/regata-puig-vela-classica-barcelona\/","title":{"rendered":"Se inicia la regata Puig Vela Cl\u00e0ssica Barcelona"},"content":{"rendered":"<p>La 14\u00aa edici\u00f3n de la <strong>regata Puig Vela Cl\u00e0ssica Barcelona<\/strong>, se inicia ma\u00f1ana \u00a0hasta el pr\u00f3ximo s\u00e1bado 17, y \u00a0se trae una selecci\u00f3n los veleros cl\u00e1sicos m\u00e1s significativos del mundo.<\/p>\n<p>La regata de referencia de veleros cl\u00e1sicos vuelve a poner de relieve las excelentes condiciones de Barcelona para albergar como \u00fanica capital internacional que celebra un encuentro de aut\u00e9nticas leyendas del mar. En esta ocasi\u00f3n en los campos de regatas de la ciudad condal, reunir\u00e1 embarcaciones de 5 pa\u00edses en la cita n\u00e1utica m\u00e1s importante de su clase en Espa\u00f1a.<\/p>\n<p>El Real Club N\u00e1utico de Barcelona tiene ya a punto todas sus instalaciones para acoger la prueba. La competici\u00f3n se iniciar\u00e1 el jueves, d\u00eda 15, a partir de las 13:00 horas.<\/p>\n<p>Tras los \u00e9xitos cosechados desde 2008, a\u00f1o en el que se celebr\u00f3 la primera edici\u00f3n, su proyecci\u00f3n tanto a nivel nacional como internacional ha ido creciendo y consolid\u00e1ndose gracias al inter\u00e9s de armadores y regatistas por reunirse en Barcelona la selecci\u00f3n de los mejores barcos del Mediterr\u00e1neo procedentes de Espa\u00f1a, Francia, Italia, Inglaterra, Alemania, Holanda o Estados Unidos.<\/p>\n<p>Con el fin de facilitar el espect\u00e1culo de estos barcos de imponente velamen a los ciudadanos, las competiciones n\u00e1uticas se acercan a la costa de la ciudad. Gracias a esta proximidad de los campos de regata, la regata podr\u00e1 contemplarse desde diferentes escenarios emblem\u00e1ticos como el Port Vell, la Barceloneta o el Port Ol\u00edmpic.<\/p>\n<p>La XIV Regata Puig Vela Cl\u00e0ssica Barcelona estar\u00e1 abierta a dos categor\u00edas en funci\u00f3n del modelo y el a\u00f1o de construcci\u00f3n de las embarcaciones, bas\u00e1ndose en los criterios del Reglamento del Comit\u00e9 Internacional del Mediterr\u00e1neo (CIM): Barcos de \u00c9poca: barcos botados hasta el 31 de diciembre de 1949 y construidos seg\u00fan los criterios del Reglamento CIM y Barcos Cl\u00e1sicos: barcos botados entre el 1 de enero de 1950 y 31 de diciembre de 1975 y construidos seg\u00fan los criterios del Reglamento CIM.<\/p>\n<p>La XIV Regata PUIG VELA CL\u00c0SSICA BARCELONA es un evento dentro del calendario oficial de la RFEV puntuable para el Campeonato de Espa\u00f1a de Barcos Cl\u00e1sicos y de \u00c9poca de 2021 y para el XI Trofeo Mare Nostrum.<\/p>\n","protected":false},"excerpt":{"rendered":"<p>La 14\u00aa edici\u00f3n de la regata Puig Vela Cl\u00e0ssica Barcelona, se inicia ma\u00f1ana \u00a0hasta el pr\u00f3ximo s\u00e1bado 17, y \u00a0se trae una selecci\u00f3n los veleros cl\u00e1sicos m\u00e1s significativos del mundo. La regata de referencia de veleros cl\u00e1sicos vuelve a poner de relieve las excelentes condiciones de Barcelona para albergar como \u00fanica capital internacional que celebra [&hellip;]<\/p>\n","protected":false},"author":1,"featured_media":37916,"comment_status":"open","ping_status":"open","sticky":false,"template":"","format":"standard","meta":{"_jetpack_memberships_contains_paid_content":false,"footnotes":""},"categories":[770],"tags":[771,289],"class_list":{"0":"post-37915","1":"post","2":"type-post","3":"status-publish","4":"format-standard","5":"has-post-thumbnail","7":"category-puig-vela-classica","8":"tag-puig-vela-classica","9":"tag-regata"},"jetpack_featured_media_url":"","jetpack_sharing_enabled":true,"jetpack-related-posts":[],"_links":{"self":[{"href":"https:\/\/nautica.news\/es\/wp-json\/wp\/v2\/posts\/37915","targetHints":{"allow":["GET"]}}],"collection":[{"href":"https:\/\/nautica.news\/es\/wp-json\/wp\/v2\/posts"}],"about":[{"href":"https:\/\/nautica.news\/es\/wp-json\/wp\/v2\/types\/post"}],"author":[{"embeddable":true,"href":"https:\/\/nautica.news\/es\/wp-json\/wp\/v2\/users\/1"}],"replies":[{"embeddable":true,"href":"https:\/\/nautica.news\/es\/wp-json\/wp\/v2\/comments?post=37915"}],"version-history":[{"count":0,"href":"https:\/\/nautica.news\/es\/wp-json\/wp\/v2\/posts\/37915\/revisions"}],"wp:featuredmedia":[{"embeddable":true,"href":"https:\/\/nautica.news\/es\/wp-json\/"}],"wp:attachment":[{"href":"https:\/\/nautica.news\/es\/wp-json\/wp\/v2\/media?parent=37915"}],"wp:term":[{"taxonomy":"category","embeddable":true,"href":"https:\/\/nautica.news\/es\/wp-json\/wp\/v2\/categories?post=37915"},{"taxonomy":"post_tag","embeddable":true,"href":"https:\/\/nautica.news\/es\/wp-json\/wp\/v2\/tags?post=37915"}],"curies":[{"name":"wp","href":"https:\/\/api.w.org\/{rel}","templated":true}]}}