{"id":36670,"date":"2021-05-22T10:53:33","date_gmt":"2021-05-22T13:53:33","guid":{"rendered":"http:\/\/nautic.wnpower.host\/?p=36670"},"modified":"2021-05-22T10:53:33","modified_gmt":"2021-05-22T13:53:33","slug":"39th-lake-garda-meeting-optimist-dia-2","status":"publish","type":"post","link":"https:\/\/nautica.news\/es\/39th-lake-garda-meeting-optimist-dia-2\/","title":{"rendered":"39th Lake Garda Meeting Optimist &#8211; D\u00eda 2"},"content":{"rendered":"<p><strong>\u00a0Lake Garda Meeting Optimist<\/strong><\/p>\n<p>Las condiciones exigentes no ralentizan las carreras<\/p>\n<p>Un viento de hasta 25 nudos no ha frenado las operaciones en Fraglia Vela Riva, donde m\u00e1s de seiscientos j\u00f3venes regatistas participan en la 39\u00aa edici\u00f3n del <strong>Garda Optimist Meeting.<\/strong><\/p>\n<p>Hoy se complet\u00f3 una carrera para los j\u00f3venes cadetes (nacidos en 2011 y 2012), que luego fueron devueltos a la orilla cuando el viento comenz\u00f3. Una vez m\u00e1s Irene Faini de CN Brenzone lidera la clasificaci\u00f3n, y con un total de 9 puntos lidera a su compa\u00f1ero Artur Bringhenti, ganador de la carrera de hoy que subi\u00f3 ayer del cuarto puesto al segundo de la general. Jesper Karlsen del Circolo Vela Toscolano Maderno ostenta la medalla de bronce provisional. El top cinco est\u00e1 cerrado por Pietro Lucchesi de Tognazzi Marine Village y Marco Aloisi de Circolo Nautico Brenzone. Andrea Demurtas, primero entre los regatistas de Fraglia Vela Riva, es sexto en la general.<\/p>\n<p>Los regatistas de la categor\u00eda Junior se divirtieron con el intenso viento de Ora, llev\u00e1ndose a casa tres regatas que se suman a las dos ya completadas ayer. El ranking general sigue controlado por Quan Adriano Cardi (3-3-2) que, tras descartar el peor resultado, es seguido a puntos por el regatista de Fraglia Vela Riva, Alex Demurtas (1-2-8). Alessio Cindolo (2-2-1) completa el top tres italiano, que actualmente ocupa el tercer lugar. El ucraniano Dmytro Karabadzhak y el espa\u00f1ol Xavier Garc\u00eda Oll\u00e8 cierran los cinco primeros. El ranking femenino lo lidera la regatista espa\u00f1ola Susana Bestard, octava de la general.<\/p>\n<p>Las carreras se reanudar\u00e1n ma\u00f1ana a las 11 de la ma\u00f1ana y, tras la pr\u00e1ctica del d\u00eda, la flota se dividir\u00e1 en grupos de oro y plata para competir en la final del domingo.<\/p>\n<p>&nbsp;<\/p>\n","protected":false},"excerpt":{"rendered":"<p>\u00a0Lake Garda Meeting Optimist Las condiciones exigentes no ralentizan las carreras Un viento de hasta 25 nudos no ha frenado las operaciones en Fraglia Vela Riva, donde m\u00e1s de seiscientos j\u00f3venes regatistas participan en la 39\u00aa edici\u00f3n del Garda Optimist Meeting. Hoy se complet\u00f3 una carrera para los j\u00f3venes cadetes (nacidos en 2011 y 2012), [&hellip;]<\/p>\n","protected":false},"author":1,"featured_media":36671,"comment_status":"open","ping_status":"open","sticky":false,"template":"","format":"standard","meta":{"_jetpack_memberships_contains_paid_content":false,"footnotes":""},"categories":[155],"tags":[2614,311],"class_list":{"0":"post-36670","1":"post","2":"type-post","3":"status-publish","4":"format-standard","5":"has-post-thumbnail","7":"category-optimist","8":"tag-garda","9":"tag-optimist"},"jetpack_featured_media_url":"","jetpack_sharing_enabled":true,"jetpack-related-posts":[],"_links":{"self":[{"href":"https:\/\/nautica.news\/es\/wp-json\/wp\/v2\/posts\/36670","targetHints":{"allow":["GET"]}}],"collection":[{"href":"https:\/\/nautica.news\/es\/wp-json\/wp\/v2\/posts"}],"about":[{"href":"https:\/\/nautica.news\/es\/wp-json\/wp\/v2\/types\/post"}],"author":[{"embeddable":true,"href":"https:\/\/nautica.news\/es\/wp-json\/wp\/v2\/users\/1"}],"replies":[{"embeddable":true,"href":"https:\/\/nautica.news\/es\/wp-json\/wp\/v2\/comments?post=36670"}],"version-history":[{"count":0,"href":"https:\/\/nautica.news\/es\/wp-json\/wp\/v2\/posts\/36670\/revisions"}],"wp:featuredmedia":[{"embeddable":true,"href":"https:\/\/nautica.news\/es\/wp-json\/"}],"wp:attachment":[{"href":"https:\/\/nautica.news\/es\/wp-json\/wp\/v2\/media?parent=36670"}],"wp:term":[{"taxonomy":"category","embeddable":true,"href":"https:\/\/nautica.news\/es\/wp-json\/wp\/v2\/categories?post=36670"},{"taxonomy":"post_tag","embeddable":true,"href":"https:\/\/nautica.news\/es\/wp-json\/wp\/v2\/tags?post=36670"}],"curies":[{"name":"wp","href":"https:\/\/api.w.org\/{rel}","templated":true}]}}