{"id":36653,"date":"2021-05-21T09:45:36","date_gmt":"2021-05-21T12:45:36","guid":{"rendered":"http:\/\/nautic.wnpower.host\/?p=36653"},"modified":"2021-05-21T09:45:36","modified_gmt":"2021-05-21T12:45:36","slug":"como-estara-el-mundo-en-2050","status":"publish","type":"post","link":"https:\/\/nautica.news\/es\/como-estara-el-mundo-en-2050\/","title":{"rendered":"C\u00f3mo estar\u00e1 el mundo en 2050?"},"content":{"rendered":"<h1 class=\"titular\">El mundo en 2050<\/h1>\n<p class=\"subtitulo\"><strong>Si no tomamos ninguna medida frente a la amenaza latente del cambio clim\u00e1tico, el ambiente estar\u00e1 tan alterado que para el a\u00f1o 2050 nuestra vida cotidiana podr\u00eda resultar sumamente perturbadora. Veamos c\u00f3mo ser\u00eda ese escenario, y otro totalmente contrapuesto.<\/strong><\/p>\n<p><strong>Necesitamos una reducci\u00f3n del 50% en la emisi\u00f3n de GEI para 2030, otro 50% para 2040, otro 50% para 2050\u201d, dice Rivett-Carnac, si logramos ese objetivo el mundo en 2050 ser\u00e1 muy diferente.<\/strong><\/p>\n<p><strong>Fuente: <a href=\"http:\/\/meteored.com.ar\/\" rel=\"noopener\">Meteored<\/a><\/strong><\/p>\n<p><strong>\u00bfC\u00f3mo se ver\u00eda la vida en el 2050, si no hacemos nada para frenar el cambio clim\u00e1tico?<\/strong><\/p>\n<p>Esa es una pregunta que intentan responder la mayor\u00eda de los cient\u00edficos especialistas en el clima. C\u00f3mo se imaginar\u00e1n las respuestas muestran escenarios futuros muy dif\u00edciles, en algunos casos hasta catastr\u00f3ficos. Sin embargo, si no se avanza en la desaceleraci\u00f3n de los gases de efecto invernadero (GEI) para mitigar el cambio clim\u00e1tico, la vida cotidiana en nuestro planeta resultar\u00e1 bastante complicada.<\/p>\n<p>Supongamos que es el a\u00f1o 2050 y no hemos hecho nada para frenar el calentamiento global, el cambio clim\u00e1tico finalmente se ha cumplido con el peor de los casos; entonces, el aire est\u00e1 contaminado y te hace toser, ten\u00e9s que comprobar la calidad del aire incluso antes de abrir una ventana. Cuando sal\u00eds a la calle te lloran los ojos, ten\u00e9s que usar una m\u00e1scara para protegerte de la contaminaci\u00f3n, incluso algunos d\u00edas el nivel es tan alto que necesitar\u00e1s una m\u00e1scara de alta tecnolog\u00eda (si pod\u00e9s pagarla, claro).<\/p>\n<blockquote class=\"twitter-tweet\" data-width=\"550\" data-dnt=\"true\">\n<p lang=\"en\" dir=\"ltr\">The <a href=\"https:\/\/twitter.com\/hashtag\/NetZero2050Roadmap?src=hash&amp;ref_src=twsrc%5Etfw\" rel=\"noopener\">#NetZero2050Roadmap<\/a> sets out pathways showing a net-zero energy sector is possible. But most <a href=\"https:\/\/twitter.com\/hashtag\/NDCs?src=hash&amp;ref_src=twsrc%5Etfw\" rel=\"noopener\">#NDCs<\/a> submitted to <a href=\"https:\/\/twitter.com\/UNFCCC?ref_src=twsrc%5Etfw\" rel=\"noopener\">@UNFCCC<\/a> feature energy-related targets, measures &amp; policies that don&#39;t match up to what science says is needed, says <a href=\"https:\/\/twitter.com\/WWF?ref_src=twsrc%5Etfw\" rel=\"noopener\">@WWF<\/a>&#39;s <a href=\"https:\/\/twitter.com\/manupulgarvidal?ref_src=twsrc%5Etfw\" rel=\"noopener\">@manupulgarvidal<\/a> <a href=\"https:\/\/t.co\/DpTrVRC8Re\">https:\/\/t.co\/DpTrVRC8Re<\/a> <a href=\"https:\/\/t.co\/PlZxhFkaup\">pic.twitter.com\/PlZxhFkaup<\/a><\/p>\n<p>&mdash; WWF Climate &amp; Energy (@climateWWF) <a href=\"https:\/\/twitter.com\/climateWWF\/status\/1394568484105904133?ref_src=twsrc%5Etfw\" rel=\"noopener\">May 18, 2021<\/a><\/p><\/blockquote>\n<p><script async src=\"https:\/\/platform.twitter.com\/widgets.js\" charset=\"utf-8\"><\/script><\/p>\n<p>Adem\u00e1s, dependiendo de d\u00f3nde vivas la temperatura puede llegar a los 60 \u00baC durante m\u00e1s de un mes al a\u00f1o. En los ba\u00f1os p\u00fablicos hay que pagar para usar el agua. Hay un costo mental por vivir en un mundo que se siente como una carrera de obst\u00e1culos peligrosa. La gente siente una desesperaci\u00f3n sin fondo, y resiente a las generaciones anteriores por su falta de acci\u00f3n.<\/p>\n<blockquote class=\"twitter-tweet\" data-width=\"550\" data-dnt=\"true\">\n<p lang=\"en\" dir=\"ltr\">The globe had the 9th warmest April in the 142-year-old record of  <a href=\"https:\/\/twitter.com\/NOAANCEIclimate?ref_src=twsrc%5Etfw\" rel=\"noopener\">@NOAANCEIclimate<\/a> <br \/>Even though it was the coolest April since 2013, it was still the 45th consecutive April and 436th month with temperatures above 20th-century average<a href=\"https:\/\/twitter.com\/hashtag\/ClimateChange?src=hash&amp;ref_src=twsrc%5Etfw\" rel=\"noopener\">#ClimateChange<\/a><br \/>\u27a1\ufe0f<a href=\"https:\/\/t.co\/ZHosqHxsl1\">https:\/\/t.co\/ZHosqHxsl1<\/a> <a href=\"https:\/\/t.co\/ZllXnhWjCe\">pic.twitter.com\/ZllXnhWjCe<\/a><\/p>\n<p>&mdash; World Meteorological Organization (@WMO) <a href=\"https:\/\/twitter.com\/WMO\/status\/1393115059644153861?ref_src=twsrc%5Etfw\" rel=\"noopener\">May 14, 2021<\/a><\/p><\/blockquote>\n<p><script async src=\"https:\/\/platform.twitter.com\/widgets.js\" charset=\"utf-8\"><\/script><\/p>\n<p>Estos y varios detalles m\u00e1s, aparecen descriptos por Karen Christiana Figueres Olsen y Thomas Charles Rivett-Carnac (dos arquitectos clave del Acuerdo de Par\u00eds), en su libro \u201cEl futuro que elegimos: la gu\u00eda del optimista obstinado para el crisis clim\u00e1tica\u201d, ellos intentar contar c\u00f3mo se ver\u00eda la vida en la Tierra si no se avanza con las medidas para mitigar los fuertes cambios que se vislumbran.<\/p>\n<p>https:\/\/twitter.com\/globaloptimism\/status\/1395030249759461379?s=21<\/p>\n<p>Christiana Figueres es antrop\u00f3loga, economista y analista costarricense, fue nombrada el 17 de mayo de 201 como secretaria ejecutiva de la Convenci\u00f3n Marco de las Naciones Unidas sobre el Cambio Clim\u00e1tico. Tom Rivett-Carnac es cabildero pol\u00edtico de la Convenci\u00f3n Marco de las Naciones Unidas sobre el Cambio Clim\u00e1tico, y autor de la pol\u00edtica de cambio clim\u00e1tico.<\/p>\n<p><b>Dos futuros diferentes<\/b><\/p>\n<p>Existe un debate entre los expertos del clima, sobre que tan terrible ser\u00eda la situaci\u00f3n para 2050, ya que algunos elementos podr\u00edan ser m\u00e1s probables que otros. Por ejemplo, Peter Smith , profesor de suelos y cambio global en la Universidad de Aberdeen, Escocia, explica que &#8220;La contaminaci\u00f3n del aire y las emisiones que causan el cambio clim\u00e1tico van de la mano, por lo que una menor acci\u00f3n sobre el cambio clim\u00e1tico significar\u00e1 una peor calidad del aire\u201d. Adem\u00e1s, indica que \u201ces discutible si se pone tan malo el aire como para que las personas tengan que usar m\u00e1scaras en 2050, y deber\u00eda ser posible proporcionar agua limpia sin acci\u00f3n clim\u00e1tica\u201d.<\/p>\n<blockquote class=\"twitter-tweet\" data-width=\"550\" data-dnt=\"true\">\n<p lang=\"es\" dir=\"ltr\">Los gases de efecto invernadero y la contaminaci\u00f3n atmosf\u00e9rica estar\u00e1n bajo los focos durante la <a href=\"https:\/\/twitter.com\/hashtag\/ClimateWeekLAC?src=hash&amp;ref_src=twsrc%5Etfw\" rel=\"noopener\">#ClimateWeekLAC<\/a>.<\/p>\n<p>\u00danete para conocer m\u00e1s sobre las herramientas de la OMM para la <a href=\"https:\/\/twitter.com\/hashtag\/Acci%C3%B3nClim%C3%A1tica?src=hash&amp;ref_src=twsrc%5Etfw\" rel=\"noopener\">#Acci\u00f3nClim\u00e1tica<\/a> y la <a href=\"https:\/\/twitter.com\/hashtag\/CalidadDelAire?src=hash&amp;ref_src=twsrc%5Etfw\" rel=\"noopener\">#CalidadDelAire<\/a> <a href=\"https:\/\/t.co\/hMKrrkbvQ8\">pic.twitter.com\/hMKrrkbvQ8<\/a><\/p>\n<p>&mdash; World Meteorological Organization (@WMO) <a href=\"https:\/\/twitter.com\/WMO\/status\/1392515159046897666?ref_src=twsrc%5Etfw\" rel=\"noopener\">May 12, 2021<\/a><\/p><\/blockquote>\n<p><script async src=\"https:\/\/platform.twitter.com\/widgets.js\" charset=\"utf-8\"><\/script><\/p>\n<p>Si bien ya estamos viendo algunos movimientos positivos para la disminuci\u00f3n de emisiones de GEI, a\u00fan estamos muy lejos del objetivo y hay mucho m\u00e1s por hacer. De todas maneras, tal situaci\u00f3n extrema propuesta por Figueres y Carnac \u201cno est\u00e1 fuera del \u00e1mbito de una posibilidad en el peor de los casos en el que nos negamos, como civilizaci\u00f3n, a tomar medidas significativas sobre el clima\u201d, dice Michael E. Mann , profesor de ciencias de la atm\u00f3sfera en Penn State y director del Penn State Earth System Science Center. \u201cSi podemos descarbonizar nuestra econom\u00eda r\u00e1pidamente hasta casi cero para mediados de siglo, podremos mantener un planeta habitable y una econom\u00eda vibrante al mismo tiempo\u201d, dice Mann.<\/p>\n<p>Para evitar este futuro oscuro, el mundo debe reducir las emisiones de gases de efecto invernadero a la mitad cada d\u00e9cada a partir de ahora, seg\u00fan Figueres y Rivett-Carnac. De hecho, &#8220;necesitamos una reducci\u00f3n del 50% en la emisi\u00f3n de GEI para 2030, otro 50% para 2040, otro 50% para 2050\u201d, dice Rivett-Carnac, si logramos ese objetivo el mundo en 2050 ser\u00e1 muy diferente.<\/p>\n<blockquote class=\"twitter-tweet\" data-width=\"550\" data-dnt=\"true\">\n<p lang=\"en\" dir=\"ltr\">These are the staggering numbers behind building a green future. <\/p>\n<p>Discover what we need to do to get there: <a href=\"https:\/\/t.co\/RHdc1nE7mV\">https:\/\/t.co\/RHdc1nE7mV<\/a> <a href=\"https:\/\/t.co\/qxbJPJ55L1\">pic.twitter.com\/qxbJPJ55L1<\/a><\/p>\n<p>&mdash; World Economic Forum (@wef) <a href=\"https:\/\/twitter.com\/wef\/status\/1395046599999385601?ref_src=twsrc%5Etfw\" rel=\"noopener\">May 19, 2021<\/a><\/p><\/blockquote>\n<p><script async src=\"https:\/\/platform.twitter.com\/widgets.js\" charset=\"utf-8\"><\/script><\/p>\n<p>En ese futuro ideal con los objetivos cumplidos, las calles de la ciudad tendr\u00e1n m\u00e1s \u00e1rboles y menos autom\u00f3viles, y los estadounidenses podr\u00e1n viajar a trav\u00e9s de ferrocarriles el\u00e9ctricos de alta velocidad, incluso el aire estar\u00e1 \u201cm\u00e1s limpio que desde antes de la Revoluci\u00f3n Industrial\u201d, escriben los autores. En lugar de combustibles f\u00f3siles, los pa\u00edses depender\u00e1n de cosas como la energ\u00eda renovable (geot\u00e9rmica, e\u00f3lica, solar, e hidr\u00e1ulica), seg\u00fan explican Figueres y Rivett-Carnac en su libro. Por otro lado la inteligencia artificial en m\u00e1quinas y electrodom\u00e9sticos los har\u00e1 m\u00e1s eficientes energ\u00e9ticamente.<\/p>\n<p><b>Futuro o utop\u00eda<\/b><\/p>\n<p>Los autores del libro describen un 2050 con cambios que cuestan imaginar, pero que muchos colegas coinciden en que podr\u00edan ser reales, no solo un sue\u00f1o o anhelo.<br \/>\nDescriben un escenario en d\u00f3nde la gente dejar\u00eda de comer carne y l\u00e1cteos, y a los ni\u00f1os peque\u00f1os les costar\u00eda creer que sol\u00edamos matar animales para alimentarnos.<\/p>\n<p>optimismo explican en su libro, que la gente comer\u00e1 productos de origen local de granjas comunitarias, en lugar de comprar en grandes tiendas de comestibles, donde todo debe enviarse a grandes distancias para llegar a las g\u00f3ndolas del supermercado.<\/p>\n<p>Claro que la dicotom\u00eda entre las versiones de 2050 de Figueres y Rivett-Carnac es cruda e impresiona, justamente ese es el punto. \u201cNuestro futuro no est\u00e1 escrito, ser\u00e1 moldeado por quienes elijamos ser ahora\u201d, dicen.<\/p>\n<p>&nbsp;<\/p>\n<p>&nbsp;<\/p>\n","protected":false},"excerpt":{"rendered":"<p>El mundo en 2050 Si no tomamos ninguna medida frente a la amenaza latente del cambio clim\u00e1tico, el ambiente estar\u00e1 tan alterado que para el a\u00f1o 2050 nuestra vida cotidiana podr\u00eda resultar sumamente perturbadora. Veamos c\u00f3mo ser\u00eda ese escenario, y otro totalmente contrapuesto. Necesitamos una reducci\u00f3n del 50% en la emisi\u00f3n de GEI para 2030, [&hellip;]<\/p>\n","protected":false},"author":1,"featured_media":36656,"comment_status":"open","ping_status":"open","sticky":false,"template":"","format":"standard","meta":{"_jetpack_memberships_contains_paid_content":false,"footnotes":""},"categories":[86,109,82],"tags":[108],"class_list":{"0":"post-36653","1":"post","2":"type-post","3":"status-publish","4":"format-standard","5":"has-post-thumbnail","7":"category-interes","8":"category-medio-ambiente","9":"category-nautica","10":"tag-medio-ambiente"},"jetpack_featured_media_url":"","jetpack_sharing_enabled":true,"jetpack-related-posts":[],"_links":{"self":[{"href":"https:\/\/nautica.news\/es\/wp-json\/wp\/v2\/posts\/36653","targetHints":{"allow":["GET"]}}],"collection":[{"href":"https:\/\/nautica.news\/es\/wp-json\/wp\/v2\/posts"}],"about":[{"href":"https:\/\/nautica.news\/es\/wp-json\/wp\/v2\/types\/post"}],"author":[{"embeddable":true,"href":"https:\/\/nautica.news\/es\/wp-json\/wp\/v2\/users\/1"}],"replies":[{"embeddable":true,"href":"https:\/\/nautica.news\/es\/wp-json\/wp\/v2\/comments?post=36653"}],"version-history":[{"count":0,"href":"https:\/\/nautica.news\/es\/wp-json\/wp\/v2\/posts\/36653\/revisions"}],"wp:featuredmedia":[{"embeddable":true,"href":"https:\/\/nautica.news\/es\/wp-json\/"}],"wp:attachment":[{"href":"https:\/\/nautica.news\/es\/wp-json\/wp\/v2\/media?parent=36653"}],"wp:term":[{"taxonomy":"category","embeddable":true,"href":"https:\/\/nautica.news\/es\/wp-json\/wp\/v2\/categories?post=36653"},{"taxonomy":"post_tag","embeddable":true,"href":"https:\/\/nautica.news\/es\/wp-json\/wp\/v2\/tags?post=36653"}],"curies":[{"name":"wp","href":"https:\/\/api.w.org\/{rel}","templated":true}]}}