{"id":36195,"date":"2021-04-30T08:25:51","date_gmt":"2021-04-30T11:25:51","guid":{"rendered":"http:\/\/nautic.wnpower.host\/?p=36195"},"modified":"2021-04-30T08:25:51","modified_gmt":"2021-04-30T11:25:51","slug":"coruna-sede-del-maeloc-campeonato-de-espana-j70","status":"publish","type":"post","link":"https:\/\/nautica.news\/es\/coruna-sede-del-maeloc-campeonato-de-espana-j70\/","title":{"rendered":"Coru\u00f1a sede del Maeloc Campeonato de Espa\u00f1a J70"},"content":{"rendered":"<p><strong>Campeonato de Espa\u00f1a J70<\/strong><\/p>\n<p>Ya es oficial, el <strong>Maeloc Campeonato de Espa\u00f1a de J70<\/strong> tendr\u00e1 lugar en aguas de la bah\u00eda herculina, con organizaci\u00f3n de <strong>Marina Coru\u00f1a y del Real Club N\u00e1utico<\/strong>, entre los d\u00edas 14 al 16 de mayo. La flota viguesa de la clase, del que es el monotipo de moda de alta competici\u00f3n a nivel internacional, fue factor decisivo para que La Coru\u00f1a fuera la elegida, en la asamblea nacional de la clase se ha apostado por involucrar a la ciudad coru\u00f1esa, pues se considera esencial, para el desarrollo de la clase a nivel nacional.<\/p>\n<p>Las mejores unidades de J70 de Espa\u00f1a y Portugal, ya han confirmado su participaci\u00f3n con sus tripulaciones de lujo.<\/p>\n<p>La \u00e9lite de la flota de J70 hispano-portuguesa, se salta sus sedes habituales: Vigo o Barcelona, para competir con todo el armamento disponible al pie de la Torre de H\u00e9rcules.<\/p>\n<p>Est\u00e1 previsto que el Nacional se inicie el viernes 14 de mayo, a las tres de la tarde, para tener en el s\u00e1bado una jornada muy larga con inicio al filo de las once y media de la ma\u00f1ana, y el domingo comenzar una hora antes, con la finalidad dejar todo visto para sentencia a las dos de la tarde y celebrar ya la jornada de clausura en las instalaciones de Marina Coru\u00f1a.<\/p>\n<p>Coincidiendo con las fechas del Maeloc Campeonato de Espa\u00f1a, se celebrar\u00e1n otros caso del de Estados Unidos en Annapolis, el de Francia o el de los pa\u00edses n\u00f3rdicos y b\u00e1lticos. El objetivo, al igual que la cita de La Coru\u00f1a, obtener la clasificaci\u00f3n para el Campeonato de Europa que se celebra en Dinamarca y el del Mundo que organiza el California Yacht Club de Estados Unidos.<\/p>\n","protected":false},"excerpt":{"rendered":"<p>Campeonato de Espa\u00f1a J70 Ya es oficial, el Maeloc Campeonato de Espa\u00f1a de J70 tendr\u00e1 lugar en aguas de la bah\u00eda herculina, con organizaci\u00f3n de Marina Coru\u00f1a y del Real Club N\u00e1utico, entre los d\u00edas 14 al 16 de mayo. La flota viguesa de la clase, del que es el monotipo de moda de alta [&hellip;]<\/p>\n","protected":false},"author":1,"featured_media":36196,"comment_status":"open","ping_status":"open","sticky":false,"template":"","format":"standard","meta":{"_jetpack_memberships_contains_paid_content":false,"footnotes":""},"categories":[1938],"tags":[203],"class_list":{"0":"post-36195","1":"post","2":"type-post","3":"status-publish","4":"format-standard","5":"has-post-thumbnail","7":"category-j70-class","8":"tag-j70"},"jetpack_featured_media_url":"","jetpack_sharing_enabled":true,"jetpack-related-posts":[],"_links":{"self":[{"href":"https:\/\/nautica.news\/es\/wp-json\/wp\/v2\/posts\/36195","targetHints":{"allow":["GET"]}}],"collection":[{"href":"https:\/\/nautica.news\/es\/wp-json\/wp\/v2\/posts"}],"about":[{"href":"https:\/\/nautica.news\/es\/wp-json\/wp\/v2\/types\/post"}],"author":[{"embeddable":true,"href":"https:\/\/nautica.news\/es\/wp-json\/wp\/v2\/users\/1"}],"replies":[{"embeddable":true,"href":"https:\/\/nautica.news\/es\/wp-json\/wp\/v2\/comments?post=36195"}],"version-history":[{"count":0,"href":"https:\/\/nautica.news\/es\/wp-json\/wp\/v2\/posts\/36195\/revisions"}],"wp:featuredmedia":[{"embeddable":true,"href":"https:\/\/nautica.news\/es\/wp-json\/"}],"wp:attachment":[{"href":"https:\/\/nautica.news\/es\/wp-json\/wp\/v2\/media?parent=36195"}],"wp:term":[{"taxonomy":"category","embeddable":true,"href":"https:\/\/nautica.news\/es\/wp-json\/wp\/v2\/categories?post=36195"},{"taxonomy":"post_tag","embeddable":true,"href":"https:\/\/nautica.news\/es\/wp-json\/wp\/v2\/tags?post=36195"}],"curies":[{"name":"wp","href":"https:\/\/api.w.org\/{rel}","templated":true}]}}